{"id":22815,"date":"2025-07-28T19:29:21","date_gmt":"2025-07-28T22:29:21","guid":{"rendered":"https:\/\/www.sportchaco.com.ar\/?p=22815"},"modified":"2025-07-28T19:29:21","modified_gmt":"2025-07-28T22:29:21","slug":"u11-exitosa-primer-experiencia-de-chaco-en-el-pentagonal-internacional","status":"publish","type":"post","link":"https:\/\/www.sportchaco.com.ar\/?p=22815","title":{"rendered":"U11: Exitosa primer experiencia de Chaco en el \u201cPentagonal Internacional\u201d"},"content":{"rendered":"<h1 class=\"story-title entry-title\">28-07-2025<\/h1>\n<div id=\"right-content\" class=\"relative\">\n<div id=\"content-area\" class=\"left relative\">\n<div id=\"feat-img-reg\" class=\"relative\"><\/div>\n<div id=\"left-content-mobi\">\n<div class=\"author-info-mob-wrap\"><\/div>\n<\/div>\n<div id=\"tps_slideContainer_28021\" class=\"theiaPostSlider_slides\">\n<div>\n<p>\u00a0<strong>El seleccionado de Corrientes que venci\u00f3 al combinado chaque\u00f1o en la final se consagr\u00f3 campe\u00f3n del torneo Internacional U11. Tambi\u00e9n jugaron Formosa, Entre R\u00edos y Colonias Unidas (Paraguay).<\/strong><\/p>\n<p>&nbsp;<\/p>\n<p>El certamen fue desde el 24 al 27 en Esquina (Corrientes). Adem\u00e1s del chaque\u00f1o y el anfitri\u00f3n Corrientes, estar\u00e1n los elencos de Formosa, Entre R\u00edos y Provincias Unidas (Paraguay). Gran expectativa por este certamen pr\u00f3ximo a iniciarse.<\/p>\n<p>El plantel estuvo conformado por: Gabriel Oleszczuk (Italiana de Charata), Juan Franco Gallovich (Social de Las Bre\u00f1as), Emanuel Blanco (Cooperativa de Charata), Mateo Bessone (Social de Las Bre\u00f1as), Ezequiel Mor\u00e1les (Caupolic\u00e1n de Quitilipi), Dylan R\u00edos (Hind\u00fa de Resistencia), Jahir Ru\u00edz (Juventud de Resistencia), Genaro Toloza (Regatas de Resistencia), Benjam\u00edn Salto (Villa San Mart\u00edn de Resistencia), Tob\u00edas Ben\u00edtez (Villa San Mart\u00edn de Resistencia), Franco Silvestri (Villa San Mart\u00edn de Resistencia), Martina Casta\u00f1o (Regatas de Resistencia), Marino Alarc\u00f3n (Regatas de Resistencia), Ramiro Mor\u00e1les (Villa San Mart\u00edn de Resistencia) y Santiago Yurchenchen (Villa San Mart\u00edn de Resistencia). ENTRENADORES: Nicol\u00e1s Sim\u00f3n y Carlos Banegas. KINESI\u00d3LOGA: Natalia Recio. JEFE DE EQUIPO: Facundo Kucseva.<\/p>\n<p>Con respecto a los resultados, el combinado selectivo de Chaco, culmin\u00f3 en la 2\u00ba posici\u00f3n, no pudiendo ante el anfitri\u00f3n Corrientes. El camino del combinado chaque\u00f1o fue el siguiente:<\/p>\n<p>_ Victoria ante el anfitri\u00f3n Corrientes por 95 a 92 (1\u00ba juego)<\/p>\n<p>_ Derrota ante Colonias Unidas (Paraguay) por 80 a 82<\/p>\n<p>_ Victoria ante Formosa por 40 a 0 y se dej\u00f3 de marcar el tanteador.<\/p>\n<p>_ Derrota ante Corrientes por 71 a 79 (final)<\/p>\n<figure class=\"wp-block-image size-large\"><a href=\"https:\/\/baskettotal.com.ar\/wp-content\/uploads\/2025\/07\/3-1.jpg\"><img loading=\"lazy\" decoding=\"async\" class=\"lazy wp-image-28022 lazy-loaded\" src=\"https:\/\/baskettotal.com.ar\/wp-content\/uploads\/2025\/07\/3-1-1024x461.jpg\" sizes=\"auto, (max-width: 1024px) 100vw, 1024px\" srcset=\"https:\/\/baskettotal.com.ar\/wp-content\/uploads\/2025\/07\/3-1-1024x461.jpg 1024w, https:\/\/baskettotal.com.ar\/wp-content\/uploads\/2025\/07\/3-1-300x135.jpg 300w, https:\/\/baskettotal.com.ar\/wp-content\/uploads\/2025\/07\/3-1-768x346.jpg 768w, https:\/\/baskettotal.com.ar\/wp-content\/uploads\/2025\/07\/3-1.jpg 1040w\" alt=\"\" width=\"1024\" height=\"461\" data-lazy-type=\"image\" data-lazy-src=\"https:\/\/baskettotal.com.ar\/wp-content\/uploads\/2025\/07\/3-1-1024x461.jpg\" data-lazy-srcset=\"https:\/\/baskettotal.com.ar\/wp-content\/uploads\/2025\/07\/3-1-1024x461.jpg 1024w, https:\/\/baskettotal.com.ar\/wp-content\/uploads\/2025\/07\/3-1-300x135.jpg 300w, https:\/\/baskettotal.com.ar\/wp-content\/uploads\/2025\/07\/3-1-768x346.jpg 768w, https:\/\/baskettotal.com.ar\/wp-content\/uploads\/2025\/07\/3-1.jpg 1040w\" data-lazy-sizes=\"(max-width: 1024px) 100vw, 1024px\" \/><\/a><\/figure>\n<p><strong>\u201cOjal\u00e1 esto sea el puntapi\u00e9 para grandes cosas\u201d<\/strong><\/p>\n<p>\u201cLa experiencia fue positiva para todos, creo que todos los chicos que pudieron participar, se llevaron mucho aprendizaje y ganas de seguir trabajando; el objetivo para nosotros estuvo m\u00e1s que cumplido\u201d, remarcando el entrenador de la selecci\u00f3n de Chaco Carlos Banegas que \u201chay muchos chicos en el Chaco con mucho talento y ojal\u00e1 podamos m\u00e1s adelante volver a reunirnos y seguir trabajando\u201d.<\/p>\n<p>\u201cOjal\u00e1 esto sea el puntapi\u00e9 para grandes cosas y con la esperanza de trabajar para ellos, creando escenarios de aprendizaje y ense\u00f1anza\u201d, finalizando Banegas, \u201cac\u00e1 lo importante no es la competencia, son el entorno y los escenarios que nosotros como entrenadores y dirigentes podemos brindarle a ellos para seguir desarroll\u00e1ndose\u201d.<\/p>\n<p>Fuente: Santiago Waissmann \/ Basket Total<\/p>\n<\/div>\n<\/div>\n<\/div>\n<\/div>\n","protected":false},"excerpt":{"rendered":"<p>28-07-2025 \u00a0El seleccionado de Corrientes que venci\u00f3 al combinado chaque\u00f1o en la final se consagr\u00f3 campe\u00f3n del torneo Internacional U11. Tambi\u00e9n jugaron Formosa, Entre R\u00edos y Colonias Unidas (Paraguay). &nbsp; El certamen fue desde el 24 al 27 en Esquina (Corrientes). Adem\u00e1s del chaque\u00f1o y el anfitri\u00f3n Corrientes, estar\u00e1n los elencos de Formosa, Entre R\u00edos &hellip;<\/p>\n","protected":false},"author":2,"featured_media":22816,"comment_status":"open","ping_status":"open","sticky":false,"template":"","format":"standard","meta":{"footnotes":""},"categories":[3],"tags":[],"class_list":["post-22815","post","type-post","status-publish","format-standard","has-post-thumbnail","hentry","category-basquetbol"],"_links":{"self":[{"href":"https:\/\/www.sportchaco.com.ar\/index.php?rest_route=\/wp\/v2\/posts\/22815","targetHints":{"allow":["GET"]}}],"collection":[{"href":"https:\/\/www.sportchaco.com.ar\/index.php?rest_route=\/wp\/v2\/posts"}],"about":[{"href":"https:\/\/www.sportchaco.com.ar\/index.php?rest_route=\/wp\/v2\/types\/post"}],"author":[{"embeddable":true,"href":"https:\/\/www.sportchaco.com.ar\/index.php?rest_route=\/wp\/v2\/users\/2"}],"replies":[{"embeddable":true,"href":"https:\/\/www.sportchaco.com.ar\/index.php?rest_route=%2Fwp%2Fv2%2Fcomments&post=22815"}],"version-history":[{"count":1,"href":"https:\/\/www.sportchaco.com.ar\/index.php?rest_route=\/wp\/v2\/posts\/22815\/revisions"}],"predecessor-version":[{"id":22817,"href":"https:\/\/www.sportchaco.com.ar\/index.php?rest_route=\/wp\/v2\/posts\/22815\/revisions\/22817"}],"wp:featuredmedia":[{"embeddable":true,"href":"https:\/\/www.sportchaco.com.ar\/index.php?rest_route=\/wp\/v2\/media\/22816"}],"wp:attachment":[{"href":"https:\/\/www.sportchaco.com.ar\/index.php?rest_route=%2Fwp%2Fv2%2Fmedia&parent=22815"}],"wp:term":[{"taxonomy":"category","embeddable":true,"href":"https:\/\/www.sportchaco.com.ar\/index.php?rest_route=%2Fwp%2Fv2%2Fcategories&post=22815"},{"taxonomy":"post_tag","embeddable":true,"href":"https:\/\/www.sportchaco.com.ar\/index.php?rest_route=%2Fwp%2Fv2%2Ftags&post=22815"}],"curies":[{"name":"wp","href":"https:\/\/api.w.org\/{rel}","templated":true}]}}