{"id":22819,"date":"2025-07-28T19:38:49","date_gmt":"2025-07-28T22:38:49","guid":{"rendered":"https:\/\/www.sportchaco.com.ar\/?p=22819"},"modified":"2025-07-28T19:39:15","modified_gmt":"2025-07-28T22:39:15","slug":"22819","status":"publish","type":"post","link":"https:\/\/www.sportchaco.com.ar\/?p=22819","title":{"rendered":"Finalmente falleci\u00f3 Locomotora Oliveras"},"content":{"rendered":"<header class=\"article-header-wrapper\">\n<div class=\"article-header\">\n<h4 id=\"murio-alejandra-&quot;locomotora&quot;-oliveras-a-los-47-anos\" class=\"display-block article-headline text_align_left\">28-07-2025<\/h4>\n<h4 class=\"display-block article-headline text_align_left\">Muri\u00f3 Alejandra \u201cLocomotora\u201d Oliveras a los 47 a\u00f1os. La boxeadora fue un s\u00edmbolo de la disciplina en la rama femenina y dej\u00f3 un legado imborrable. Estaba internada en grave estado tras sufrir un ACV isqu\u00e9mico<\/h4>\n<div class=\"display_flex align_items_center flex_row byline\">\n<div class=\"display_flex byline-image-ctn\">\n<div class=\"author-image-header\">\n<div class=\"\"><picture><source srcset=\"https:\/\/www.infobae.com\/resizer\/v2\/https%3A%2F%2Fauthor-service-images-prod-us-east-1.publishing.aws.arc.pub%2Finfobae%2F173cc761-a9a2-4f4b-82b8-ea1047ea7e55.jpg?auth=0514e4391a19e402ad17255bb1b23d8890dacafb2cfc3421c4225b96efd6c39d&amp;smart=true&amp;width=40&amp;height=40&amp;quality=85\" media=\"(min-width: 80px)\" \/><img loading=\"lazy\" decoding=\"async\" class=\"global-image byline-author-image\" src=\"https:\/\/www.infobae.com\/resizer\/v2\/https%3A%2F%2Fauthor-service-images-prod-us-east-1.publishing.aws.arc.pub%2Finfobae%2F173cc761-a9a2-4f4b-82b8-ea1047ea7e55.jpg?auth=0514e4391a19e402ad17255bb1b23d8890dacafb2cfc3421c4225b96efd6c39d&amp;smart=true&amp;width=40&amp;height=40&amp;quality=85\" alt=\"Salom\u00f3n Pineda\" width=\"1\" height=\"1\" \/><\/picture><\/div>\n<\/div>\n<\/div>\n<p class=\"display_flex authors-name-txt-ctn\"><span style=\"color: #000000;\">Fuente: <a class=\"author-name\" style=\"color: #000000;\" href=\"https:\/\/www.infobae.com\/autor\/federico-salomon-pineda\/\" aria-label=\"Salom\u00f3n Pineda\">Salom\u00f3n Pineda &#8211; Infobae<\/a><\/span><\/p>\n<\/div>\n<\/div>\n<\/header>\n<article class=\"article\">\n<div class=\"sharebar-container display_flex\">\n<div class=\"sharebar-buttons-container display_flex\">\n<div class=\"sharebar-buttons button-save\" tabindex=\"0\" role=\"button\" aria-label=\"Guardar\"><\/div>\n<p><button class=\"sharemenu-buttons display_flex\" aria-label=\"Compartir en Telegram\">\u00a0<\/button><\/p>\n<\/div>\n<\/div>\n<div class=\"body-article \">\n<div class=\"visual__image\"><picture><source srcset=\"https:\/\/www.infobae.com\/resizer\/v2\/6GALU744TZE5VKQCCEDONCHA7I.jpg?auth=37df70ec9d8ec698d3928e04b79e439afeece5ca88ca1388fbc669e740334401&amp;smart=true&amp;width=992&amp;height=661&amp;quality=85\" media=\"(min-width: 1000px)\" \/><source srcset=\"https:\/\/www.infobae.com\/resizer\/v2\/6GALU744TZE5VKQCCEDONCHA7I.jpg?auth=37df70ec9d8ec698d3928e04b79e439afeece5ca88ca1388fbc669e740334401&amp;smart=true&amp;width=768&amp;height=512&amp;quality=85\" media=\"(min-width: 768px)\" \/><source srcset=\"https:\/\/www.infobae.com\/resizer\/v2\/6GALU744TZE5VKQCCEDONCHA7I.jpg?auth=37df70ec9d8ec698d3928e04b79e439afeece5ca88ca1388fbc669e740334401&amp;smart=true&amp;width=577&amp;height=385&amp;quality=85\" media=\"(min-width: 580px)\" \/><source srcset=\"https:\/\/www.infobae.com\/resizer\/v2\/6GALU744TZE5VKQCCEDONCHA7I.jpg?auth=37df70ec9d8ec698d3928e04b79e439afeece5ca88ca1388fbc669e740334401&amp;smart=true&amp;width=420&amp;height=280&amp;quality=85\" media=\"(min-width: 350px)\" \/><source srcset=\"https:\/\/www.infobae.com\/resizer\/v2\/6GALU744TZE5VKQCCEDONCHA7I.jpg?auth=37df70ec9d8ec698d3928e04b79e439afeece5ca88ca1388fbc669e740334401&amp;smart=true&amp;width=350&amp;height=233&amp;quality=85\" media=\"(min-width: 80px)\" \/><img loading=\"lazy\" decoding=\"async\" class=\"global-image\" src=\"https:\/\/www.infobae.com\/resizer\/v2\/6GALU744TZE5VKQCCEDONCHA7I.jpg?auth=37df70ec9d8ec698d3928e04b79e439afeece5ca88ca1388fbc669e740334401&amp;smart=true&amp;width=350&amp;height=233&amp;quality=85\" alt=\"Estuvo internada varios d\u00edas en\" width=\"1920\" height=\"1280\" \/><\/picture>Estuvo internada varios d\u00edas en un hospital de Santa Fe<\/div>\n<p class=\"paragraph\"><b>Alejandra Marina\u00a0<\/b><i><b>Locomotora<\/b><\/i><b>\u00a0Oliveras<\/b>\u00a0muri\u00f3 este lunes a los 47 a\u00f1os.<b>\u00a0<\/b>La ex boxeadora, que estaba internada en estado delicado desde el lunes 14 de julio tras sufrir un\u00a0<b>accidente cerebrovascular (ACV)<\/b>\u00a0<b>isqu\u00e9mico falleci\u00f3 a las 16 Hospital Jos\u00e9 Mar\u00eda Cullen, de la ciudad de Santa Fe<\/b>, seg\u00fan pudo confirmar\u00a0<b>Infobae.<\/b><\/p>\n<p class=\"paragraph\">El \u00faltimo parte m\u00e9dico<b>\u00a0<\/b>de quien fuera una de las mejores boxeadoras argentinas hab\u00eda consignado que continuaba estable, pero que su estado era \u201creservado\u201d. \u201cMantiene per\u00edodos de\u00a0<b>respuesta motora y apertura ocular<\/b>, tanto espont\u00e1nea como a la orden, como los d\u00edas previos. Debido a esta estabilidad, se contin\u00faa con el\u00a0<b>proceso de desvinculaci\u00f3n de la asistencia respiratoria mec\u00e1nica<\/b>, con per\u00edodos m\u00e1s prolongados de respiraci\u00f3n espont\u00e1nea\u201d. El viernes pasado, los m\u00e9dicos le hab\u00edan practicado una traqueotom\u00eda y hab\u00edan consignado \u201calgunos signos de respuesta motora\u201d. Sin embargo, en las \u00faltimas horas su salud se agrav\u00f3.<\/p>\n<div class=\"visual__image\"><picture><source srcset=\"https:\/\/www.infobae.com\/resizer\/v2\/N4BFYA6DW5DH3FYN3I3HKRSQME.jpg?auth=b82512c1c49a025162b82aba3c0c3cc3c948e879367646e822445420966e18ef&amp;smart=true&amp;width=992&amp;height=558&amp;quality=85\" media=\"(min-width: 1000px)\" \/><source srcset=\"https:\/\/www.infobae.com\/resizer\/v2\/N4BFYA6DW5DH3FYN3I3HKRSQME.jpg?auth=b82512c1c49a025162b82aba3c0c3cc3c948e879367646e822445420966e18ef&amp;smart=true&amp;width=768&amp;height=432&amp;quality=85\" media=\"(min-width: 768px)\" \/><source srcset=\"https:\/\/www.infobae.com\/resizer\/v2\/N4BFYA6DW5DH3FYN3I3HKRSQME.jpg?auth=b82512c1c49a025162b82aba3c0c3cc3c948e879367646e822445420966e18ef&amp;smart=true&amp;width=577&amp;height=325&amp;quality=85\" media=\"(min-width: 580px)\" \/><source srcset=\"https:\/\/www.infobae.com\/resizer\/v2\/N4BFYA6DW5DH3FYN3I3HKRSQME.jpg?auth=b82512c1c49a025162b82aba3c0c3cc3c948e879367646e822445420966e18ef&amp;smart=true&amp;width=420&amp;height=236&amp;quality=85\" media=\"(min-width: 350px)\" \/><source srcset=\"https:\/\/www.infobae.com\/resizer\/v2\/N4BFYA6DW5DH3FYN3I3HKRSQME.jpg?auth=b82512c1c49a025162b82aba3c0c3cc3c948e879367646e822445420966e18ef&amp;smart=true&amp;width=350&amp;height=197&amp;quality=85\" media=\"(min-width: 80px)\" \/><img loading=\"lazy\" decoding=\"async\" class=\"global-image\" src=\"https:\/\/www.infobae.com\/resizer\/v2\/N4BFYA6DW5DH3FYN3I3HKRSQME.jpg?auth=b82512c1c49a025162b82aba3c0c3cc3c948e879367646e822445420966e18ef&amp;smart=true&amp;width=350&amp;height=197&amp;quality=85\" alt=\"Oliveras ten\u00eda 47 a\u00f1os (Foto\" width=\"1920\" height=\"1080\" \/><\/picture>Oliveras ten\u00eda 47 a\u00f1os (Foto Gustavo Gavotti)<\/div>\n<p class=\"paragraph\">A lo largo de su carrera, la peleadora juje\u00f1a tuvo un total de 38 combates, en los que registr\u00f3 33 victorias, 16 de ellas por nocaut, sumado a tres derrotas y dos empates, seg\u00fan detall\u00f3 el portal especializado\u00a0<i>Box Rec<\/i>. Su primera ca\u00edda fue en el\u00a0<i>Luna Park<\/i>\u00a0contra su compatriota,\u00a0<b>Marcela<\/b><i><b>\u00a0La Tigresa<\/b><\/i><b>\u00a0Acu\u00f1a<\/b>, quien le sac\u00f3 el t\u00edtulo del Consejo Mundial de Boxeo (<b>CMB<\/b>) en 2008 por la categor\u00eda\u00a0<i>Supergallo<\/i>\u00a0en un combate envuelto en pol\u00e9mica:<\/p>\n<div class=\"visual__image\"><picture><source srcset=\"https:\/\/www.infobae.com\/resizer\/v2\/LRQZKYLGS5DZFF2EYL5PJX4NC4.jfif?auth=4e972928500a030254eb581178d224ba4f811bd3f0f222c6dc309a3dbd11664f&amp;smart=true&amp;width=992&amp;height=558&amp;quality=85\" media=\"(min-width: 1000px)\" \/><source srcset=\"https:\/\/www.infobae.com\/resizer\/v2\/LRQZKYLGS5DZFF2EYL5PJX4NC4.jfif?auth=4e972928500a030254eb581178d224ba4f811bd3f0f222c6dc309a3dbd11664f&amp;smart=true&amp;width=768&amp;height=432&amp;quality=85\" media=\"(min-width: 768px)\" \/><source srcset=\"https:\/\/www.infobae.com\/resizer\/v2\/LRQZKYLGS5DZFF2EYL5PJX4NC4.jfif?auth=4e972928500a030254eb581178d224ba4f811bd3f0f222c6dc309a3dbd11664f&amp;smart=true&amp;width=577&amp;height=325&amp;quality=85\" media=\"(min-width: 580px)\" \/><source srcset=\"https:\/\/www.infobae.com\/resizer\/v2\/LRQZKYLGS5DZFF2EYL5PJX4NC4.jfif?auth=4e972928500a030254eb581178d224ba4f811bd3f0f222c6dc309a3dbd11664f&amp;smart=true&amp;width=420&amp;height=236&amp;quality=85\" media=\"(min-width: 350px)\" \/><source srcset=\"https:\/\/www.infobae.com\/resizer\/v2\/LRQZKYLGS5DZFF2EYL5PJX4NC4.jfif?auth=4e972928500a030254eb581178d224ba4f811bd3f0f222c6dc309a3dbd11664f&amp;smart=true&amp;width=350&amp;height=197&amp;quality=85\" media=\"(min-width: 80px)\" \/><img loading=\"lazy\" decoding=\"async\" class=\"global-image\" src=\"https:\/\/www.infobae.com\/resizer\/v2\/LRQZKYLGS5DZFF2EYL5PJX4NC4.jfif?auth=4e972928500a030254eb581178d224ba4f811bd3f0f222c6dc309a3dbd11664f&amp;smart=true&amp;width=350&amp;height=197&amp;quality=85\" alt=\"Oliveras junto a la Tigresa\" width=\"1920\" height=\"1080\" \/><\/picture>Oliveras junto a la Tigresa Acu\u00f1a (Foto NA, Walter Papasodro)<\/div>\n<div><\/div>\n<p class=\"paragraph\">En su juventud, la\u00a0<i>Locomotora<\/i>\u00a0fue v\u00edctima de violencia de g\u00e9nero por parte de su -en ese entonces- pareja, pero un hecho marc\u00f3 su vida para siempre: \u201cCuando le peg\u00f3 a nuestro hijo, le dije: \u2018Basta asesino, criminal\u2019. Me golpe\u00f3 fuerte. Y yo dije: \u2018Esta es la \u00faltima vez, me voy a defender\u2019. Me empec\u00e9 a entrenar, pero es psicol\u00f3gico el tema. Es el miedo que no te deja actuar, que te paraliza. Y yo enfrent\u00e9 mi miedo y me defend\u00ed\u201d. Este momento, sus condiciones de vida y su idolatr\u00eda por\u00a0<b>Mike Tyson<\/b>\u00a0la empujaron a dedicarse profesionalmente al boxeo: \u201c<b>Lo eleg\u00ed porque no ten\u00eda otra, no ten\u00eda ni para comer. No pod\u00eda estudiar y quer\u00eda estudiar. Mi sue\u00f1o era ser abogada, bailarina, cantante, karateca y astronauta, eso dec\u00eda que iba a ser a los 12 a\u00f1os. Yo quer\u00eda hacer cinco profesiones y por supuesto no pod\u00eda, porque la universidad me quedaba a 100 kil\u00f3metros<\/b>\u201d. Fue entrenada por el m\u00edtico\u00a0<b>Am\u00edlcar Brusa<\/b>, quien integra el Sal\u00f3n de la Fama del Boxeo Mundial.<\/p>\n<div class=\"jwplayer-ctn\">\n<div>\n<div id=\"B4TCYD5OG5FZPBY23MTFO4FLKI-custom_embed12\" class=\"jwplayer jw-reset jw-state-idle jw-stretch-uniform jw-flag-aspect-mode jw-floating-dismissible jw-keep-thumbnail jw-flag-user-inactive jw-breakpoint-4\" tabindex=\"0\" role=\"application\" aria-label=\"Video Player - Locomotora en Random - Su infancia\" aria-describedby=\"jw-B4TCYD5OG5FZPBY23MTFO4FLKI-custom_embed12-shortcuts-tooltip-explanation\">\n<div class=\"jw-wrapper jw-reset\">\n<div class=\"jw-media jw-reset\"><\/div>\n<div class=\"jw-controls jw-reset\">\n<div class=\"jw-display jw-reset\">\n<div class=\"jw-display-container jw-reset\">\n<div class=\"jw-display-controls jw-reset\">\n<div class=\"jw-display-icon-container jw-display-icon-display jw-reset\">\n<div class=\"jw-icon jw-icon-display jw-button-color jw-reset\" tabindex=\"0\" role=\"button\" aria-label=\"Reproducir\"><\/div>\n<\/div>\n<\/div>\n<\/div>\n<\/div>\n<\/div>\n<\/div>\n<\/div>\n<\/div>\n<p><strong>Locomotora en Random &#8211; Su infancia<\/strong><\/p>\n<\/div>\n<p class=\"paragraph\">Esas experiencias forjaron un \u00e1nimo indestructible, y la llevaron a dar charlas sobre su vida y mensajes motivacionales a sus seguidores en redes sociales, donde los invitaba a \u201cluchar por sus sue\u00f1os\u201d. Muchas personas comenzaron a pedirle su opini\u00f3n para resolver sus problemas:\u00a0<b>\u201cMe piden consejos y a todos se los doy desde el coraz\u00f3n\u201d<\/b>. Eso la llev\u00f3 a inscribirse en la carrera de psicolog\u00eda brindada por la Universidad de Mor\u00f3n para adoptar herramientas profesionales sobre el asesoramiento a cada persona en este \u00e1mbito.\u00a0<b>\u201cA m\u00ed me hubiese encantado que me digan \u2018vos pod\u00e9s\u2019. Esto que soy hoy se da porque primero me tuve que motivar a m\u00ed\u201d<\/b>, se sincer\u00f3.<\/p>\n<p class=\"paragraph\">Seg\u00fan hab\u00eda contado en un reportaje con\u00a0<b>Infobae<\/b>\u00a0en 2024, Alejandra Oliveras revel\u00f3 que har\u00eda teatro en 2025 luego de ser contratada por Pardo Producciones e incluso adelant\u00f3 que pondr\u00edan un ring en el escenario. \u201cNo puedo decir nada m\u00e1s\u201d, desliz\u00f3 en aquella oportunidad.<\/p>\n<p class=\"paragraph\">Por otro lado, la mujer se\u00f1al\u00f3 cu\u00e1l era el mayor anhelo de su vida: \u201c<b>Sue\u00f1o con hacer mi pel\u00edcula<\/b>,\u00a0<b>la historia de mi vida<\/b>. Quiero a trav\u00e9s de mi historia ayudar a much\u00edsimas personas que creen que la vida es una mierda o que la vida es para sufrir. Te puede tocar lo peor, pero de vos depende como actuar frente a ello. Y por eso quiero hacer la pel\u00edcula&#8230; para ayudar al mundo\u201d.<\/p>\n<div class=\"jwplayer-ctn\">\n<div>\n<div id=\"HLVHHHYAMNGOPN5N6QYIHH3N2A-custom_embed16\" class=\"jwplayer jw-reset jw-state-idle jw-stretch-uniform jw-flag-aspect-mode jw-floating-dismissible jw-keep-thumbnail jw-flag-user-inactive jw-breakpoint-4\" tabindex=\"0\" role=\"application\" aria-label=\"Video Player - Locomotora Oliveras en Random - &quot;Cuando mi pareja le peg\u00f3 a mi hijo, ah\u00ed dije basta&quot;\" aria-describedby=\"jw-HLVHHHYAMNGOPN5N6QYIHH3N2A-custom_embed16-shortcuts-tooltip-explanation\">\n<div class=\"jw-wrapper jw-reset\">\n<div class=\"jw-media jw-reset\"><\/div>\n<div class=\"jw-preview jw-reset\">\n<div class=\"jw-video-thumbnail-generated jw-video-thumbnail-container\"><\/div>\n<\/div>\n<div class=\"jw-controls jw-reset\">\n<div class=\"jw-display jw-reset\">\n<div class=\"jw-display-container jw-reset\">\n<div class=\"jw-display-controls jw-reset\">\n<div class=\"jw-display-icon-container jw-display-icon-display jw-reset\">\n<div class=\"jw-icon jw-icon-display jw-button-color jw-reset\" tabindex=\"0\" role=\"button\" aria-label=\"Reproducir\"><\/div>\n<\/div>\n<\/div>\n<\/div>\n<\/div>\n<\/div>\n<\/div>\n<\/div>\n<\/div>\n<p><strong>Locomotora:\u00bbCuando mi pareja le peg\u00f3 a mi hijo, ah\u00ed dije basta\u00bb<\/strong><\/p>\n<\/div>\n<p class=\"paragraph\">Era hija de Luis y Lola, ten\u00eda siete hermanos y era madre de Alejandro y Alexis, quienes se adaptaron a los tiempos agitados del deporte, seg\u00fan relat\u00f3 la protagonista en una entrevista con\u00a0<i>Caras<\/i>: \u201c<b>Hice lo que pude. No hay universidad para mam\u00e1 o pap\u00e1. Los cri\u00e9 sola con mucho esfuerzo<\/b>. No he estado en fiestas de egreso y cumplea\u00f1os porque me tocaba estar concentrada o peleaba, pero sab\u00edan que yo lo hac\u00eda so\u00f1ando con un futuro mejor. No estuve presente como hubiese querido pero, si no hubiera sido as\u00ed, estar\u00edamos en la miseria\u201d.<\/p>\n<p class=\"paragraph\">\n<\/div>\n<\/article>\n","protected":false},"excerpt":{"rendered":"<p>28-07-2025 Muri\u00f3 Alejandra \u201cLocomotora\u201d Oliveras a los 47 a\u00f1os. La boxeadora fue un s\u00edmbolo de la disciplina en la rama femenina y dej\u00f3 un legado imborrable. Estaba internada en grave estado tras sufrir un ACV isqu\u00e9mico Fuente: Salom\u00f3n Pineda &#8211; Infobae \u00a0 Estuvo internada varios d\u00edas en un hospital de Santa Fe Alejandra Marina\u00a0Locomotora\u00a0Oliveras\u00a0muri\u00f3 este &hellip;<\/p>\n","protected":false},"author":2,"featured_media":22820,"comment_status":"open","ping_status":"open","sticky":false,"template":"","format":"standard","meta":{"footnotes":""},"categories":[57],"tags":[],"class_list":["post-22819","post","type-post","status-publish","format-standard","has-post-thumbnail","hentry","category-boxeo"],"_links":{"self":[{"href":"https:\/\/www.sportchaco.com.ar\/index.php?rest_route=\/wp\/v2\/posts\/22819","targetHints":{"allow":["GET"]}}],"collection":[{"href":"https:\/\/www.sportchaco.com.ar\/index.php?rest_route=\/wp\/v2\/posts"}],"about":[{"href":"https:\/\/www.sportchaco.com.ar\/index.php?rest_route=\/wp\/v2\/types\/post"}],"author":[{"embeddable":true,"href":"https:\/\/www.sportchaco.com.ar\/index.php?rest_route=\/wp\/v2\/users\/2"}],"replies":[{"embeddable":true,"href":"https:\/\/www.sportchaco.com.ar\/index.php?rest_route=%2Fwp%2Fv2%2Fcomments&post=22819"}],"version-history":[{"count":2,"href":"https:\/\/www.sportchaco.com.ar\/index.php?rest_route=\/wp\/v2\/posts\/22819\/revisions"}],"predecessor-version":[{"id":22822,"href":"https:\/\/www.sportchaco.com.ar\/index.php?rest_route=\/wp\/v2\/posts\/22819\/revisions\/22822"}],"wp:featuredmedia":[{"embeddable":true,"href":"https:\/\/www.sportchaco.com.ar\/index.php?rest_route=\/wp\/v2\/media\/22820"}],"wp:attachment":[{"href":"https:\/\/www.sportchaco.com.ar\/index.php?rest_route=%2Fwp%2Fv2%2Fmedia&parent=22819"}],"wp:term":[{"taxonomy":"category","embeddable":true,"href":"https:\/\/www.sportchaco.com.ar\/index.php?rest_route=%2Fwp%2Fv2%2Fcategories&post=22819"},{"taxonomy":"post_tag","embeddable":true,"href":"https:\/\/www.sportchaco.com.ar\/index.php?rest_route=%2Fwp%2Fv2%2Ftags&post=22819"}],"curies":[{"name":"wp","href":"https:\/\/api.w.org\/{rel}","templated":true}]}}