{"id":22832,"date":"2025-07-28T20:31:04","date_gmt":"2025-07-28T23:31:04","guid":{"rendered":"https:\/\/www.sportchaco.com.ar\/?p=22832"},"modified":"2025-07-28T20:32:46","modified_gmt":"2025-07-28T23:32:46","slug":"conradi-y-rolfi-se-suman-a-independiente-de-oliva","status":"publish","type":"post","link":"https:\/\/www.sportchaco.com.ar\/?p=22832","title":{"rendered":"Conradi y Rolfi se suman a Independiente de Oliva"},"content":{"rendered":"<header>\n<h4>Los chaque\u00f1os Francisco Conradi y Fortunato Rolfi, son nuevo refuerzo de Independiente. El equipo de Oliva cerr\u00f3 el base y contin\u00faa con la conformaci\u00f3n de su equipo. El chaque\u00f1o llega procedente de Ober\u00e1 tras su paso por San Lorenzo.<\/h4>\n<div class=\"separator\"><\/div>\n<\/header>\n<div class=\"col-md-8\">\n<p><img decoding=\"async\" class=\"img-responsive\" src=\"https:\/\/www.laliganacional.com.ar\/uploadsfotos\/independiente1_sn.jpg\" alt=\"\" \/>De cara a la pr\u00f3xima temporada de Liga Nacional, Mart\u00edn Gonz\u00e1lez contin\u00faa formando su plantel y, en este caso, consigui\u00f3 un director. Francisco Conrradi, de \u00faltimo paso por Ober\u00e1 Tenis Club, se muda a Oliva para ser parte de Independiente.<\/p>\n<p>Francisco, base de 1,91, naci\u00f3 en Hermoso Campo, Chaco, hace 21 a\u00f1os, y es la tercera incorporaci\u00f3n (se suma a Caffaro y Rolfi) de Independiente que, contando las renovaciones (Tabarez, Barrionuevo, Marcucci, Pautasso, Filippetti, y Vallejos) ya completa 9 fichas de su platel.<\/p>\n<p>Cabe destacar, que el base chaque\u00f1o disput\u00f3 un par de torneos formativos y ya debut\u00f3 en la Selecci\u00f3n Mayor.<\/p>\n<div class=\"tdc-header-wrap \">\n<div class=\"td-header-wrap tdm-header tdm-header-style-1 \">\n<div class=\"td-header-menu-wrap-full td-container-wrap td_stretch_container\">\n<div class=\"td-header-menu-wrap td-header-gradient td-header-menu-no-search\">\n<div class=\"td-container td-header-row td-header-main-menu\">\n<div id=\"td-header-menu\" role=\"navigation\">\n<p>&nbsp;<\/p>\n<\/div>\n<\/div>\n<\/div>\n<\/div>\n<div class=\"td-banner-wrap-full td-container-wrap td_stretch_content\">\n<div class=\"td-container-header td-header-row td-header-header\">\n<h1 class=\"entry-title\">Fortunato Rolfi se suma a Independiente de Oliva<\/h1>\n<\/div>\n<\/div>\n<\/div>\n<\/div>\n<article id=\"post-194166\" class=\"td-post-template-6 post-194166 post type-post status-publish format-standard has-post-thumbnail category-liga-nacional category-notas tag-fortunato-rolfi tag-independiente-de-oliva tag-temporada-2025-26 td-container-wrap\">\n<div class=\"td-full-screen-header-image-wrap\">\n<div id=\"td-full-screen-header-image\" class=\"td-image-gradient-style6\">\n<div class=\"td_marker_animation\"><\/div>\n<p><img decoding=\"async\" class=\"td-backstretch td-stretch-height td-animation-stack-type0-2\" src=\"https:\/\/www.unocontraunoweb.com\/wp-content\/uploads\/2025\/07\/independiente2_o9.jpg\" \/><\/p>\n<\/div>\n<div class=\"td-container td-post-header\">\n<div class=\"td-post-header-holder\">\n<header class=\"td-post-title\">\n<h1 class=\"entry-title\"><\/h1>\n<p class=\"td-post-sub-title\">El escolta de 24 a\u00f1os llega tras pasar los \u00faltimos dos a\u00f1os junto a Quimsa.<\/p>\n<div class=\"td-module-meta-info\"><\/div>\n<\/header>\n<\/div>\n<\/div>\n<\/div>\n<div class=\"td-container\">\n<div class=\"td-pb-row\">\n<div class=\"td-pb-span12 td-main-content\" role=\"main\">\n<div class=\"td-ss-main-content\">\n<div class=\"td-post-content tagdiv-type\">\n<p>Independiente de Oliva sigue a paso firme en el mercado de la Liga Nacional para la pr\u00f3xima temporada. Este viernes se confirm\u00f3 el arribo de Fortunato Rolfi, quien pas\u00f3 la \u00faltima campa\u00f1a junto a Quimsa. El escolta de 24 a\u00f1os fue la segunda alta del equipo de Mart\u00edn Gonz\u00e1lez.<\/p>\n<p>Rolfi viene de hacer una gran labor en Quimsa. All\u00ed pas\u00f3 las \u00faltimas dos temporadas e integr\u00f3 el plantel campe\u00f3n de la Basketball Champions League Am\u00e9ricas 2023-24. La \u00faltima campa\u00f1a tuvo un rol menor con 11 minutos de promedio entre los que mantuvo medias de 3,2 puntos, 1,1 rebotes y 1,4 asistencias. Lo m\u00e1s destacado lleg\u00f3 en defensa con 25 robos, una media de 0,7 por juego.<\/p>\n<p>El oriundo de Resistencia, Chaco, integrar\u00e1 un plantel que ya tiene confirmados a Agust\u00edn C\u00e1ffaro, Felipe Barrionuevo y Patricio Tabarez.<\/p>\n<p><strong>Foto:\u00a0<\/strong>Prensa Independiente.<\/p>\n<\/div>\n<\/div>\n<\/div>\n<\/div>\n<\/div>\n<\/article>\n<p>&nbsp;<\/p>\n<p>&nbsp;<\/p>\n<\/div>\n","protected":false},"excerpt":{"rendered":"<p>Los chaque\u00f1os Francisco Conradi y Fortunato Rolfi, son nuevo refuerzo de Independiente. El equipo de Oliva cerr\u00f3 el base y contin\u00faa con la conformaci\u00f3n de su equipo. El chaque\u00f1o llega procedente de Ober\u00e1 tras su paso por San Lorenzo. De cara a la pr\u00f3xima temporada de Liga Nacional, Mart\u00edn Gonz\u00e1lez contin\u00faa formando su plantel y, &hellip;<\/p>\n","protected":false},"author":2,"featured_media":22833,"comment_status":"open","ping_status":"open","sticky":false,"template":"","format":"standard","meta":{"footnotes":""},"categories":[3],"tags":[],"class_list":["post-22832","post","type-post","status-publish","format-standard","has-post-thumbnail","hentry","category-basquetbol"],"_links":{"self":[{"href":"https:\/\/www.sportchaco.com.ar\/index.php?rest_route=\/wp\/v2\/posts\/22832","targetHints":{"allow":["GET"]}}],"collection":[{"href":"https:\/\/www.sportchaco.com.ar\/index.php?rest_route=\/wp\/v2\/posts"}],"about":[{"href":"https:\/\/www.sportchaco.com.ar\/index.php?rest_route=\/wp\/v2\/types\/post"}],"author":[{"embeddable":true,"href":"https:\/\/www.sportchaco.com.ar\/index.php?rest_route=\/wp\/v2\/users\/2"}],"replies":[{"embeddable":true,"href":"https:\/\/www.sportchaco.com.ar\/index.php?rest_route=%2Fwp%2Fv2%2Fcomments&post=22832"}],"version-history":[{"count":3,"href":"https:\/\/www.sportchaco.com.ar\/index.php?rest_route=\/wp\/v2\/posts\/22832\/revisions"}],"predecessor-version":[{"id":22836,"href":"https:\/\/www.sportchaco.com.ar\/index.php?rest_route=\/wp\/v2\/posts\/22832\/revisions\/22836"}],"wp:featuredmedia":[{"embeddable":true,"href":"https:\/\/www.sportchaco.com.ar\/index.php?rest_route=\/wp\/v2\/media\/22833"}],"wp:attachment":[{"href":"https:\/\/www.sportchaco.com.ar\/index.php?rest_route=%2Fwp%2Fv2%2Fmedia&parent=22832"}],"wp:term":[{"taxonomy":"category","embeddable":true,"href":"https:\/\/www.sportchaco.com.ar\/index.php?rest_route=%2Fwp%2Fv2%2Fcategories&post=22832"},{"taxonomy":"post_tag","embeddable":true,"href":"https:\/\/www.sportchaco.com.ar\/index.php?rest_route=%2Fwp%2Fv2%2Ftags&post=22832"}],"curies":[{"name":"wp","href":"https:\/\/api.w.org\/{rel}","templated":true}]}}