{"id":22851,"date":"2025-07-29T23:02:57","date_gmt":"2025-07-30T02:02:57","guid":{"rendered":"https:\/\/www.sportchaco.com.ar\/?p=22851"},"modified":"2025-07-29T23:04:47","modified_gmt":"2025-07-30T02:04:47","slug":"efemerides-del-30-de-julio-2","status":"publish","type":"post","link":"https:\/\/www.sportchaco.com.ar\/?p=22851","title":{"rendered":"Efem\u00e9rides del 30 de julio"},"content":{"rendered":"<div class=\"container fullwidth-entry-title-wrapper\">\n<div class=\"container-wrapper fullwidth-entry-title\">\n<header class=\"entry-header-outer\">\n<div class=\"entry-header\">\n<div class=\"single-post-meta post-meta clearfix\"><\/div>\n<\/div>\n<\/header>\n<\/div>\n<\/div>\n<div id=\"content\" class=\"site-content container\">\n<div id=\"main-content-row\" class=\"tie-row main-content-row\">\n<div class=\"main-content tie-col-md-8 tie-col-xs-12\" role=\"main\">\n<article id=\"the-post\" class=\"container-wrapper post-content tie-standard\">\n<div class=\"featured-area\">\n<div class=\"featured-area-inner\"><\/div>\n<\/div>\n<div class=\"entry-content entry clearfix\">\n<p><strong>Esta es la Efem\u00e9rides del Deporte en el Chaco de un 30 de julio periodista Luis Dar\u00edo Molodezky.<\/strong><\/p>\n<p>&nbsp;<\/p>\n<p>&nbsp;<\/p>\n<p><img loading=\"lazy\" decoding=\"async\" class=\"alignnone size-full wp-image-22799 aligncenter\" src=\"https:\/\/www.sportchaco.com.ar\/wp-content\/uploads\/2025\/07\/Luis-2025-marzo-3-2-e1749824875302-300x217-8.jpg\" alt=\"\" width=\"300\" height=\"217\" \/><\/p>\n<p><strong>1948 \/\u00a0<\/strong>Nace en Santiago del Estero Oscar \u00c1ngel Palavecino, destac\u00e1ndose como jugador y entrenador. Arranc\u00f3 en el f\u00fatbol grande en For Ever\u00a0 en 1973 y se retir\u00f3 en Uni\u00f3n de Pinedo en 1984. Jug\u00f3 en Independiente Rivadavia de Mendoza, Rosario Central, Platense, Liga Universitaria de Quito. Fue un entrenador ganador, logrando el ascenso a primera divisi\u00f3n con For Ever en 1989, ganando el Nacional B. Falleci\u00f3 el 8 de agosto de 2020 en Charata.<\/p>\n<p><strong>1955\u00a0<\/strong>\/ Se funda el Club Deportivo y Cultural El Dorado.<\/p>\n<p><strong>1967 \/<\/strong>\u00a0Se disputa un encuentro trascendental para la historia de Chaco For Ever. Aquel domingo debutaba en el primer torneo Regional, que agrupaba a los campeones de cada provincia de esta zona. Fue victoria por 1\/0 en Misiones ante Guaran\u00ed A. Franco con gol de Porfirio C\u00e1ceres de penal a los 15 minutos del segundo periodo, el \u00e1rbitro fue el chaque\u00f1o Domingo Br\u00edtez. Esa tarde inolvidable para el futbol chaque\u00f1o, el Negro presento a: Villanueva, Cassiet, Sandoval, O. Pyzizeck, Leme, Rotger, J. Cubillas, Villagra, Non\u00edn L\u00f3pez, S. Fern\u00e1ndez, C\u00e1ceres. AS.: Ferrari. DT: H\u00e9ctor Gamarra.<\/p>\n<p><strong>1983\u00a0<\/strong>\/ Cune derrot\u00f3 a Sixty 24 a 3, y se consagra campe\u00f3n del torneo oficial de la URNE. Para el campe\u00f3n jugaron Panelli, Marpeg\u00e1n, Hortt, Stegmayer, Mart\u00edn, Biancalani, Arbino, Rocatagliatta, Veirav\u00e9, Carri\u00f3, Braslavsky, Rivero y L\u00f3pez. DT: Armando Frangioli.<\/p>\n<p><strong>1984\u00a0<\/strong>\/ Carlos Gabriel Salazar, quien viaj\u00f3 a los Juegos Ol\u00edmpicos de Los \u00c1ngeles mediante una colecta realizada por el pueblo S\u00e1enzpe\u00f1ense, no pudo combatir, ya que no pudo dar el peso de 48 Kg. l\u00edmite de la categor\u00eda minimosca. Otra versi\u00f3n indicaba que no combati\u00f3 por estar enfermo.<\/p>\n<p><strong>2007\u00a0<\/strong>\/ El joven atleta Juan Mart\u00edn Casco se consagra ganador de la categor\u00eda Menores Nivel, durante el Torneo Nacional de Clubes de gimnasia art\u00edstica realizado en el CENARD. Casco represent\u00f3 al Gimnastic, que logr\u00f3 tambi\u00e9n la primera ubicaci\u00f3n por equipos.<\/p>\n<p><strong>2023 \/<\/strong>\u00a0Fallece en Resistencia Ricardo Roberto \u00abTancho\u00bb Romero a los 78 a\u00f1os, de recordado paso por distintas instituciones de la Liga Chaque\u00f1a y tambi\u00e9n de Corrientes, por su entrega total. Se inici\u00f3 en Villa Alvear y tuvo pasos por Fontana, Independiente Tirol Don Orione, Sarmiento y For Ever equipo del que era hincha. Tambi\u00e9n jug\u00f3 para Mandiy\u00fa de Corrientes.\u00a0 Form\u00f3 parte del proceso de la Liga Chaque\u00f1a campe\u00f3n argentino 1968 en la Copa Presidente y Adri\u00e1n Beccar Varela. Pese a su escasa altura para el puesto, fue un implacable zaguero central, aunque jugaba en otros puestos.\u00a0 Tras su retiro como futbolista fue puntal como dirigente en la Asociaci\u00f3n de Veteranos.<\/p>\n<p><img loading=\"lazy\" decoding=\"async\" class=\"alignnone size-medium wp-image-22858\" src=\"https:\/\/www.sportchaco.com.ar\/wp-content\/uploads\/2025\/07\/tancho-8-300x293.jpg\" alt=\"\" width=\"300\" height=\"293\" srcset=\"https:\/\/www.sportchaco.com.ar\/wp-content\/uploads\/2025\/07\/tancho-8-300x293.jpg 300w, https:\/\/www.sportchaco.com.ar\/wp-content\/uploads\/2025\/07\/tancho-8-768x749.jpg 768w, https:\/\/www.sportchaco.com.ar\/wp-content\/uploads\/2025\/07\/tancho-8.jpg 823w\" sizes=\"auto, (max-width: 300px) 100vw, 300px\" \/><\/p>\n<p><strong>Tancho Romero al centro arriba, con Carlos Ben\u00edtez y M\u00e1ntaras a su lado. Abajo Ram\u00f3n Garc\u00eda, Miguel Meza y Eduardo Maglioni.<\/strong><\/p>\n<\/div>\n<\/article>\n<\/div>\n<\/div>\n<\/div>\n","protected":false},"excerpt":{"rendered":"<p>Esta es la Efem\u00e9rides del Deporte en el Chaco de un 30 de julio periodista Luis Dar\u00edo Molodezky. &nbsp; &nbsp; 1948 \/\u00a0Nace en Santiago del Estero Oscar \u00c1ngel Palavecino, destac\u00e1ndose como jugador y entrenador. Arranc\u00f3 en el f\u00fatbol grande en For Ever\u00a0 en 1973 y se retir\u00f3 en Uni\u00f3n de Pinedo en 1984. Jug\u00f3 en &hellip;<\/p>\n","protected":false},"author":2,"featured_media":22854,"comment_status":"open","ping_status":"open","sticky":false,"template":"","format":"standard","meta":{"footnotes":""},"categories":[45,37],"tags":[],"class_list":["post-22851","post","type-post","status-publish","format-standard","has-post-thumbnail","hentry","category-efemerides-dia-por-dia","category-julio"],"_links":{"self":[{"href":"https:\/\/www.sportchaco.com.ar\/index.php?rest_route=\/wp\/v2\/posts\/22851","targetHints":{"allow":["GET"]}}],"collection":[{"href":"https:\/\/www.sportchaco.com.ar\/index.php?rest_route=\/wp\/v2\/posts"}],"about":[{"href":"https:\/\/www.sportchaco.com.ar\/index.php?rest_route=\/wp\/v2\/types\/post"}],"author":[{"embeddable":true,"href":"https:\/\/www.sportchaco.com.ar\/index.php?rest_route=\/wp\/v2\/users\/2"}],"replies":[{"embeddable":true,"href":"https:\/\/www.sportchaco.com.ar\/index.php?rest_route=%2Fwp%2Fv2%2Fcomments&post=22851"}],"version-history":[{"count":6,"href":"https:\/\/www.sportchaco.com.ar\/index.php?rest_route=\/wp\/v2\/posts\/22851\/revisions"}],"predecessor-version":[{"id":22861,"href":"https:\/\/www.sportchaco.com.ar\/index.php?rest_route=\/wp\/v2\/posts\/22851\/revisions\/22861"}],"wp:featuredmedia":[{"embeddable":true,"href":"https:\/\/www.sportchaco.com.ar\/index.php?rest_route=\/wp\/v2\/media\/22854"}],"wp:attachment":[{"href":"https:\/\/www.sportchaco.com.ar\/index.php?rest_route=%2Fwp%2Fv2%2Fmedia&parent=22851"}],"wp:term":[{"taxonomy":"category","embeddable":true,"href":"https:\/\/www.sportchaco.com.ar\/index.php?rest_route=%2Fwp%2Fv2%2Fcategories&post=22851"},{"taxonomy":"post_tag","embeddable":true,"href":"https:\/\/www.sportchaco.com.ar\/index.php?rest_route=%2Fwp%2Fv2%2Ftags&post=22851"}],"curies":[{"name":"wp","href":"https:\/\/api.w.org\/{rel}","templated":true}]}}