{"id":22862,"date":"2025-07-29T12:03:28","date_gmt":"2025-07-29T15:03:28","guid":{"rendered":"https:\/\/www.sportchaco.com.ar\/?p=22862"},"modified":"2025-07-29T12:03:28","modified_gmt":"2025-07-29T15:03:28","slug":"se-viene-la-tercera-edicion-de-el-dia-del-nino-forevista","status":"publish","type":"post","link":"https:\/\/www.sportchaco.com.ar\/?p=22862","title":{"rendered":"Se viene la tercera edici\u00f3n de \u00abel d\u00eda del ni\u00f1o forevista\u00bb"},"content":{"rendered":"<p><strong>29-07-2025<\/strong><\/p>\n<p><img loading=\"lazy\" decoding=\"async\" class=\"aligncenter size-large wp-image-20099\" src=\"https:\/\/www.sportchaco.com.ar\/wp-content\/uploads\/2025\/06\/728x90-1024x127.gif\" alt=\"\" width=\"1024\" height=\"127\" srcset=\"https:\/\/www.sportchaco.com.ar\/wp-content\/uploads\/2025\/06\/728x90-1024x127.gif 1024w, https:\/\/www.sportchaco.com.ar\/wp-content\/uploads\/2025\/06\/728x90-300x37.gif 300w, https:\/\/www.sportchaco.com.ar\/wp-content\/uploads\/2025\/06\/728x90-768x95.gif 768w, https:\/\/www.sportchaco.com.ar\/wp-content\/uploads\/2025\/06\/728x90-1536x190.gif 1536w, https:\/\/www.sportchaco.com.ar\/wp-content\/uploads\/2025\/06\/728x90-2048x254.gif 2048w\" sizes=\"auto, (max-width: 1024px) 100vw, 1024px\" \/><\/p>\n<p>El pr\u00f3ximo 10 de agosto, en las inmediaciones del Club Chaco For Ever y en la previa del partido frente a Gimnasia de Mendoza, se celebrar\u00e1 una nueva edici\u00f3n del agasajo a las infancias, una jornada especial promovida y organizada por el colectivo ForEver+Social.<\/p>\n<p>Con gran entusiasmo y compromiso, desde ForEver+Social invitamos a toda la comunidad forevista a ser parte de esta iniciativa que tiene como objetivo fortalecer el v\u00ednculo de las futuras generaciones con el amor por nuestro club.<\/p>\n<p>Este evento, que se realiza de forma autogestionada desde el a\u00f1o 2023, nace del esfuerzo conjunto de un grupo de hinchas que, con el coraz\u00f3n puesto en su club, trabajan a\u00f1o tras a\u00f1o para brindar a los ni\u00f1os y ni\u00f1as forevistas una jornada cargada de juegos, alegr\u00eda y convivencia.<\/p>\n<p>Cabe destacar que todo lo que se materializa en este evento es posible gracias a la solidaridad de los propios simpatizantes. Por ello, este a\u00f1o renovamos el llamado a colaborar con golosinas, juguetes, globos y todo aquello que contribuya a hacer de esta tercera edici\u00f3n una verdadera fiesta infantil.<\/p>\n<p>Quienes deseen sumarse pueden seguir nuestras novedades en Instagram a trav\u00e9s de @ForEver+Social, o comunicarse al 3624-054828 y 3624-380810.<\/p>\n<p><img loading=\"lazy\" decoding=\"async\" class=\"aligncenter wp-image-21076 size-full\" src=\"https:\/\/www.sportchaco.com.ar\/wp-content\/uploads\/2025\/06\/Campo-250x250-05-1.gif\" alt=\"\" width=\"521\" height=\"521\" \/><\/p>\n","protected":false},"excerpt":{"rendered":"<p>29-07-2025 El pr\u00f3ximo 10 de agosto, en las inmediaciones del Club Chaco For Ever y en la previa del partido frente a Gimnasia de Mendoza, se celebrar\u00e1 una nueva edici\u00f3n del agasajo a las infancias, una jornada especial promovida y organizada por el colectivo ForEver+Social. Con gran entusiasmo y compromiso, desde ForEver+Social invitamos a toda &hellip;<\/p>\n","protected":false},"author":3,"featured_media":22866,"comment_status":"open","ping_status":"open","sticky":false,"template":"","format":"standard","meta":{"footnotes":""},"categories":[44],"tags":[],"class_list":["post-22862","post","type-post","status-publish","format-standard","has-post-thumbnail","hentry","category-varios"],"_links":{"self":[{"href":"https:\/\/www.sportchaco.com.ar\/index.php?rest_route=\/wp\/v2\/posts\/22862","targetHints":{"allow":["GET"]}}],"collection":[{"href":"https:\/\/www.sportchaco.com.ar\/index.php?rest_route=\/wp\/v2\/posts"}],"about":[{"href":"https:\/\/www.sportchaco.com.ar\/index.php?rest_route=\/wp\/v2\/types\/post"}],"author":[{"embeddable":true,"href":"https:\/\/www.sportchaco.com.ar\/index.php?rest_route=\/wp\/v2\/users\/3"}],"replies":[{"embeddable":true,"href":"https:\/\/www.sportchaco.com.ar\/index.php?rest_route=%2Fwp%2Fv2%2Fcomments&post=22862"}],"version-history":[{"count":1,"href":"https:\/\/www.sportchaco.com.ar\/index.php?rest_route=\/wp\/v2\/posts\/22862\/revisions"}],"predecessor-version":[{"id":22863,"href":"https:\/\/www.sportchaco.com.ar\/index.php?rest_route=\/wp\/v2\/posts\/22862\/revisions\/22863"}],"wp:featuredmedia":[{"embeddable":true,"href":"https:\/\/www.sportchaco.com.ar\/index.php?rest_route=\/wp\/v2\/media\/22866"}],"wp:attachment":[{"href":"https:\/\/www.sportchaco.com.ar\/index.php?rest_route=%2Fwp%2Fv2%2Fmedia&parent=22862"}],"wp:term":[{"taxonomy":"category","embeddable":true,"href":"https:\/\/www.sportchaco.com.ar\/index.php?rest_route=%2Fwp%2Fv2%2Fcategories&post=22862"},{"taxonomy":"post_tag","embeddable":true,"href":"https:\/\/www.sportchaco.com.ar\/index.php?rest_route=%2Fwp%2Fv2%2Ftags&post=22862"}],"curies":[{"name":"wp","href":"https:\/\/api.w.org\/{rel}","templated":true}]}}