{"id":22897,"date":"2025-07-30T17:44:54","date_gmt":"2025-07-30T20:44:54","guid":{"rendered":"https:\/\/www.sportchaco.com.ar\/?p=22897"},"modified":"2025-07-30T19:02:30","modified_gmt":"2025-07-30T22:02:30","slug":"liga-argentina-villa-san-martin-comenzo-a-mover-las-fichasntinuan-vieta-y-martin","status":"publish","type":"post","link":"https:\/\/www.sportchaco.com.ar\/?p=22897","title":{"rendered":"Liga Argentina: Villa San Mart\u00edn comenz\u00f3 a mover las fichas; contin\u00faan Vieta y Mart\u00edn"},"content":{"rendered":"<h1 class=\"story-title entry-title\">30-07-2025<\/h1>\n<div id=\"right-content\" class=\"relative\">\n<div id=\"content-area\" class=\"left relative\">\n<div id=\"feat-img-reg\" class=\"relative\"><\/div>\n<div id=\"left-content-mobi\">\n<div class=\"author-info-mob-wrap\"><\/div>\n<\/div>\n<div id=\"tps_slideContainer_28044\" class=\"theiaPostSlider_slides\">\n<p><strong>Desde la Asociaci\u00f3n de Clubes (AdC) informaron que la temporada 25\/ 26 estar\u00eda arrancando a principios de noviembre. Asimismo, el cuerpo t\u00e9cnico en gran parte ya se encuentra casi confirmado en su totalidad. Con el correr de los d\u00edas habr\u00e1n m\u00e1s novedades.<\/strong><\/p>\n<p>&nbsp;<\/p>\n<p>De\u00a0 cara a la temporada 2025\/ 2026 de la Liga Argentina de B\u00e1squet, Villa San Mart\u00edn, \u00fanico representante chaque\u00f1o en esta categor\u00eda, comenz\u00f3 a dar sus primeros movimientos dentro del mercado de pases, sum\u00e1ndose fichas, otras contin\u00faan y hasta el momento vuelve otra. Asimismo, el cuerpo t\u00e9cnico en gran parte ya se encuentra casi confirmado, siendo Eduardo Japez el entrenador principal, a Hugo Camisasca como primer asistente e Imanol Escobar como preparador f\u00edsico. Con el correr de los d\u00edas habr\u00e1n m\u00e1s novedades.<\/p>\n<p>En este marco, la dirigencia del \u00abTricolor Chaque\u00f1o\u00bb confirm\u00f3 la llegada de el base Facundo Gago y el regreso del alero Lautaro Florito. Adem\u00e1s confirm\u00f3 la continuidad de Favio Vieta y Maximiliano Mart\u00edn.<\/p>\n<p><strong>\u00abSe est\u00e1 armando un buen equipo\u00bb<\/strong><\/p>\n<p>Con respecto a los fichajes nuevos, el base Facundo Gago <strong>(FOTO PORTADA),<\/strong> quien viene de jugar en Salta B\u00e1sket en la \u00faltima temporada, expres\u00f3 sus primeras palabras tras la confirmaci\u00f3n en la instituci\u00f3n chaque\u00f1a. \u00abEsperemos que sea una buena temporada, que se llegue lo m\u00e1s lejos posible; se est\u00e1 armando un buen equipo\u00bb, afirm\u00f3 el jugador oriundo de la provincia de Buenos Aires (Berazategui), de 29 a\u00f1os, mide 1, 75 y se desempe\u00f1a en la posici\u00f3n de base.<\/p>\n<p><img decoding=\"async\" class=\" lazyloaded\" src=\"https:\/\/baskettotal.com.ar\/wp-content\/uploads\/2025\/07\/Facundo-Gago-819x600.jpg\" data-src=\"https:\/\/baskettotal.com.ar\/wp-content\/uploads\/2025\/07\/Facundo-Gago-819x600.jpg\" \/><\/p>\n<p><strong>\u00abEstoy muy feliz\u00bb<\/strong><\/p>\n<p>Un jugador que se suma a al equipo que est\u00e1 en pleno proceso de armado es Lautaro Florito, quien ya visti\u00f3 los colores de Villa San Mart\u00edn en la temporada 2018\/ 2019 y en la \u00faltima temporada defendi\u00f3 la casaca de Jujuy B\u00e1sket. \u00abEstoy muy contento de volver al club, desde el momento que me enter\u00e9 que estaban interesados en m\u00ed, me puse muy feliz porque mi objetivo era competir en un club que da pelea\u201d, destac\u00f3 Florito, 24 a\u00f1os de edad, juega en la posici\u00f3n de escolta, mide 1,89 metros y cuenta con experiencia en la Liga Federal y la Liga Argentina. Su \u00faltimo club fue Jujuy B\u00e1sket. Es oriundo de Villa Mercedes (San Luis).<\/p>\n<p>\u201cVilla San Mart\u00edn en los \u00faltimos a\u00f1os siempre fue animador de la Norte; estoy muy\u00a0 ilusionado de que todo salga bien\u201d, concluy\u00f3 Florito.<\/p>\n<p>&nbsp;<\/p>\n<p><strong>\u00abMe toca en un buen momento en mi carrera\u00bb<\/strong><\/p>\n<p>Otra de las apuestas que Villa San Mart\u00edn vuelve a confiar y apostar, es por el base y muchas veces escolta y tambi\u00e9n alero, FavioVieta, quien con esta temporada ser\u00e1 la 5\u00ba que lleva en el club de su ciudad, Villa San Mart\u00edn. \u00abInicio este nuevo camino con las mejores, contento de seguir y renovar en el club, donde me toca en un buen momento en mi carrera; siento que ya tengo m\u00e1s experiencia y personalidad a la hora de asumir el rol en el equipo\u00bb.<\/p>\n<p>Favio Vieta tiene 29 a\u00f1os (12 de enero), mide 1, 87 metros, se desempe\u00f1a en la posici\u00f3n de base \u2013 escolta\u00a0 y con esta nueva temporada ser\u00e1 la 5\u00ba en Villa San Mart\u00edn. \u00abSiendo jugador de la ciudad, bajar\u00e9 l\u00ednea para que llegue el sentido de pertenencia a todo el equipo; ojal\u00e1 que se arme un buen grupo, sobre todo el humano y que el pueblo Tricolor pueda ser el 6\u00ba hombre que siempre necesitamos, ya que es fundamental la local\u00eda en la Liga Argentina\u00bb, remarc\u00f3.<\/p>\n<figure class=\"wp-block-image size-full\"><a href=\"https:\/\/baskettotal.com.ar\/wp-content\/uploads\/2025\/07\/Favio-Vieta.jpg\"><img loading=\"lazy\" decoding=\"async\" class=\"lazy wp-image-28046 lazy-loaded\" src=\"https:\/\/baskettotal.com.ar\/wp-content\/uploads\/2025\/07\/Favio-Vieta.jpg\" sizes=\"auto, (max-width: 520px) 100vw, 520px\" srcset=\"https:\/\/baskettotal.com.ar\/wp-content\/uploads\/2025\/07\/Favio-Vieta.jpg 520w, https:\/\/baskettotal.com.ar\/wp-content\/uploads\/2025\/07\/Favio-Vieta-200x300.jpg 200w\" alt=\"\" width=\"520\" height=\"780\" data-lazy-type=\"image\" data-lazy-src=\"https:\/\/baskettotal.com.ar\/wp-content\/uploads\/2025\/07\/Favio-Vieta.jpg\" data-lazy-srcset=\"https:\/\/baskettotal.com.ar\/wp-content\/uploads\/2025\/07\/Favio-Vieta.jpg 520w, https:\/\/baskettotal.com.ar\/wp-content\/uploads\/2025\/07\/Favio-Vieta-200x300.jpg 200w\" data-lazy-sizes=\"(max-width: 520px) 100vw, 520px\" \/><\/a><figcaption class=\"wp-element-caption\">FOTO: Soledad Mordacini (Villa San Mart\u00edn)<\/figcaption><\/figure>\n<p>&nbsp;<\/p>\n<p><strong>\u00abSe renueva una temporada m\u00e1s y los desaf\u00edos tambi\u00e9n\u00bb<\/strong><\/p>\n<p>Y otra de las apuestas que contin\u00faa en la instituci\u00f3n chaque\u00f1a es Maximiliano Mart\u00edn, afirmando que \u00abse renueva una temporada m\u00e1s y los desaf\u00edos tambi\u00e9n, hay un entrenador nuevo como Eduardo Japez, cosas distintas en el club y hay que estar preparados para las ideas que traiga\u00bb, remarcando el alero que defender\u00e1 los colores de Villa San Mart\u00edn por 3\u00ba temporada consecutiva \u00abojal\u00e1 podamos tener una pretemporada buena, esperemos que se arme un buen equipo; estoy muy contento, el club siempre me trat\u00f3 bien, continuar un a\u00f1o m\u00e1s y esperemos que los resultados y la gente nos acompa\u00f1e como lo viene haciendo y sin dudas los vamos a necesitar\u00bb, concluy\u00f3 el alero de 35 a\u00f1os, que mide 1,90 metros y es oriundo de la provincia de La Pampa.<\/p>\n<figure class=\"wp-block-image size-full\"><a href=\"https:\/\/baskettotal.com.ar\/wp-content\/uploads\/2025\/07\/Maxi-Martin.jpg\"><img loading=\"lazy\" decoding=\"async\" class=\"lazy wp-image-28047 lazy-loaded\" src=\"https:\/\/baskettotal.com.ar\/wp-content\/uploads\/2025\/07\/Maxi-Martin.jpg\" sizes=\"auto, (max-width: 730px) 100vw, 730px\" srcset=\"https:\/\/baskettotal.com.ar\/wp-content\/uploads\/2025\/07\/Maxi-Martin.jpg 730w, https:\/\/baskettotal.com.ar\/wp-content\/uploads\/2025\/07\/Maxi-Martin-300x248.jpg 300w\" alt=\"\" width=\"730\" height=\"604\" data-lazy-type=\"image\" data-lazy-src=\"https:\/\/baskettotal.com.ar\/wp-content\/uploads\/2025\/07\/Maxi-Martin.jpg\" data-lazy-srcset=\"https:\/\/baskettotal.com.ar\/wp-content\/uploads\/2025\/07\/Maxi-Martin.jpg 730w, https:\/\/baskettotal.com.ar\/wp-content\/uploads\/2025\/07\/Maxi-Martin-300x248.jpg 300w\" data-lazy-sizes=\"(max-width: 730px) 100vw, 730px\" \/><\/a><figcaption class=\"wp-element-caption\"><strong>FOTO: Soledad Mordacini (Villa San Mart\u00edn)<\/strong><br \/>\n<strong>(Por Santiago Waissmann \/ Basket Total)\u00a0<\/strong><\/figcaption><\/figure>\n<\/div>\n<\/div>\n<\/div>\n","protected":false},"excerpt":{"rendered":"<p>30-07-2025 Desde la Asociaci\u00f3n de Clubes (AdC) informaron que la temporada 25\/ 26 estar\u00eda arrancando a principios de noviembre. Asimismo, el cuerpo t\u00e9cnico en gran parte ya se encuentra casi confirmado en su totalidad. Con el correr de los d\u00edas habr\u00e1n m\u00e1s novedades. &nbsp; De\u00a0 cara a la temporada 2025\/ 2026 de la Liga Argentina &hellip;<\/p>\n","protected":false},"author":2,"featured_media":22899,"comment_status":"open","ping_status":"open","sticky":false,"template":"","format":"standard","meta":{"footnotes":""},"categories":[3],"tags":[],"class_list":["post-22897","post","type-post","status-publish","format-standard","has-post-thumbnail","hentry","category-basquetbol"],"_links":{"self":[{"href":"https:\/\/www.sportchaco.com.ar\/index.php?rest_route=\/wp\/v2\/posts\/22897","targetHints":{"allow":["GET"]}}],"collection":[{"href":"https:\/\/www.sportchaco.com.ar\/index.php?rest_route=\/wp\/v2\/posts"}],"about":[{"href":"https:\/\/www.sportchaco.com.ar\/index.php?rest_route=\/wp\/v2\/types\/post"}],"author":[{"embeddable":true,"href":"https:\/\/www.sportchaco.com.ar\/index.php?rest_route=\/wp\/v2\/users\/2"}],"replies":[{"embeddable":true,"href":"https:\/\/www.sportchaco.com.ar\/index.php?rest_route=%2Fwp%2Fv2%2Fcomments&post=22897"}],"version-history":[{"count":3,"href":"https:\/\/www.sportchaco.com.ar\/index.php?rest_route=\/wp\/v2\/posts\/22897\/revisions"}],"predecessor-version":[{"id":22920,"href":"https:\/\/www.sportchaco.com.ar\/index.php?rest_route=\/wp\/v2\/posts\/22897\/revisions\/22920"}],"wp:featuredmedia":[{"embeddable":true,"href":"https:\/\/www.sportchaco.com.ar\/index.php?rest_route=\/wp\/v2\/media\/22899"}],"wp:attachment":[{"href":"https:\/\/www.sportchaco.com.ar\/index.php?rest_route=%2Fwp%2Fv2%2Fmedia&parent=22897"}],"wp:term":[{"taxonomy":"category","embeddable":true,"href":"https:\/\/www.sportchaco.com.ar\/index.php?rest_route=%2Fwp%2Fv2%2Fcategories&post=22897"},{"taxonomy":"post_tag","embeddable":true,"href":"https:\/\/www.sportchaco.com.ar\/index.php?rest_route=%2Fwp%2Fv2%2Ftags&post=22897"}],"curies":[{"name":"wp","href":"https:\/\/api.w.org\/{rel}","templated":true}]}}