{"id":22901,"date":"2025-07-30T17:50:58","date_gmt":"2025-07-30T20:50:58","guid":{"rendered":"https:\/\/www.sportchaco.com.ar\/?p=22901"},"modified":"2025-07-31T14:18:50","modified_gmt":"2025-07-31T17:18:50","slug":"don-bosco-pone-toda-la-carne-en-el-asador","status":"publish","type":"post","link":"https:\/\/www.sportchaco.com.ar\/?p=22901","title":{"rendered":"Don Bosco pone toda la carne en el asador"},"content":{"rendered":"<p class=\"story-title entry-title\"><strong>30-07-2025<\/strong><\/p>\n<p><img loading=\"lazy\" decoding=\"async\" class=\"aligncenter size-large wp-image-19472\" src=\"https:\/\/www.sportchaco.com.ar\/wp-content\/uploads\/2025\/05\/Red-de-empeleos-1200x200-1-1024x171.gif\" alt=\"\" width=\"1024\" height=\"171\" srcset=\"https:\/\/www.sportchaco.com.ar\/wp-content\/uploads\/2025\/05\/Red-de-empeleos-1200x200-1-1024x171.gif 1024w, https:\/\/www.sportchaco.com.ar\/wp-content\/uploads\/2025\/05\/Red-de-empeleos-1200x200-1-300x50.gif 300w, https:\/\/www.sportchaco.com.ar\/wp-content\/uploads\/2025\/05\/Red-de-empeleos-1200x200-1-768x128.gif 768w, https:\/\/www.sportchaco.com.ar\/wp-content\/uploads\/2025\/05\/Red-de-empeleos-1200x200-1-1536x256.gif 1536w, https:\/\/www.sportchaco.com.ar\/wp-content\/uploads\/2025\/05\/Red-de-empeleos-1200x200-1-2048x341.gif 2048w\" sizes=\"auto, (max-width: 1024px) 100vw, 1024px\" \/><\/p>\n<p>De cara al arranque del Pre \u2013 Federal 2025, por la categor\u00eda Primera, el Centro Deportivo Don Bosco contin\u00faa de pretemporada, llevando adelante trabajos f\u00edsicos, donde durante las primeras 2 semanas de estos trabajos el preparador f\u00edsico Claudio R\u00edos implement\u00f3 exigencias pero con resultados altamente positivos por parte de un equipo casi renovado en su totalidad, aunque mantiene hombres muy importantes y de jerarqu\u00eda como Facundo G\u00f3mez Brocal e Iv\u00e1n Lugo.<\/p>\n<p>No obstante, dentro de este rearmado o reorganizaci\u00f3n dentro del equipo de Primera, tambi\u00e9n hay que remarcar que Nahuel Hena\u00edn y Mauricio Maderna se encuentran recuper\u00e1ndose de respectivas lesiones que impidieron que est\u00e9n en esta exigente pretemporada, pero hasta el momento con saldo altamente positivo.<\/p>\n<p>Asimismo, para resaltar, que Don Bosco sum\u00f3 fichas para disputar la doble competencia que se avecina, tanto el Pre \u2013 Federal 2025 como el Torneo Clausura, sin olvidar tambi\u00e9n las expectativas por el Torneo Chaco \u2013 Corrientes, certamen que se est\u00e1 trabajando entre las Asociaciones de Resistencia y la de Ciudad de Corrientes.<\/p>\n<div id=\"right-content\" class=\"relative\">\n<div id=\"content-area\" class=\"left relative\">\n<div id=\"tps_slideContainer_28050\" class=\"theiaPostSlider_slides\">\n<figure class=\"wp-block-image size-large\"><a href=\"https:\/\/baskettotal.com.ar\/wp-content\/uploads\/2025\/07\/8-2.jpg\"><img loading=\"lazy\" decoding=\"async\" class=\"lazy wp-image-28056 lazy-loaded\" src=\"https:\/\/baskettotal.com.ar\/wp-content\/uploads\/2025\/07\/8-2-1024x682.jpg\" sizes=\"auto, (max-width: 1024px) 100vw, 1024px\" srcset=\"https:\/\/baskettotal.com.ar\/wp-content\/uploads\/2025\/07\/8-2-1024x682.jpg 1024w, https:\/\/baskettotal.com.ar\/wp-content\/uploads\/2025\/07\/8-2-300x200.jpg 300w, https:\/\/baskettotal.com.ar\/wp-content\/uploads\/2025\/07\/8-2-768x512.jpg 768w, https:\/\/baskettotal.com.ar\/wp-content\/uploads\/2025\/07\/8-2.jpg 1040w\" alt=\"\" width=\"1024\" height=\"682\" data-lazy-type=\"image\" data-lazy-src=\"https:\/\/baskettotal.com.ar\/wp-content\/uploads\/2025\/07\/8-2-1024x682.jpg\" data-lazy-srcset=\"https:\/\/baskettotal.com.ar\/wp-content\/uploads\/2025\/07\/8-2-1024x682.jpg 1024w, https:\/\/baskettotal.com.ar\/wp-content\/uploads\/2025\/07\/8-2-300x200.jpg 300w, https:\/\/baskettotal.com.ar\/wp-content\/uploads\/2025\/07\/8-2-768x512.jpg 768w, https:\/\/baskettotal.com.ar\/wp-content\/uploads\/2025\/07\/8-2.jpg 1040w\" data-lazy-sizes=\"(max-width: 1024px) 100vw, 1024px\" \/><\/a><\/figure>\n<p>Entre las flamantes incorporaciones al equipo de Primera, hay que mencionar la llegada del base y tambi\u00e9n escolta Juan Cruz Cequeira, oriundo de Corrientes y que viene de jugar en Col\u00f3n de Corrientes; jugador de gol y mucha intensidad. En tanto que la otra ficha que sum\u00f3 el \u00absalesiano\u00bb es Lucas Coronel, hombre de gol, perimetral y jugador \u00abtodo terreno\u00bb y de mucha garra e intensidad. Viene de jugar en Hind\u00fa y sin dudas es una de las fichas de alto vuelo que se sum\u00f3 al equipo conducido por Juan Marcos \u00abTungui\u00bb Ferraris.<\/p>\n<figure class=\"wp-block-image size-large\"><a href=\"https:\/\/baskettotal.com.ar\/wp-content\/uploads\/2025\/07\/1-4.jpg\"><img loading=\"lazy\" decoding=\"async\" class=\"lazy wp-image-28051 lazy-loaded\" src=\"https:\/\/baskettotal.com.ar\/wp-content\/uploads\/2025\/07\/1-4-1024x682.jpg\" sizes=\"auto, (max-width: 1024px) 100vw, 1024px\" srcset=\"https:\/\/baskettotal.com.ar\/wp-content\/uploads\/2025\/07\/1-4-1024x682.jpg 1024w, https:\/\/baskettotal.com.ar\/wp-content\/uploads\/2025\/07\/1-4-300x200.jpg 300w, https:\/\/baskettotal.com.ar\/wp-content\/uploads\/2025\/07\/1-4-768x512.jpg 768w, https:\/\/baskettotal.com.ar\/wp-content\/uploads\/2025\/07\/1-4.jpg 1040w\" alt=\"\" width=\"1024\" height=\"682\" data-lazy-type=\"image\" data-lazy-src=\"https:\/\/baskettotal.com.ar\/wp-content\/uploads\/2025\/07\/1-4-1024x682.jpg\" data-lazy-srcset=\"https:\/\/baskettotal.com.ar\/wp-content\/uploads\/2025\/07\/1-4-1024x682.jpg 1024w, https:\/\/baskettotal.com.ar\/wp-content\/uploads\/2025\/07\/1-4-300x200.jpg 300w, https:\/\/baskettotal.com.ar\/wp-content\/uploads\/2025\/07\/1-4-768x512.jpg 768w, https:\/\/baskettotal.com.ar\/wp-content\/uploads\/2025\/07\/1-4.jpg 1040w\" data-lazy-sizes=\"(max-width: 1024px) 100vw, 1024px\" \/><\/a><\/figure>\n<p><strong>\u201cTenemos equipo\u201d<br \/>\n<\/strong>\u201cLas expectativas con Don Bosco para este semestre es ser protagonistas en ambos torneos, tanto el Pre \u2013 Federal como el Asociativo; creo que tenemos el equipo como para pelear las primeras posiciones\u201d, destac\u00f3 Lucas Coronel.<\/p>\n<p><strong>\u00abEs todo nuevo para m\u00ed y eso lo hace todav\u00eda m\u00e1s lindo\u00bb<br \/>\n<\/strong>\u00abLas expectativas son altas, siempre con ganas de dejar al club lo m\u00e1s arriba posible; estoy muy contento de llegar a Don Bosco y con mucha ansiedad de que empiecen los torneos. Es todo nuevo para m\u00ed y eso lo hace todav\u00eda m\u00e1s lindo\u00bb, fueron las primeras palabras de una de las incorporaciones de Don Bosco para esta segunda mitad del a\u00f1o, Juan Cruz Cequeira.<\/p>\n<figure class=\"wp-block-image size-large\"><a href=\"https:\/\/baskettotal.com.ar\/wp-content\/uploads\/2025\/07\/6-3.jpg\"><img loading=\"lazy\" decoding=\"async\" class=\"lazy wp-image-28053 lazy-loaded\" src=\"https:\/\/baskettotal.com.ar\/wp-content\/uploads\/2025\/07\/6-3-1024x682.jpg\" sizes=\"auto, (max-width: 1024px) 100vw, 1024px\" srcset=\"https:\/\/baskettotal.com.ar\/wp-content\/uploads\/2025\/07\/6-3-1024x682.jpg 1024w, https:\/\/baskettotal.com.ar\/wp-content\/uploads\/2025\/07\/6-3-300x200.jpg 300w, https:\/\/baskettotal.com.ar\/wp-content\/uploads\/2025\/07\/6-3-768x512.jpg 768w, https:\/\/baskettotal.com.ar\/wp-content\/uploads\/2025\/07\/6-3.jpg 1040w\" alt=\"\" width=\"1024\" height=\"682\" data-lazy-type=\"image\" data-lazy-src=\"https:\/\/baskettotal.com.ar\/wp-content\/uploads\/2025\/07\/6-3-1024x682.jpg\" data-lazy-srcset=\"https:\/\/baskettotal.com.ar\/wp-content\/uploads\/2025\/07\/6-3-1024x682.jpg 1024w, https:\/\/baskettotal.com.ar\/wp-content\/uploads\/2025\/07\/6-3-300x200.jpg 300w, https:\/\/baskettotal.com.ar\/wp-content\/uploads\/2025\/07\/6-3-768x512.jpg 768w, https:\/\/baskettotal.com.ar\/wp-content\/uploads\/2025\/07\/6-3.jpg 1040w\" data-lazy-sizes=\"(max-width: 1024px) 100vw, 1024px\" \/><\/a><\/figure>\n<\/div>\n<\/div>\n<\/div>\n","protected":false},"excerpt":{"rendered":"<p>30-07-2025 De cara al arranque del Pre \u2013 Federal 2025, por la categor\u00eda Primera, el Centro Deportivo Don Bosco contin\u00faa de pretemporada, llevando adelante trabajos f\u00edsicos, donde durante las primeras 2 semanas de estos trabajos el preparador f\u00edsico Claudio R\u00edos implement\u00f3 exigencias pero con resultados altamente positivos por parte de un equipo casi renovado en &hellip;<\/p>\n","protected":false},"author":2,"featured_media":22962,"comment_status":"open","ping_status":"open","sticky":false,"template":"","format":"standard","meta":{"footnotes":""},"categories":[3],"tags":[],"class_list":["post-22901","post","type-post","status-publish","format-standard","has-post-thumbnail","hentry","category-basquetbol"],"_links":{"self":[{"href":"https:\/\/www.sportchaco.com.ar\/index.php?rest_route=\/wp\/v2\/posts\/22901","targetHints":{"allow":["GET"]}}],"collection":[{"href":"https:\/\/www.sportchaco.com.ar\/index.php?rest_route=\/wp\/v2\/posts"}],"about":[{"href":"https:\/\/www.sportchaco.com.ar\/index.php?rest_route=\/wp\/v2\/types\/post"}],"author":[{"embeddable":true,"href":"https:\/\/www.sportchaco.com.ar\/index.php?rest_route=\/wp\/v2\/users\/2"}],"replies":[{"embeddable":true,"href":"https:\/\/www.sportchaco.com.ar\/index.php?rest_route=%2Fwp%2Fv2%2Fcomments&post=22901"}],"version-history":[{"count":3,"href":"https:\/\/www.sportchaco.com.ar\/index.php?rest_route=\/wp\/v2\/posts\/22901\/revisions"}],"predecessor-version":[{"id":22963,"href":"https:\/\/www.sportchaco.com.ar\/index.php?rest_route=\/wp\/v2\/posts\/22901\/revisions\/22963"}],"wp:featuredmedia":[{"embeddable":true,"href":"https:\/\/www.sportchaco.com.ar\/index.php?rest_route=\/wp\/v2\/media\/22962"}],"wp:attachment":[{"href":"https:\/\/www.sportchaco.com.ar\/index.php?rest_route=%2Fwp%2Fv2%2Fmedia&parent=22901"}],"wp:term":[{"taxonomy":"category","embeddable":true,"href":"https:\/\/www.sportchaco.com.ar\/index.php?rest_route=%2Fwp%2Fv2%2Fcategories&post=22901"},{"taxonomy":"post_tag","embeddable":true,"href":"https:\/\/www.sportchaco.com.ar\/index.php?rest_route=%2Fwp%2Fv2%2Ftags&post=22901"}],"curies":[{"name":"wp","href":"https:\/\/api.w.org\/{rel}","templated":true}]}}