{"id":22909,"date":"2025-07-30T18:23:48","date_gmt":"2025-07-30T21:23:48","guid":{"rendered":"https:\/\/www.sportchaco.com.ar\/?p=22909"},"modified":"2025-07-30T18:35:10","modified_gmt":"2025-07-30T21:35:10","slug":"22909","status":"publish","type":"post","link":"https:\/\/www.sportchaco.com.ar\/?p=22909","title":{"rendered":"Riquelme disuelve el Consejo de F\u00fatbol"},"content":{"rendered":"<p><strong>Las \u00faltimas horas en el mundo Boca han venido cargadas con varias novedades en relaci\u00f3n a la disoluci\u00f3n del Consejo del F\u00fatbol que ven\u00eda cumpliendo labores desde el a\u00f1o 2019 y que fue ratificada por el presidente de la instituci\u00f3n, Juan Rom\u00e1n Riquelme.<\/strong><\/p>\n<p>Seg\u00fan informaci\u00f3n mencionada por\u00a0<em><strong>Noticias Argentina,<\/strong><\/em>\u00a0el \u00fanico que continuar\u00e1 en este cargo ser\u00eda\u00a0<strong>Marcelo Delgado. Ra\u00fal Cascini, Mauricio Serna y Jorge Berm\u00fadez<\/strong>, por su lado, probablemente continuar\u00e1n en otros sectores, un asunto que se confirmar\u00e1 en las siguientes horas.<\/p>\n<p>Lo cierto, es que el presente del club no es el ideal y en esta temporada sufri\u00f3 la dolorosa eliminaci\u00f3n en la fase dos de la\u00a0<strong>Copa Libertadores de Am\u00e9rica.<\/strong>\u00a0Tambi\u00e9n fue derrotado en los cuartos de final del\u00a0<strong>Torneo Apertura 2025\u00a0<\/strong>y relegado de los 16avos de final de la<strong>\u00a0Copa Argentina<\/strong>\u00a0ante<strong>\u00a0Atl\u00e9tico Tucum\u00e1n.<\/strong><\/p>\n<p>Adicionalmente y con la conducci\u00f3n de\u00a0<strong>Miguel \u00c1ngel Russo,<\/strong>\u00a0<em><strong>el Xeneize\u00a0<\/strong><\/em>no conoce la victoria y de momento se ubica en el puesto 13 de la\u00a0<strong>Zona A del Clausura 2025.<\/strong><\/p>\n<p>Un detalle para agregar es que no solamente los \u00faltimos resultados preocupan a propios y extra\u00f1os, a nivel institucional, el equipo boquense alcanz\u00f3 la peor racha negativa de su historia tras 11 encuentros sin conocer la victoria.<\/p>\n<div id=\"element-body-2\" class=\"sc-45461e9c-0 eqiBeF container-text text-embed \">\n<p>Riquelme tiene claro que el hincha est\u00e1 cansado de tantas frustraciones. Por m\u00e1s que p\u00fablicamente relativice la situaci\u00f3n con frases en las que parece fingir demencia, internamente llegan las cr\u00edticas. Por eso -y porque tambi\u00e9n es un mensaje para los jugadores- har\u00e1 movimientos en la estructura del f\u00fatbol, hoy compuesta por su hermano Cristian -alias\u00a0<em>Chanchi<\/em>&#8211; y cuatro compa\u00f1eros de sus tiempos de gloria:\u00a0<strong>Marcelo Delgado<\/strong>,\u00a0<strong>Ra\u00fal Cascini<\/strong>,\u00a0<strong>Mauricio Serna<\/strong>\u00a0y\u00a0<strong>Jorge Berm\u00fadez<\/strong>.<\/p>\n<\/div>\n<div id=\"element-body-3\" class=\"sc-45461e9c-0 eqiBeF container-text text-embed \">\n<p>El\u00a0<em>Patr\u00f3n\u00a0<\/em>se encuentra en Colombia, pero contin\u00faa siendo empleado del club al igual que el resto de los notables que integran el Consejo del F\u00fatbol. Por eso desde mayo de 2022 se incorpor\u00f3 al grupo que secunda a Rom\u00e1n.\u00a0<em>Chicho\u00a0<\/em>siempre puso la cara con la prensa. Aunque hubo un detalle que llam\u00f3 la atenci\u00f3n la semana pasada: el colombiano dio una entrevista sin consentimiento del presidente. \u00bfSe quiso salvar solo?<\/p>\n<\/div>\n<div id=\"element-body-4\" class=\"sc-45461e9c-0 eqiBeF container-text text-embed \">\n<p>Riquelme lo apartar\u00eda de su actual funci\u00f3n y tambi\u00e9n podr\u00eda dejar su cargo Cascini. Los \u00fanicos intocables son el\u00a0<em>Chanchi\u00a0<\/em>y Delgado, amigo personal del presidente. Solo basta recordar aquel vestuario ganador, pero dividido, en el que Rom\u00e1n y el\u00a0<em>Chelo\u00a0<\/em>estaban por un lado y\u00a0<strong>Guillermo Barros Schelotto<\/strong>\u00a0y\u00a0<strong>Mart\u00edn Palermo<\/strong>\u00a0por el otro.<\/p>\n<\/div>\n<div id=\"element-body-5\" class=\"sc-45461e9c-0 eqiBeF container-text text-embed \">\n<p><strong>\u00bfContinuar\u00e1 llam\u00e1ndose Consejo de F\u00fatbol?<\/strong>\u00a0\u00bfEs posible introducir la figura de un director deportivo? En cualquier caso, Riquelme es quien toma todas las decisiones y los dem\u00e1s acompa\u00f1an. Pueden dar su punto de vista, pero se hace lo que dice el ex enganche. Hay dos nombres que suenan para sumarse al equipo de trabajo: Carlos\u00a0<strong>Fernando Navarro Montoya\u00a0<\/strong>y\u00a0<strong>Alberto M\u00e1rcico<\/strong>.\u00a0<strong>Clar\u00edn\u00a0<\/strong>habl\u00f3 con ambos y los dos negaron haber recibido un llamado de Rom\u00e1n. Eso s\u00ed, escucharon los rumores.<\/p>\n<\/div>\n<div id=\"element-body-6\" class=\"sc-45461e9c-0 eqiBeF container-text text-embed \">\n<p><strong>El ex arquero ya trabaj\u00f3 con Riquelme.<\/strong>\u00a0Sin ir m\u00e1s lejos, cuando\u00a0<strong>Jorge Amor Ameal<\/strong>\u00a0gan\u00f3 las elecciones en diciembre de 2019, el\u00a0<em>Mono\u00a0<\/em>asumi\u00f3 como coordinador de las divisiones inferiores en reemplazo de\u00a0<strong>Oscar Regenhardt<\/strong>. En plena pandemia, decidi\u00f3 renunciar. Fue en septiembre de 2020, cuando decidi\u00f3 viajar a Espa\u00f1a para reencontrarse con su familia. No obstante, dej\u00f3 la puerta abierta. \u00abSe que es solo un par\u00e9ntesis, Boca y yo estamos unidos para siempre, as\u00ed lo siento y me lo hacen sentir\u201d, dijo Navarro Montoya en aquel momento.<\/p>\n<\/div>\n<div id=\"element-body-7\" class=\"sc-45461e9c-0 eqiBeF container-text text-embed \">\n<p>El\u00a0<em>Beto\u00a0<\/em>declar\u00f3 en las \u00faltimas horas: \u201cA Rom\u00e1n hay que cuidarlo, yo quiero que les vaya bien a todos, pero porque quiero que a Boca le vaya bien\u201d. Y respald\u00f3 a Russo, a quien ya los jugadores -y hasta el propio Riquelme- empiezan a ver desgastado.<\/p>\n<\/div>\n<div id=\"element-body-8\" class=\"sc-45461e9c-0 eqiBeF container-text text-embed \">\n<p>Lo cierto es que Rom\u00e1n cambiar\u00e1 su gabinete. \u00bfSer\u00e1 un maquillaje o dar\u00e1 alg\u00fan fruto? De la actitud del presidente depende.<\/p>\n<\/div>\n<p><img decoding=\"async\" src=\"https:\/\/media.minutouno.com\/p\/4fbe39ea41854e7db1414876d3ff37a5\/adjuntos\/150\/imagenes\/042\/437\/0042437483\/riquelme-consejo-del-futbol.jpg\" alt=\"Riquelme y el Consejo de F\u00fatbol\" \/><\/p>\n","protected":false},"excerpt":{"rendered":"<p>Las \u00faltimas horas en el mundo Boca han venido cargadas con varias novedades en relaci\u00f3n a la disoluci\u00f3n del Consejo del F\u00fatbol que ven\u00eda cumpliendo labores desde el a\u00f1o 2019 y que fue ratificada por el presidente de la instituci\u00f3n, Juan Rom\u00e1n Riquelme. Seg\u00fan informaci\u00f3n mencionada por\u00a0Noticias Argentina,\u00a0el \u00fanico que continuar\u00e1 en este cargo ser\u00eda\u00a0Marcelo &hellip;<\/p>\n","protected":false},"author":2,"featured_media":22910,"comment_status":"open","ping_status":"open","sticky":false,"template":"","format":"standard","meta":{"footnotes":""},"categories":[72],"tags":[],"class_list":["post-22909","post","type-post","status-publish","format-standard","has-post-thumbnail","hentry","category-futbol-puro"],"_links":{"self":[{"href":"https:\/\/www.sportchaco.com.ar\/index.php?rest_route=\/wp\/v2\/posts\/22909","targetHints":{"allow":["GET"]}}],"collection":[{"href":"https:\/\/www.sportchaco.com.ar\/index.php?rest_route=\/wp\/v2\/posts"}],"about":[{"href":"https:\/\/www.sportchaco.com.ar\/index.php?rest_route=\/wp\/v2\/types\/post"}],"author":[{"embeddable":true,"href":"https:\/\/www.sportchaco.com.ar\/index.php?rest_route=\/wp\/v2\/users\/2"}],"replies":[{"embeddable":true,"href":"https:\/\/www.sportchaco.com.ar\/index.php?rest_route=%2Fwp%2Fv2%2Fcomments&post=22909"}],"version-history":[{"count":3,"href":"https:\/\/www.sportchaco.com.ar\/index.php?rest_route=\/wp\/v2\/posts\/22909\/revisions"}],"predecessor-version":[{"id":22913,"href":"https:\/\/www.sportchaco.com.ar\/index.php?rest_route=\/wp\/v2\/posts\/22909\/revisions\/22913"}],"wp:featuredmedia":[{"embeddable":true,"href":"https:\/\/www.sportchaco.com.ar\/index.php?rest_route=\/wp\/v2\/media\/22910"}],"wp:attachment":[{"href":"https:\/\/www.sportchaco.com.ar\/index.php?rest_route=%2Fwp%2Fv2%2Fmedia&parent=22909"}],"wp:term":[{"taxonomy":"category","embeddable":true,"href":"https:\/\/www.sportchaco.com.ar\/index.php?rest_route=%2Fwp%2Fv2%2Fcategories&post=22909"},{"taxonomy":"post_tag","embeddable":true,"href":"https:\/\/www.sportchaco.com.ar\/index.php?rest_route=%2Fwp%2Fv2%2Ftags&post=22909"}],"curies":[{"name":"wp","href":"https:\/\/api.w.org\/{rel}","templated":true}]}}