{"id":22914,"date":"2025-07-30T18:38:31","date_gmt":"2025-07-30T21:38:31","guid":{"rendered":"https:\/\/www.sportchaco.com.ar\/?p=22914"},"modified":"2025-07-30T19:20:46","modified_gmt":"2025-07-30T22:20:46","slug":"boca-en-crisis-rojo-afuera-tambien-sarachi-y-lema","status":"publish","type":"post","link":"https:\/\/www.sportchaco.com.ar\/?p=22914","title":{"rendered":"Boca en cr\u00edsis: Rojo, afuera. Tambi\u00e9n Saracchi y Lema"},"content":{"rendered":"<div class=\"sc-808a5b4d-0 fiDTki normal-header false normal-header false\">\n<div class=\"sc-808a5b4d-0 fiDTki shared-header shared-header\">\n<div class=\"mt \">\n<h1 class=\"storyTitle \">La crisis en Boca y la primera decisi\u00f3n fuerte de Miguel \u00c1ngel Russo: Marcos Rojo, Marcelo Saracchi y Cristian Lema fueron apartados del plantel<\/h1>\n<div class=\"sc-808a5b4d-0 fiDTki normal-header false normal-header false\">\n<div class=\"sc-808a5b4d-0 fiDTki shared-header shared-header\">\n<div class=\"mt \">\n<h1 class=\"storyTitle \"><\/h1>\n<p>&nbsp;<\/p>\n<\/div>\n<div class=\"image-container \"><picture><source srcset=\"https:\/\/www.clarin.com\/img\/2021\/03\/09\/X5-ZImgSC_1256x620__3.jpg#1753876119633\" media=\"(min-width: 975px)\" \/><img loading=\"lazy\" decoding=\"async\" src=\"https:\/\/www.clarin.com\/img\/2021\/03\/09\/X5-ZImgSC_1256x620__3.jpg#1753876119633\" alt=\"La crisis en Boca y la primera decisi\u00f3n fuerte de Miguel \u00c1ngel Russo: Marcos Rojo, Marcelo Saracchi y Cristian Lema fueron apartados del plantel\" width=\"1256\" height=\"620\" data-nimg=\"1\" data-readystate=\"complete\" \/><\/picture><button class=\"open-image\" aria-label=\"Open Image\"><\/button><span class=\"epigraphe\">Otros tiempos. Marcos Rojo y Miguel Angel Russo juntos en el segundo ciclo del DT. Foto: Javier Garc\u00eda Martino<\/span><\/div>\n<\/div>\n<\/div>\n<section class=\"sc-46e3ecc3-1 fMFjWA\">\n<article id=\"storyBody\" class=\"sc-46e3ecc3-2 cfXsMv\">\n<section class=\"sc-46e3ecc3-3 eNZxqX dataStory dataStory\">\n<div class=\"list-authors \">\n<div class=\"sc-4e7e5c5d-0 hgTTFo list-authors speakable-author\"><\/div>\n<div><\/div>\n<\/div>\n<div class=\"place-social-mobile\">\n<div class=\"sc-21d6e8b1-0 iyySuN SocialMedia SocialMedia\"><\/div>\n<\/div>\n<\/section>\n<\/article>\n<article id=\"storyBody\" class=\"sc-46e3ecc3-2 cfXsMv\">\n<div class=\"StoryTextContainer vsmcontent\">\n<div id=\"containerUalter\" class=\"trinity-skip-it\">\n<div class=\"ualter_content\">\n<section class=\"accordion\">\n<div class=\"tab\">\n<div class=\"ai\"><\/div>\n<div class=\"tab__content\">\n<div id=\"temp\" class=\"temp\">\n<ul>\n<li>Es una decisi\u00f3n del entrenador, que el martes hab\u00eda tenido una larga charla con los jugadores y hab\u00eda aclarado los tantos con Merentiel.<\/li>\n<li>Los tres desafectados se enteraron que deb\u00edan cambiarse en otro vestuario a trav\u00e9s de un utilero.<\/li>\n<li>Hubo sorpresa entre sus compa\u00f1eros.<\/li>\n<li>Fuente Clarin<\/li>\n<\/ul>\n<\/div>\n<div class=\"experimental\"><\/div>\n<div class=\"sintesis\">\n<div class=\"sintesis-header\">\n<h2><\/h2>\n<h4><\/h4>\n<\/div>\n<div class=\"sintesis-content\">\n<div class=\"slider-wrapper\">\n<ul id=\"slides-container\" class=\"slides-container\">\n<li class=\"slide\">\n<p class=\"img-epigraph\">\n<\/li>\n<\/ul>\n<\/div>\n<\/div>\n<div class=\"sintesis-footer\">\n<div class=\"manos\">\n<div class=\"gracias\"><\/div>\n<\/div>\n<\/div>\n<div id=\"modules\" class=\"otros\"><\/div>\n<\/div>\n<div class=\"expandable-rectangle\">\n<div class=\"clickable\">\n<h4 class=\"sub-title\"><\/h4>\n<\/div>\n<div class=\"cron-container content\">\n<div class=\"cron-card\">\n<div class=\"clickable cron-container\">\n<p class=\"hecho-container underline\">\n<\/div>\n<div class=\"contexto\">\n<p>&nbsp;<\/p>\n<\/div>\n<\/div>\n<div class=\"cron-card\">\n<div class=\"clickable cron-container\">\n<p class=\"hecho-container underline\">\n<\/div>\n<div class=\"contexto\">\n<p>&nbsp;<\/p>\n<\/div>\n<\/div>\n<div class=\"cron-card\">\n<div class=\"clickable cron-container\">\n<p class=\"hecho-container underline\">\n<\/div>\n<div class=\"contexto\">\n<p>&nbsp;<\/p>\n<\/div>\n<\/div>\n<div class=\"cron-card\">\n<div class=\"clickable cron-container\">\n<p class=\"hecho-container underline\">\n<\/div>\n<div class=\"contexto\">\n<p>&nbsp;<\/p>\n<\/div>\n<\/div>\n<div class=\"cron-card\">\n<div class=\"clickable cron-container\">\n<p class=\"hecho-container underline\">\n<\/div>\n<div class=\"contexto\">\n<p>&nbsp;<\/p>\n<\/div>\n<\/div>\n<div class=\"cron-card\">\n<div class=\"clickable cron-container\">\n<p class=\"hecho-container underline\">\n<\/div>\n<div class=\"contexto\">\n<p>&nbsp;<\/p>\n<\/div>\n<\/div>\n<div class=\"cron-card\">\n<div class=\"clickable cron-container\">\n<p class=\"hecho-container underline\">\n<\/div>\n<div class=\"contexto\">\n<p>&nbsp;<\/p>\n<\/div>\n<\/div>\n<div class=\"cron-card\">\n<div class=\"clickable cron-container\">\n<p class=\"hecho-container underline\">\n<\/div>\n<div class=\"contexto\">\n<p>&nbsp;<\/p>\n<\/div>\n<\/div>\n<div class=\"cron-card\">\n<div class=\"clickable cron-container\">\n<p class=\"hecho-container underline\">\n<\/div>\n<div class=\"contexto\">\n<p>&nbsp;<\/p>\n<\/div>\n<\/div>\n<div class=\"modulo-footer\">\n<div class=\"validar\">\n<div class=\"manos\">\n<div class=\"gracias\"><\/div>\n<\/div>\n<\/div>\n<div class=\"cerrar_clickable\"><\/div>\n<\/div>\n<\/div>\n<\/div>\n<div class=\"expandable-rectangle\">\n<div class=\"clickable\">\n<h4 class=\"sub-title\"><\/h4>\n<\/div>\n<div class=\"textual-container content\">\n<div class=\"textual-card\">\n<p class=\"cont-autor\">\n<\/div>\n<div class=\"modulo-footer\">\n<div class=\"validar\">\n<div class=\"manos\">\n<div class=\"gracias\"><\/div>\n<\/div>\n<\/div>\n<div class=\"cerrar_clickable\"><\/div>\n<\/div>\n<\/div>\n<\/div>\n<div class=\"expandable-rectangle\">\n<div class=\"clickable\">\n<h4 class=\"sub-title\"><\/h4>\n<\/div>\n<div id=\"module_numeros\" class=\"numbers-container content\">\n<div class=\"cat-table\"><\/div>\n<table class=\"num-table\">\n<tbody>\n<tr>\n<td><\/td>\n<td><\/td>\n<\/tr>\n<tr>\n<td><\/td>\n<td><\/td>\n<\/tr>\n<tr>\n<td><\/td>\n<td><\/td>\n<\/tr>\n<tr>\n<td><\/td>\n<td><\/td>\n<\/tr>\n<tr>\n<td><\/td>\n<td><\/td>\n<\/tr>\n<\/tbody>\n<\/table>\n<div class=\"cat-table\"><\/div>\n<table class=\"num-table\">\n<tbody>\n<tr>\n<td><\/td>\n<td><\/td>\n<\/tr>\n<tr>\n<td><\/td>\n<td><\/td>\n<\/tr>\n<\/tbody>\n<\/table>\n<div class=\"modulo-footer\">\n<div class=\"validar\">\n<div class=\"manos\">\n<div class=\"gracias\"><\/div>\n<\/div>\n<\/div>\n<div class=\"download\"><\/div>\n<div class=\"cerrar_clickable\"><\/div>\n<\/div>\n<\/div>\n<\/div>\n<div class=\"expandable-rectangle\">\n<div class=\"clickable\">\n<h4 class=\"sub-title\"><\/h4>\n<\/div>\n<div class=\"pregs-container content\">\n<div class=\"preg-card preg-line\">\n<div class=\"preg-container\">\n<p class=\"preg\">\n<\/div>\n<p class=\"resp\">\n<\/div>\n<div class=\"preg-card preg-line\">\n<div class=\"preg-container\">\n<p class=\"preg\">\n<\/div>\n<p class=\"resp\">\n<\/div>\n<div class=\"preg-card preg-line\">\n<div class=\"preg-container\">\n<p class=\"preg\">\n<\/div>\n<p class=\"resp\">\n<\/div>\n<div class=\"preg-card preg-line\">\n<div class=\"preg-container\">\n<p class=\"preg\">\n<\/div>\n<p class=\"resp\">\n<\/div>\n<div class=\"preg-card preg-line\">\n<div class=\"preg-container\">\n<p class=\"preg\">\n<\/div>\n<p class=\"resp\">\n<\/div>\n<div class=\"preg-card preg-line\">\n<div class=\"preg-container\">\n<p class=\"preg\">\n<\/div>\n<p class=\"resp\">\n<\/div>\n<div class=\"preg-card preg-line\">\n<div class=\"preg-container\">\n<p class=\"preg\">\n<\/div>\n<p class=\"resp\">\n<\/div>\n<div class=\"preg-card preg-line\">\n<div class=\"preg-container\">\n<p class=\"preg\">\n<\/div>\n<p class=\"resp\">\n<\/div>\n<div class=\"preg-card preg-line\">\n<div class=\"preg-container\">\n<p class=\"preg\">\n<\/div>\n<p class=\"resp\">\n<\/div>\n<div class=\"preg-card preg-last\">\n<div class=\"preg-container\">\n<p class=\"preg\">\n<\/div>\n<p class=\"resp\">\n<\/div>\n<div class=\"modulo-footer\">\n<div class=\"validar\">\n<div class=\"manos\">\n<div class=\"gracias\"><\/div>\n<\/div>\n<\/div>\n<div class=\"cerrar_clickable\"><\/div>\n<\/div>\n<\/div>\n<\/div>\n<div id=\"tries\" class=\"expandable-rectangle\">\n<div class=\"clickable\">\n<h4 class=\"sub-title\"><\/h4>\n<\/div>\n<div class=\"glo-container content\">\n<div class=\"cat-table\"><\/div>\n<table class=\"num-table\">\n<tbody>\n<tr>\n<td><\/td>\n<td><\/td>\n<\/tr>\n<tr>\n<td><\/td>\n<td><\/td>\n<\/tr>\n<tr>\n<td><\/td>\n<td><\/td>\n<\/tr>\n<tr>\n<td><\/td>\n<td><\/td>\n<\/tr>\n<tr>\n<td><\/td>\n<td><\/td>\n<\/tr>\n<tr>\n<td><\/td>\n<td><\/td>\n<\/tr>\n<tr>\n<td><\/td>\n<td><\/td>\n<\/tr>\n<tr>\n<td><\/td>\n<td><\/td>\n<\/tr>\n<tr>\n<td><\/td>\n<td><\/td>\n<\/tr>\n<tr>\n<td><\/td>\n<td><\/td>\n<\/tr>\n<tr>\n<td><\/td>\n<td><\/td>\n<\/tr>\n<tr>\n<td><\/td>\n<td><\/td>\n<\/tr>\n<tr>\n<td><\/td>\n<td><\/td>\n<\/tr>\n<\/tbody>\n<\/table>\n<div class=\"cat-table\"><\/div>\n<table class=\"num-table\">\n<tbody>\n<tr>\n<td><\/td>\n<td><\/td>\n<\/tr>\n<tr>\n<td><\/td>\n<td><\/td>\n<\/tr>\n<tr>\n<td><\/td>\n<td><\/td>\n<\/tr>\n<tr>\n<td><\/td>\n<td><\/td>\n<\/tr>\n<tr>\n<td><\/td>\n<td><\/td>\n<\/tr>\n<tr>\n<td><\/td>\n<td><\/td>\n<\/tr>\n<tr>\n<td><\/td>\n<td><\/td>\n<\/tr>\n<\/tbody>\n<\/table>\n<div class=\"cat-table\"><\/div>\n<table class=\"num-table\">\n<tbody>\n<tr>\n<td><\/td>\n<td><\/td>\n<\/tr>\n<tr>\n<td><\/td>\n<td><\/td>\n<\/tr>\n<tr>\n<td><\/td>\n<td><\/td>\n<\/tr>\n<tr>\n<td><\/td>\n<td><\/td>\n<\/tr>\n<\/tbody>\n<\/table>\n<div class=\"cat-table\"><\/div>\n<table class=\"num-table\">\n<tbody>\n<tr>\n<td><\/td>\n<td><\/td>\n<\/tr>\n<tr>\n<td><\/td>\n<td><\/td>\n<\/tr>\n<tr>\n<td><\/td>\n<td><\/td>\n<\/tr>\n<tr>\n<td><\/td>\n<td><\/td>\n<\/tr>\n<tr>\n<td><\/td>\n<td><\/td>\n<\/tr>\n<\/tbody>\n<\/table>\n<div class=\"cat-table\"><\/div>\n<table class=\"num-table\">\n<tbody>\n<tr>\n<td><\/td>\n<td><\/td>\n<\/tr>\n<tr>\n<td><\/td>\n<td><\/td>\n<\/tr>\n<tr>\n<td><\/td>\n<td><\/td>\n<\/tr>\n<\/tbody>\n<\/table>\n<div class=\"cat-table\"><\/div>\n<table class=\"num-table\">\n<tbody>\n<tr>\n<td><\/td>\n<td><\/td>\n<\/tr>\n<tr>\n<td><\/td>\n<td><\/td>\n<\/tr>\n<tr>\n<td><\/td>\n<td><\/td>\n<\/tr>\n<tr>\n<td><\/td>\n<td><\/td>\n<\/tr>\n<\/tbody>\n<\/table>\n<div class=\"modulo-footer\">\n<div class=\"validar\">\n<div class=\"manos\">\n<div class=\"gracias\"><\/div>\n<\/div>\n<\/div>\n<div class=\"download\"><\/div>\n<div class=\"cerrar_clickable\"><\/div>\n<\/div>\n<\/div>\n<\/div>\n<div class=\"footer\">\n<div class=\"disclaimer\"><\/div>\n<div class=\"rrss\">\n<ul>\n<li class=\"rrss_x\"><\/li>\n<li class=\"rrss_ig\"><\/li>\n<\/ul>\n<ul class=\"copyright_container\">\n<li><\/li>\n<li><\/li>\n<\/ul>\n<\/div>\n<\/div>\n<\/div>\n<\/div>\n<\/section>\n<\/div>\n<\/div>\n<div id=\"cuerpo\">\n<div id=\"element-body-0\" class=\"sc-45461e9c-0 eqiBeF container-text text-embed \">\n<p><strong>Boca\u00a0<\/strong>es un hervidero. La\u00a0<strong>racha r\u00e9cord e in\u00e9dita de once partidos sin victorias<\/strong>\u00a0coloc\u00f3 a todos contra la pared y cualquier movimiento en falso puede hundir la espada. A los jugadores, al cuerpo t\u00e9cnico que lidera\u00a0<strong>Miguel \u00c1ngel Russo\u00a0<\/strong>y a la dirigencia que comanda\u00a0<strong>Juan Rom\u00e1n Riquelme<\/strong>. En este escenario, el DT, que en las \u00faltimas horas recibi\u00f3 un espaldarazo del presidente, empez\u00f3 a tomar decisiones fuertes en el vestuario y este mi\u00e9rcoles por la ma\u00f1ana se supo que\u00a0<strong>Marcos Rojo<\/strong>,<strong>\u00a0Marcelo Saracchi\u00a0<\/strong>y\u00a0<strong>Cristian Lema<\/strong>\u00a0no trabajar\u00e1n a la par del plantel de cara al trascendental duelo frente\u00a0<strong>Racing<\/strong>\u00a0del s\u00e1bado 9 de agosto, por la cuarta fecha del\u00a0<strong>Torneo Clausura en la Bombonera<\/strong>.<\/p>\n<\/div>\n<div id=\"element-body-1\" class=\"sc-45461e9c-0 eqiBeF container-text text-embed \">\n<p>El ex defensor de\u00a0<strong>Estudiantes\u00a0<\/strong>recibi\u00f3 en las \u00faltimas horas la comunicaci\u00f3n de que no participar\u00eda del doble turno de entrenamientos programado para este mi\u00e9rcoles.\u00a0<strong>La decisi\u00f3n se tom\u00f3 despu\u00e9s de que tuviera un fuerte intercambio en la tarde del martes con el cuerpo t\u00e9cnico\u00a0<\/strong>y decidiera abandonar\u00a0<em>BocaPredio<\/em>\u00a0antes de comenzar la pr\u00e1ctica.<\/p>\n<\/div>\n<div id=\"element-body-2\" class=\"sc-45461e9c-0 eqiBeF container-text text-embed \">\n<p>El desplante ocurri\u00f3 luego de que Russo y sus colaboradores, en la vuelta al trabajo tras el lunes libre, decidieran hablar cara a cara con el plantel y pidieran que s\u00f3lo estuviesen presentes los futbolistas que hab\u00edan participado en la derrota contra Hurac\u00e1n, en Parque Patricios.<\/p>\n<\/div>\n<div id=\"element-body-3\" class=\"sc-45461e9c-0 eqiBeF container-text text-embed \">\n<p>En ese momento,\u00a0<strong>Rojo hizo saber que no estaba de acuerdo con la orden de mandarlo para afuera<\/strong>\u00a0y, luego de verbalizarlo sin guardarse nada, no s\u00f3lo abandon\u00f3 el gimnasio, sino que tambi\u00e9n tom\u00f3 sus pertenencias y dej\u00f3 el lugar sin participar de la sesi\u00f3n de entrenamientos.<\/p>\n<\/div>\n<div id=\"element-body-4\" class=\"sc-45461e9c-0 eqiBeF container-text text-embed \">\n<p>Eso decant\u00f3 en la decisi\u00f3n de marginarlo de los entrenamientos de este mi\u00e9rcoles, algo que desde el club aseguran que le fue informado a trav\u00e9s de un mensaje que le envi\u00f3 un integrante del Consejo de F\u00fatbol.<strong>\u00a0Lo que no sab\u00eda Rojo es que deb\u00eda cambiarse en otro vestuario. Fue uno de los utileros<\/strong>\u00a0quien le inform\u00f3 que deb\u00eda ir a otro camar\u00edn del Boca Predio. Lo concreto es que la relaci\u00f3n entre Rojo y Boca es cada vez m\u00e1s tensa y aunque era un secreto a voces,\u00a0<strong>el jugador ya sabe que no volver\u00e1 a vestir la camiseta azul y oro.<\/strong><\/p>\n<\/div>\n<div id=\"element-body-5\" class=\"sc-45461e9c-0 eqiBeF container-text text-embed \">\n<p>Casualidad o causalidad, el martes por la noche el zaguero zurdo hab\u00eda subido en sus redes sociales una postal donde se lo ve dentro de la Bombonera junto al utilero Nelson Genez.<\/p>\n<\/div>\n<div id=\"element-body-6\" class=\"sc-45461e9c-0 eqiBeF container-text text-embed \">\n<p><strong>\u00bfSe ir\u00e1 entonces Rojo de Boca?\u00a0<\/strong>Hasta el momento, se sabe que la dirigencia pretende no rescindirle el contrato y que adem\u00e1s no quiere reforzar a ning\u00fan equipo de la liga local, por lo que la posibilidad de regresar a Estudiantes por ahora no corre. Siempre se especul\u00f3 con que emigrar\u00e1 a Inter Miami. Se insiste: Boca se sentar\u00e1 a negociar solo si arriba una oferta de afuera. La sensaci\u00f3n, de todos modos, es que Rojo est\u00e1 forzando la situaci\u00f3n para que por fin Riquelme y el Consejo le otorguen la libertad de acci\u00f3n. Y parece poco probable que eso ocurra, aunque ya decidieron sacarlo del vestuario por su ascendencia en el plantel y para que su malestar no siga influyendo en el rendimiento del equipo.<\/p>\n<\/div>\n<div id=\"element-body-7\" class=\"sc-45461e9c-0 eqiBeF container-text text-embed \">\n<p>Rojo qued\u00f3 se\u00f1alado como el principal responsable de la sublevaci\u00f3n deportiva del plantel de Boca. El ex capit\u00e1n fue quien critic\u00f3 con dureza a Riquelme y al Consejo en un asado del que participaron muchos jugadores en plena negociaci\u00f3n por los premios para el Mundial de Clubes. Rom\u00e1n no le perdona que haya hablado por la espalda y entre los jugadores les apuntaron a otros por ser \u00abbuchones\u00bb del presidente. Ah\u00ed se origin\u00f3 la interna del plantel, tal como revel\u00f3\u00a0<strong>Clar\u00edn<\/strong>\u00a0en su edici\u00f3n de este mi\u00e9rcoles: est\u00e1n los que siguen siendo fieles \u00abal capit\u00e1n\u00bb -por Rojo- y que no reconocen a Edinson Cavani -quien hoy porta la cinta- como un l\u00edder genuino y los que quedaron marcados por filtrar informaci\u00f3n al Consejo y a la prensa, que ya se empezaron a encolumnar detr\u00e1s de Leandro Paredes.<\/p>\n<\/div>\n<div id=\"element-body-8\" class=\"sc-45461e9c-0 eqiBeF container-text text-embed \">\n<p><strong>Lo mismo que para Rojo corre para Marcelo Saracchi<\/strong>, quien habitualmente no entra a las convocatorias de Russo cuando se excede el cupo de extranjeros. El marcador lateral uruguayo tampoco particip\u00f3 del entrenamiento ni pudo cambiarse con el resto del grupo.<strong>\u00a0La medida alcanza tambi\u00e9n a Cristian Lema<\/strong>, quien desde hace tiempo no es tenido en cuenta por el cuerpo t\u00e9cnico -de hecho ni siquiera viaj\u00f3 al Mundial de Clubes-. Al ex Belgrano y Lan\u00fas le ofrecieron la rescisi\u00f3n del contrato cuando ya hab\u00eda cerrado el mercado de pases y despu\u00e9s de haberle negado la salida d\u00edas antes.<\/p>\n<\/div>\n<div id=\"element-body-9\" class=\"sc-45461e9c-0 eqiBeF container-text text-embed \">\n<p>Los tres futbolistas desafectados se entrenaron a solas con un preparador f\u00edsico y volvieron a sus casas, ya que no realizar\u00e1n doble turno como si lo har\u00e1n sus compa\u00f1eros del plantel de Primera Divisi\u00f3n. De no mediar sorpresas, ser\u00e1 el principio del fin de su v\u00ednculo con Boca. Habr\u00e1 que ver si Rojo, Saracchi y Lema logran llegar a un acuerdo, aunque no se tomar\u00e1n decisiones ni habr\u00e1 anuncios grandilocuentes hasta que asuma el nuevo m\u00e1nager.<\/p>\n<\/div>\n<div id=\"element-body-10\" class=\"sc-45461e9c-0 eqiBeF container-text text-embed \">\n<p>El caso distinto es el de Sergio Romero.\u00a0<em>Chiquito<\/em>\u00a0tampoco es tenido en cuenta por Russo, quien opt\u00f3 porque sus arqueros sean Agust\u00edn Marches\u00edn, Leandro Brey y Javier Garc\u00eda, pero sigue entrenando a la par del grupo. El subcampe\u00f3n del mundo en Brasil 2014 espera por una oferta para emigrar al exterior.<\/p>\n<\/div>\n<\/div>\n<\/div>\n<\/article>\n<\/section>\n<\/div>\n<div class=\"image-container \"><picture><source srcset=\"https:\/\/www.clarin.com\/img\/2021\/03\/09\/X5-ZImgSC_1256x620__3.jpg#1753876119633\" media=\"(min-width: 975px)\" \/><img loading=\"lazy\" decoding=\"async\" src=\"https:\/\/www.clarin.com\/img\/2021\/03\/09\/X5-ZImgSC_1256x620__3.jpg#1753876119633\" alt=\"La crisis en Boca y la primera decisi\u00f3n fuerte de Miguel \u00c1ngel Russo: Marcos Rojo, Marcelo Saracchi y Cristian Lema fueron apartados del plantel\" width=\"1256\" height=\"620\" data-nimg=\"1\" data-readystate=\"complete\" \/><\/picture><strong><button class=\"open-image\" aria-label=\"Open Image\"><\/button><span class=\"epigraphe\">Otros tiempos. Marcos Rojo y Miguel Angel Russo juntos en el segundo ciclo del DT. Foto: Javier Garc\u00eda Martino<\/span><\/strong><\/div>\n<\/div>\n<\/div>\n<section class=\"sc-46e3ecc3-1 fMFjWA\">\n<article id=\"storyBody\" class=\"sc-46e3ecc3-2 cfXsMv\">\n<section class=\"sc-46e3ecc3-3 eNZxqX dataStory dataStory\">\n<div class=\"list-authors \"><\/div>\n<div class=\"place-social-mobile\">\n<div class=\"sc-21d6e8b1-0 iyySuN SocialMedia SocialMedia\">\n<ul>\n<li class=\"comments-number\"><\/li>\n<\/ul>\n<\/div>\n<\/div>\n<\/section>\n<div class=\"trinity-player-iframe-wrapper\" data-player-id=\"6c02af2a145d68a4ec791d9114d65e63\" data-state=\"not_initialized\" data-player-type=\"\"><\/div>\n<div class=\"StoryTextContainer vsmcontent\">\n<div id=\"containerUalter\" class=\"trinity-skip-it\">\n<div class=\"ualter_content\">\n<section class=\"accordion\">\n<div class=\"tab\">\n<div class=\"tab__content\">\n<div id=\"temp\" class=\"temp\"><\/div>\n<div class=\"experimental\"><\/div>\n<div class=\"sintesis\">\n<div class=\"sintesis-header\">\n<p>&nbsp;<\/p>\n<h2><\/h2>\n<h4><\/h4>\n<\/div>\n<div class=\"sintesis-content\">\n<div class=\"slider-wrapper\">\n<p>&nbsp;<\/p>\n<p class=\"img-epigraph\">\n<\/div>\n<\/div>\n<div class=\"sintesis-footer\">\n<div class=\"manos\">\n<div class=\"gracias\"><\/div>\n<\/div>\n<\/div>\n<div id=\"modules\" class=\"otros\"><\/div>\n<\/div>\n<div class=\"expandable-rectangle\">\n<div class=\"clickable\">\n<h4 class=\"sub-title\"><\/h4>\n<\/div>\n<div class=\"cron-container content\">\n<div class=\"cron-card\">\n<div class=\"clickable cron-container\">\n<p class=\"hecho-container underline\">\n<\/div>\n<div class=\"contexto\">\n<p>&nbsp;<\/p>\n<\/div>\n<\/div>\n<div class=\"cron-card\">\n<div class=\"clickable cron-container\">\n<p class=\"hecho-container underline\">\n<\/div>\n<div class=\"contexto\">\n<p>&nbsp;<\/p>\n<\/div>\n<\/div>\n<div class=\"cron-card\">\n<div class=\"clickable cron-container\">\n<p class=\"hecho-container underline\">\n<\/div>\n<div class=\"contexto\">\n<p>&nbsp;<\/p>\n<\/div>\n<\/div>\n<div class=\"cron-card\">\n<div class=\"clickable cron-container\">\n<p class=\"hecho-container underline\">\n<\/div>\n<div class=\"contexto\">\n<p>&nbsp;<\/p>\n<\/div>\n<\/div>\n<div class=\"cron-card\">\n<div class=\"clickable cron-container\">\n<p class=\"hecho-container underline\">\n<\/div>\n<div class=\"contexto\">\n<p>&nbsp;<\/p>\n<\/div>\n<\/div>\n<div class=\"cron-card\">\n<div class=\"clickable cron-container\">\n<p class=\"hecho-container underline\">\n<\/div>\n<div class=\"contexto\">\n<p>&nbsp;<\/p>\n<\/div>\n<\/div>\n<div class=\"cron-card\">\n<div class=\"clickable cron-container\">\n<p class=\"hecho-container underline\">\n<\/div>\n<div class=\"contexto\">\n<p>&nbsp;<\/p>\n<\/div>\n<\/div>\n<div class=\"cron-card\">\n<div class=\"clickable cron-container\">\n<p class=\"hecho-container underline\">\n<\/div>\n<div class=\"contexto\">\n<p>&nbsp;<\/p>\n<\/div>\n<\/div>\n<div class=\"cron-card\">\n<div class=\"clickable cron-container\">\n<p class=\"hecho-container underline\">\n<\/div>\n<div class=\"contexto\">\n<p>&nbsp;<\/p>\n<\/div>\n<\/div>\n<div class=\"modulo-footer\">\n<div class=\"validar\">\n<div class=\"manos\">\n<div class=\"gracias\"><\/div>\n<\/div>\n<\/div>\n<div class=\"cerrar_clickable\"><\/div>\n<\/div>\n<\/div>\n<\/div>\n<div class=\"expandable-rectangle\">\n<div class=\"clickable\">\n<h4 class=\"sub-title\"><\/h4>\n<\/div>\n<div class=\"textual-container content\">\n<div class=\"textual-card\">\n<p class=\"cont-autor\">\n<\/div>\n<div class=\"modulo-footer\">\n<div class=\"validar\">\n<div class=\"manos\">\n<div class=\"gracias\"><\/div>\n<\/div>\n<\/div>\n<div class=\"cerrar_clickable\"><\/div>\n<\/div>\n<\/div>\n<\/div>\n<div class=\"expandable-rectangle\">\n<div class=\"clickable\">\n<h4 class=\"sub-title\"><\/h4>\n<\/div>\n<div id=\"module_numeros\" class=\"numbers-container content\">\n<div class=\"cat-table\"><\/div>\n<table class=\"num-table\">\n<tbody>\n<tr>\n<td><\/td>\n<td><\/td>\n<\/tr>\n<tr>\n<td><\/td>\n<td><\/td>\n<\/tr>\n<tr>\n<td><\/td>\n<td><\/td>\n<\/tr>\n<tr>\n<td><\/td>\n<td><\/td>\n<\/tr>\n<tr>\n<td><\/td>\n<td><\/td>\n<\/tr>\n<\/tbody>\n<\/table>\n<div class=\"cat-table\"><\/div>\n<table class=\"num-table\">\n<tbody>\n<tr>\n<td><\/td>\n<td><\/td>\n<\/tr>\n<tr>\n<td><\/td>\n<td><\/td>\n<\/tr>\n<\/tbody>\n<\/table>\n<div class=\"modulo-footer\">\n<div class=\"validar\">\n<div class=\"manos\">\n<div class=\"gracias\"><\/div>\n<\/div>\n<\/div>\n<div class=\"download\"><\/div>\n<div class=\"cerrar_clickable\"><\/div>\n<\/div>\n<\/div>\n<\/div>\n<div class=\"expandable-rectangle\">\n<div class=\"clickable\">\n<h4 class=\"sub-title\"><\/h4>\n<\/div>\n<div class=\"pregs-container content\">\n<div class=\"preg-card preg-line\">\n<div class=\"preg-container\">\n<p class=\"preg\">\n<\/div>\n<p class=\"resp\">\n<\/div>\n<div class=\"preg-card preg-line\">\n<div class=\"preg-container\">\n<p class=\"preg\">\n<\/div>\n<p class=\"resp\">\n<\/div>\n<div class=\"preg-card preg-line\">\n<div class=\"preg-container\">\n<p class=\"preg\">\n<\/div>\n<p class=\"resp\">\n<\/div>\n<div class=\"preg-card preg-line\">\n<div class=\"preg-container\">\n<p class=\"preg\">\n<\/div>\n<p class=\"resp\">\n<\/div>\n<div class=\"preg-card preg-line\">\n<div class=\"preg-container\">\n<p class=\"preg\">\n<\/div>\n<p class=\"resp\">\n<\/div>\n<div class=\"preg-card preg-line\">\n<div class=\"preg-container\">\n<p class=\"preg\">\n<\/div>\n<p class=\"resp\">\n<\/div>\n<div class=\"preg-card preg-line\">\n<div class=\"preg-container\">\n<p class=\"preg\">\n<\/div>\n<p class=\"resp\">\n<\/div>\n<div class=\"preg-card preg-line\">\n<div class=\"preg-container\">\n<p class=\"preg\">\n<\/div>\n<p class=\"resp\">\n<\/div>\n<div class=\"preg-card preg-line\">\n<div class=\"preg-container\">\n<p class=\"preg\">\n<\/div>\n<p class=\"resp\">\n<\/div>\n<div class=\"preg-card preg-last\">\n<div class=\"preg-container\">\n<p class=\"preg\">\n<\/div>\n<p class=\"resp\">\n<\/div>\n<div class=\"modulo-footer\">\n<div class=\"validar\">\n<div class=\"manos\">\n<div class=\"gracias\"><\/div>\n<\/div>\n<\/div>\n<div class=\"cerrar_clickable\"><\/div>\n<\/div>\n<\/div>\n<\/div>\n<div id=\"tries\" class=\"expandable-rectangle\">\n<div class=\"clickable\">\n<h4 class=\"sub-title\"><\/h4>\n<\/div>\n<div class=\"glo-container content\">\n<div class=\"cat-table\"><\/div>\n<table class=\"num-table\">\n<tbody>\n<tr>\n<td><\/td>\n<td><\/td>\n<\/tr>\n<tr>\n<td><\/td>\n<td><\/td>\n<\/tr>\n<tr>\n<td><\/td>\n<td><\/td>\n<\/tr>\n<tr>\n<td><\/td>\n<td><\/td>\n<\/tr>\n<tr>\n<td><\/td>\n<td><\/td>\n<\/tr>\n<tr>\n<td><\/td>\n<td><\/td>\n<\/tr>\n<tr>\n<td><\/td>\n<td><\/td>\n<\/tr>\n<tr>\n<td><\/td>\n<td><\/td>\n<\/tr>\n<tr>\n<td><\/td>\n<td><\/td>\n<\/tr>\n<tr>\n<td><\/td>\n<td><\/td>\n<\/tr>\n<tr>\n<td><\/td>\n<td><\/td>\n<\/tr>\n<tr>\n<td><\/td>\n<td><\/td>\n<\/tr>\n<tr>\n<td><\/td>\n<td><\/td>\n<\/tr>\n<\/tbody>\n<\/table>\n<div class=\"cat-table\"><\/div>\n<table class=\"num-table\">\n<tbody>\n<tr>\n<td><\/td>\n<td><\/td>\n<\/tr>\n<tr>\n<td><\/td>\n<td><\/td>\n<\/tr>\n<tr>\n<td><\/td>\n<td><\/td>\n<\/tr>\n<tr>\n<td><\/td>\n<td><\/td>\n<\/tr>\n<tr>\n<td><\/td>\n<td><\/td>\n<\/tr>\n<tr>\n<td><\/td>\n<td><\/td>\n<\/tr>\n<tr>\n<td><\/td>\n<td><\/td>\n<\/tr>\n<\/tbody>\n<\/table>\n<div class=\"cat-table\"><\/div>\n<table class=\"num-table\">\n<tbody>\n<tr>\n<td><\/td>\n<td><\/td>\n<\/tr>\n<tr>\n<td><\/td>\n<td><\/td>\n<\/tr>\n<tr>\n<td><\/td>\n<td><\/td>\n<\/tr>\n<tr>\n<td><\/td>\n<td><\/td>\n<\/tr>\n<\/tbody>\n<\/table>\n<div class=\"cat-table\"><\/div>\n<table class=\"num-table\">\n<tbody>\n<tr>\n<td><\/td>\n<td><\/td>\n<\/tr>\n<tr>\n<td><\/td>\n<td><\/td>\n<\/tr>\n<tr>\n<td><\/td>\n<td><\/td>\n<\/tr>\n<tr>\n<td><\/td>\n<td><\/td>\n<\/tr>\n<tr>\n<td><\/td>\n<td><\/td>\n<\/tr>\n<\/tbody>\n<\/table>\n<div class=\"cat-table\"><\/div>\n<table class=\"num-table\">\n<tbody>\n<tr>\n<td><\/td>\n<td><\/td>\n<\/tr>\n<tr>\n<td><\/td>\n<td><\/td>\n<\/tr>\n<tr>\n<td><\/td>\n<td><\/td>\n<\/tr>\n<\/tbody>\n<\/table>\n<div class=\"cat-table\"><\/div>\n<table class=\"num-table\">\n<tbody>\n<tr>\n<td><\/td>\n<td><\/td>\n<\/tr>\n<tr>\n<td><\/td>\n<td><\/td>\n<\/tr>\n<tr>\n<td><\/td>\n<td><\/td>\n<\/tr>\n<tr>\n<td><\/td>\n<td><\/td>\n<\/tr>\n<\/tbody>\n<\/table>\n<div class=\"modulo-footer\">\n<div class=\"validar\">\n<div class=\"manos\">\n<div class=\"gracias\"><\/div>\n<\/div>\n<\/div>\n<div class=\"download\"><\/div>\n<div class=\"cerrar_clickable\"><\/div>\n<\/div>\n<\/div>\n<\/div>\n<div class=\"footer\">\n<div class=\"disclaimer\"><\/div>\n<div class=\"rrss\">\n<ul>\n<li class=\"rrss_x\"><\/li>\n<li class=\"rrss_ig\"><\/li>\n<\/ul>\n<ul class=\"copyright_container\">\n<li><\/li>\n<li><\/li>\n<\/ul>\n<\/div>\n<\/div>\n<\/div>\n<\/div>\n<\/section>\n<\/div>\n<\/div>\n<div id=\"cuerpo\">\n<div id=\"element-body-0\" class=\"sc-45461e9c-0 eqiBeF container-text text-embed \">\n<p><strong>Boca\u00a0<\/strong>es un hervidero. La\u00a0<strong>racha r\u00e9cord e in\u00e9dita de once partidos sin victorias<\/strong>\u00a0coloc\u00f3 a todos contra la pared y cualquier movimiento en falso puede hundir la espada. A los jugadores, al cuerpo t\u00e9cnico que lidera\u00a0<strong>Miguel \u00c1ngel Russo\u00a0<\/strong>y a la dirigencia que comanda\u00a0<strong>Juan Rom\u00e1n Riquelme<\/strong>. En este escenario, el DT, que en las \u00faltimas horas recibi\u00f3 un espaldarazo del presidente, empez\u00f3 a tomar decisiones fuertes en el vestuario y este mi\u00e9rcoles por la ma\u00f1ana se supo que\u00a0<strong>Marcos Rojo<\/strong>,<strong>\u00a0Marcelo Saracchi\u00a0<\/strong>y\u00a0<strong>Cristian Lema<\/strong>\u00a0no trabajar\u00e1n a la par del plantel de cara al trascendental duelo frente\u00a0<strong>Racing<\/strong>\u00a0del s\u00e1bado 9 de agosto, por la cuarta fecha del\u00a0<strong>Torneo Clausura en la Bombonera<\/strong>.<\/p>\n<\/div>\n<div id=\"element-body-1\" class=\"sc-45461e9c-0 eqiBeF container-text text-embed \">\n<p>El ex defensor de\u00a0<strong>Estudiantes\u00a0<\/strong>recibi\u00f3 en las \u00faltimas horas la comunicaci\u00f3n de que no participar\u00eda del doble turno de entrenamientos programado para este mi\u00e9rcoles.\u00a0<strong>La decisi\u00f3n se tom\u00f3 despu\u00e9s de que tuviera un fuerte intercambio en la tarde del martes con el cuerpo t\u00e9cnico\u00a0<\/strong>y decidiera abandonar\u00a0<em>BocaPredio<\/em>\u00a0antes de comenzar la pr\u00e1ctica.<\/p>\n<\/div>\n<div id=\"element-body-2\" class=\"sc-45461e9c-0 eqiBeF container-text text-embed \">\n<p>El desplante ocurri\u00f3 luego de que Russo y sus colaboradores, en la vuelta al trabajo tras el lunes libre, decidieran hablar cara a cara con el plantel y pidieran que s\u00f3lo estuviesen presentes los futbolistas que hab\u00edan participado en la derrota contra Hurac\u00e1n, en Parque Patricios.<\/p>\n<\/div>\n<div id=\"element-body-3\" class=\"sc-45461e9c-0 eqiBeF container-text text-embed \">\n<p>En ese momento,\u00a0<strong>Rojo hizo saber que no estaba de acuerdo con la orden de mandarlo para afuera<\/strong>\u00a0y, luego de verbalizarlo sin guardarse nada, no s\u00f3lo abandon\u00f3 el gimnasio, sino que tambi\u00e9n tom\u00f3 sus pertenencias y dej\u00f3 el lugar sin participar de la sesi\u00f3n de entrenamientos.<\/p>\n<\/div>\n<div id=\"element-body-4\" class=\"sc-45461e9c-0 eqiBeF container-text text-embed \">\n<p>Eso decant\u00f3 en la decisi\u00f3n de marginarlo de los entrenamientos de este mi\u00e9rcoles, algo que desde el club aseguran que le fue informado a trav\u00e9s de un mensaje que le envi\u00f3 un integrante del Consejo de F\u00fatbol.<strong>\u00a0Lo que no sab\u00eda Rojo es que deb\u00eda cambiarse en otro vestuario. Fue uno de los utileros<\/strong>\u00a0quien le inform\u00f3 que deb\u00eda ir a otro camar\u00edn del Boca Predio. Lo concreto es que la relaci\u00f3n entre Rojo y Boca es cada vez m\u00e1s tensa y aunque era un secreto a voces,\u00a0<strong>el jugador ya sabe que no volver\u00e1 a vestir la camiseta azul y oro.<\/strong><\/p>\n<\/div>\n<div id=\"element-body-5\" class=\"sc-45461e9c-0 eqiBeF container-text text-embed \">\n<p>Casualidad o causalidad, el martes por la noche el zaguero zurdo hab\u00eda subido en sus redes sociales una postal donde se lo ve dentro de la Bombonera junto al utilero Nelson Genez.<\/p>\n<\/div>\n<div id=\"element-body-6\" class=\"sc-45461e9c-0 eqiBeF container-text text-embed \">\n<p><strong>\u00bfSe ir\u00e1 entonces Rojo de Boca?\u00a0<\/strong>Hasta el momento, se sabe que la dirigencia pretende no rescindirle el contrato y que adem\u00e1s no quiere reforzar a ning\u00fan equipo de la liga local, por lo que la posibilidad de regresar a Estudiantes por ahora no corre. Siempre se especul\u00f3 con que emigrar\u00e1 a Inter Miami. Se insiste: Boca se sentar\u00e1 a negociar solo si arriba una oferta de afuera. La sensaci\u00f3n, de todos modos, es que Rojo est\u00e1 forzando la situaci\u00f3n para que por fin Riquelme y el Consejo le otorguen la libertad de acci\u00f3n. Y parece poco probable que eso ocurra, aunque ya decidieron sacarlo del vestuario por su ascendencia en el plantel y para que su malestar no siga influyendo en el rendimiento del equipo.<\/p>\n<\/div>\n<div id=\"element-body-7\" class=\"sc-45461e9c-0 eqiBeF container-text text-embed \">\n<p>Rojo qued\u00f3 se\u00f1alado como el principal responsable de la sublevaci\u00f3n deportiva del plantel de Boca. El ex capit\u00e1n fue quien critic\u00f3 con dureza a Riquelme y al Consejo en un asado del que participaron muchos jugadores en plena negociaci\u00f3n por los premios para el Mundial de Clubes. Rom\u00e1n no le perdona que haya hablado por la espalda y entre los jugadores les apuntaron a otros por ser \u00abbuchones\u00bb del presidente. Ah\u00ed se origin\u00f3 la interna del plantel, tal como revel\u00f3\u00a0<strong>Clar\u00edn<\/strong>\u00a0en su edici\u00f3n de este mi\u00e9rcoles: est\u00e1n los que siguen siendo fieles \u00abal capit\u00e1n\u00bb -por Rojo- y que no reconocen a Edinson Cavani -quien hoy porta la cinta- como un l\u00edder genuino y los que quedaron marcados por filtrar informaci\u00f3n al Consejo y a la prensa, que ya se empezaron a encolumnar detr\u00e1s de Leandro Paredes.<\/p>\n<\/div>\n<div id=\"element-body-8\" class=\"sc-45461e9c-0 eqiBeF container-text text-embed \">\n<p><strong>Lo mismo que para Rojo corre para Marcelo Saracchi<\/strong>, quien habitualmente no entra a las convocatorias de Russo cuando se excede el cupo de extranjeros. El marcador lateral uruguayo tampoco particip\u00f3 del entrenamiento ni pudo cambiarse con el resto del grupo.<strong>\u00a0La medida alcanza tambi\u00e9n a Cristian Lema<\/strong>, quien desde hace tiempo no es tenido en cuenta por el cuerpo t\u00e9cnico -de hecho ni siquiera viaj\u00f3 al Mundial de Clubes-. Al ex Belgrano y Lan\u00fas le ofrecieron la rescisi\u00f3n del contrato cuando ya hab\u00eda cerrado el mercado de pases y despu\u00e9s de haberle negado la salida d\u00edas antes.<\/p>\n<\/div>\n<div id=\"element-body-9\" class=\"sc-45461e9c-0 eqiBeF container-text text-embed \">\n<p>Los tres futbolistas desafectados se entrenaron a solas con un preparador f\u00edsico y volvieron a sus casas, ya que no realizar\u00e1n doble turno como si lo har\u00e1n sus compa\u00f1eros del plantel de Primera Divisi\u00f3n. De no mediar sorpresas, ser\u00e1 el principio del fin de su v\u00ednculo con Boca. Habr\u00e1 que ver si Rojo, Saracchi y Lema logran llegar a un acuerdo, aunque no se tomar\u00e1n decisiones ni habr\u00e1 anuncios grandilocuentes hasta que asuma el nuevo m\u00e1nager.<\/p>\n<\/div>\n<div id=\"element-body-10\" class=\"sc-45461e9c-0 eqiBeF container-text text-embed \">\n<p>El caso distinto es el de Sergio Romero.\u00a0<em>Chiquito<\/em>\u00a0tampoco es tenido en cuenta por Russo, quien opt\u00f3 porque sus arqueros sean Agust\u00edn Marches\u00edn, Leandro Brey y Javier Garc\u00eda, pero sigue entrenando a la par del grupo. El subcampe\u00f3n del mundo en Brasil 2014 espera por una oferta para emigrar al exterior.<\/p>\n<\/div>\n<\/div>\n<\/div>\n<\/article>\n<\/section>\n","protected":false},"excerpt":{"rendered":"<p>La crisis en Boca y la primera decisi\u00f3n fuerte de Miguel \u00c1ngel Russo: Marcos Rojo, Marcelo Saracchi y Cristian Lema fueron apartados del plantel &nbsp; Otros tiempos. Marcos Rojo y Miguel Angel Russo juntos en el segundo ciclo del DT. Foto: Javier Garc\u00eda Martino Es una decisi\u00f3n del entrenador, que el martes hab\u00eda tenido una &hellip;<\/p>\n","protected":false},"author":2,"featured_media":22915,"comment_status":"open","ping_status":"open","sticky":false,"template":"","format":"standard","meta":{"footnotes":""},"categories":[47],"tags":[],"class_list":["post-22914","post","type-post","status-publish","format-standard","has-post-thumbnail","hentry","category-nacionales"],"_links":{"self":[{"href":"https:\/\/www.sportchaco.com.ar\/index.php?rest_route=\/wp\/v2\/posts\/22914","targetHints":{"allow":["GET"]}}],"collection":[{"href":"https:\/\/www.sportchaco.com.ar\/index.php?rest_route=\/wp\/v2\/posts"}],"about":[{"href":"https:\/\/www.sportchaco.com.ar\/index.php?rest_route=\/wp\/v2\/types\/post"}],"author":[{"embeddable":true,"href":"https:\/\/www.sportchaco.com.ar\/index.php?rest_route=\/wp\/v2\/users\/2"}],"replies":[{"embeddable":true,"href":"https:\/\/www.sportchaco.com.ar\/index.php?rest_route=%2Fwp%2Fv2%2Fcomments&post=22914"}],"version-history":[{"count":4,"href":"https:\/\/www.sportchaco.com.ar\/index.php?rest_route=\/wp\/v2\/posts\/22914\/revisions"}],"predecessor-version":[{"id":22919,"href":"https:\/\/www.sportchaco.com.ar\/index.php?rest_route=\/wp\/v2\/posts\/22914\/revisions\/22919"}],"wp:featuredmedia":[{"embeddable":true,"href":"https:\/\/www.sportchaco.com.ar\/index.php?rest_route=\/wp\/v2\/media\/22915"}],"wp:attachment":[{"href":"https:\/\/www.sportchaco.com.ar\/index.php?rest_route=%2Fwp%2Fv2%2Fmedia&parent=22914"}],"wp:term":[{"taxonomy":"category","embeddable":true,"href":"https:\/\/www.sportchaco.com.ar\/index.php?rest_route=%2Fwp%2Fv2%2Fcategories&post=22914"},{"taxonomy":"post_tag","embeddable":true,"href":"https:\/\/www.sportchaco.com.ar\/index.php?rest_route=%2Fwp%2Fv2%2Ftags&post=22914"}],"curies":[{"name":"wp","href":"https:\/\/api.w.org\/{rel}","templated":true}]}}