{"id":22947,"date":"2025-07-31T10:58:23","date_gmt":"2025-07-31T13:58:23","guid":{"rendered":"https:\/\/www.sportchaco.com.ar\/?p=22947"},"modified":"2025-07-31T10:58:23","modified_gmt":"2025-07-31T13:58:23","slug":"titi-barsanti-de-asistente-de-victoriano-en-instituto-a-tecnico-en-comunicaciones","status":"publish","type":"post","link":"https:\/\/www.sportchaco.com.ar\/?p=22947","title":{"rendered":"Titi Barsanti, de asistente de Victoriano en Instituto a t\u00e9cnico en Comunicaciones"},"content":{"rendered":"<section class=\"\n              mb-8 flex flex-col gap-4 text-neutral-850\n\n              lg:mb-12\n            \"><\/p>\n<div class=\"text-base font-bold\">B\u00e1squet<\/div>\n<h1 class=\"\n                  font-caladeaRegular text-neutral-850 text-custom-30 leading-8\n\n                  lg:text-custom-50 lg:leading-custom-52\"><span class=\"\n            font-bold\n\n            text-lvi-primary\n            font-caladeaBold\n          \">Liga Argentina.<\/span>\u00a0Titi Barsanti, de asistente de Victoriano en Instituto a t\u00e9cnico en Comunicaciones<\/h1>\n<h2 class=\"\n\n                    text-custom-18 leading-tight text-neutral-850\n\n                    lg:text-custom-22 lg:leading-custom-27\n\n      \">El entrenador nacido en Paran\u00e1 conducir\u00e1 al equipo de Mercedes en la pr\u00f3xima temporada del ascenso en el b\u00e1squet nacional.<\/h2>\n<div class=\"\n        text-base\n\n        undefined\n      \"><\/div>\n<div class=\"\n                flex flex-col items-start justify-between gap-4\n\n                lg:flex-row lg:items-center\n              \"><\/p>\n<div class=\"flex flex-row gap-4\"><\/div>\n<div class=\"flex gap-4\">\n<div class=\"\n        relative\n\n        undefined\n      \"><\/div>\n<section class=\"clearfix ajuste-1440-card\">\n<div class=\"viafoura counter-vf\"><\/div>\n<\/section>\n<\/div>\n<\/div>\n<div class=\"flex flex-col\"><img loading=\"lazy\" decoding=\"async\" class=\"\n        w-full rounded-xl\n\n        md:block md:h-auto md:rounded-20 \n      \" src=\"https:\/\/www.lavoz.com.ar\/resizer\/v2\/2SEUE3MJOJEYXCO6MOOXELDNNY.JPG?auth=0abf6d8970b26132f5455b71572df999905f136ea3e2e4821379161023e3135c&amp;quality=75&amp;smart=true&amp;width=980&amp;height=551\" alt=\"Foto principal de la nota\" width=\"642\" height=\"432\" data-nimg=\"1\" \/>Ignacio Barsanti fue el asistente t\u00e9cnico de Lucas Victoriano en los cuatro a\u00f1os en Instituto y ahora dirigir\u00e1 a Comunicaciones de Mercedes en la Liga Argentina. (Javier Ferreyra \/ La Voz)<\/div>\n<\/section>\n<div class=\"sc-hvigdm JMued\">\n<div id=\"shadow-root\">\n<div class=\"\">\n<div class=\"\">\n<div id=\"bloque-contenedor\" class=\"  justify-center w-full bg-white shadow-lg \">\n<div class=\"col-span-1 md:col-span-12 flex md:flex-row items-center justify-start px-12 pt-2\"><\/div>\n<div class=\"col-span-1 md:col-span-12 px-12 pb-2\">\n<div class=\" gap-4 justify-center\">\n<div class=\"col-span-1 md:col-span-4 text-left  text-black\"><\/div>\n<\/div>\n<\/div>\n<div class=\"col-span-1 md:col-span-12 px-12 py-2 \">\n<div class=\"grid grid-cols-1 md:grid-cols-12 gap-4 justify-center\">\n<div class=\"col-span-1 md:col-span-3 text-center md:text-left md:items-start flex text-black\"><\/div>\n<\/div>\n<\/div>\n<div class=\"col-span-1 md:col-span-12 bg-blue-custom p-2\"><\/div>\n<\/div>\n<\/div>\n<\/div>\n<\/div>\n<section class=\"undefined mb-8 lg:min-h-[180px] min-h-[120px] \">\n<div id=\"powerbeans-player\" class=\"mb-4 undefined h-100% max-h-[190px] relative z-40\">\n<div id=\"powerbeans-widget\" class=\"pb-tw light\" data-current-content=\"https:\/\/www.lavoz.com.ar\/deportes\/basquet\/titi-barsanti-de-asistente-de-victoriano-en-instituto-a-tecnico-en-comunicaciones\/\" data-should-refetch=\"false\" data-refetching=\"false\" data-mounted=\"true\" data-fetched=\"true\">\n<div class=\"App !beans-px-[16px] !beans-pt-[12px] !beans-pb-[8px] beans-bg-primary beans-relative beans-flex beans-justify-around beans-flex-row beans-items-center beans-rounded-xl beans-py-1 beans-px-3 beans-drop-shadow-md\">\n<div id=\"powerbeans-player-container\" class=\"!beans-flex beans-items-center beans-justify-center !beans-w-full\">\n<div class=\"beans-flex beans-flex-col !beans-w-full\">\n<div>\n<div class=\"beans-transition-all beans-linear beans-duration-300\">\n<div class=\"beans-grid beans-h-fit\">\n<div class=\"beans-text-[14px] beans-leading-[17px] sm:beans-pb-[4px] beans-font-medium !beans-text-left beans-line-clamp-2 beans-transition-all beans-linear beans-duration-300\"><\/div>\n<\/div>\n<\/div>\n<\/div>\n<div class=\"beans-flex beans-flex-col\">\n<div class=\"beans-flex beans-grow\">\n<div class=\"beans-flex beans-mr-[12px]\">\n<div class=\"beans-ml-[3px] beans-flex beans-justify-center\"><\/div>\n<\/div>\n<div class=\"beans-flex beans-flex-col beans-grow\"><\/div>\n<div class=\"beans-relative beans-flex beans-items-center beans-justify-center beans-transition-all beans-duration-300 beans-ml-[12px] beans-w-[34px] beans-opacity-100\"><\/div>\n<\/div>\n<div class=\"\">\n<div id=\"powerbeans-sticky-container\" class=\"beans-overflow-hidden beans-transition-all beans-duration-200 beans-h-[1px]\">\n<div id=\"DISPLAY_BANNER_CONTAINER\" class=\"beans-flex beans-justify-center\">\n<div id=\"POWERBEANS_DISPLAY_BANNER\" data-refresh-pending=\"true\"><\/div>\n<\/div>\n<div id=\"COMPANION_BANNER\" class=\"beans-flex beans-justify-center\"><\/div>\n<\/div>\n<\/div>\n<\/div>\n<\/div>\n<\/div>\n<\/div>\n<\/div>\n<\/div>\n<\/section>\n<div class=\"sc-hvigdm JMued mx-auto flex max-w-body flex-col\">\n<p class=\"text-class\"><strong><span style=\"color: #000000;\"><a style=\"color: #000000;\" title=\"https:\/\/www.lavoz.com.ar\/deportes\/basquet\/titi-barsanti-la-mano-derecha-de-lucas-victoriano-en-el-exitoso-basquet-de-instituto\/\" href=\"https:\/\/www.lavoz.com.ar\/deportes\/basquet\/titi-barsanti-la-mano-derecha-de-lucas-victoriano-en-el-exitoso-basquet-de-instituto\/\" target=\"_self\" rel=\"\">Ignacio Barsanti<\/a>, la mano derecha de Lucas Victoriano en los cuatro a\u00f1os de \u00e9xitos en Instituto, es el nuevo entrenador de Comunicaciones de Mercedes para la pr\u00f3xima temporada de la Liga Argentina de b\u00e1squetbol. Nacido en Paran\u00e1 el 3 de junio de 1985, \u201cTiti\u201d llega al Aurinegro con la dif\u00edcil meta de pelear el ascenso a la Liga Nacional.<\/span><\/strong><\/p>\n<p class=\"text-class\">Barsanti inici\u00f3 su camino en la direcci\u00f3n t\u00e9cnica en las divisiones formativas de Ciclista, dentro del torneo local de la Asociaci\u00f3n Paranaense de B\u00e1squet (APB). Su primer salto profesional se dio en 2012, cuando fue convocado por Echag\u00fce para ser asistente de Sebasti\u00e1n Uranga en el Torneo Nacional de Ascenso (TNA). En Echag\u00fce tuvo una importante trayectoria: no solo fue asistente, sino que asumi\u00f3 como entrenador principal en la temporada 2014\/2015. M\u00e1s tarde, fue parte del cuerpo t\u00e9cnico en el regreso del club a La Liga Nacional en la campa\u00f1a 2016\/2017, y su \u00faltimo paso por Echag\u00fce se dio en la edici\u00f3n 2017\/2018 de la Liga Argentina.<\/p>\n<p class=\"text-class\">Victoriano y Barsanti empezaron a trabajar junto en 2018, en Regatas Corrientes. Victoriano hab\u00eda comenzado su carrera de entrenador una temporada antes, en la 2017\/218 en Estudiantes de Concordia. Para comenzar su etapa en Corrientes, que dur\u00f3 cuatro campa\u00f1as (incluida la suspendida por la pandemia) el tucumano necesitaba un asistente. Sebasti\u00e1n Uranga, que fue compa\u00f1ero de Victoriano en Olimpia de Venado Tuerto (fueron campeones de la Liga Nacional y la Liga Sudamericana), le recomend\u00f3 a Barsanti.<\/p>\n<p class=\"text-class\">\u201cEl Titi\u201d conoc\u00eda a Uranga de su Paran\u00e1 natal. R\u00e1pido, coincidieron.<\/p>\n<article class=\"\n          group overflow-hidden rounded-xl transition-all duration-300\n          ease-in-out\n\n        mb-8 mt-4 flex shadow-lg\n\n            bg-white shadow-md\n\n        \"><\/p>\n<div class=\"\n            flex max-h-[154px] overflow-hidden rounded-lg bg-white shadow-sm\n            transition-all story-related\n\n            hover:shadow-lg\n          \"><\/p>\n<div class=\"flex flex-col py-2.5 pr-6\">\n<h4 class=\"mb-2 text-custom-11\"><\/h4>\n<div class=\"\n              mt-auto flex text-custom-10 leading-none author-name font-normal\n            \"><\/p>\n<div class=\"\n        text-base font-bold\n\n        ml-1 text-custom-10 leading-none font-bold\n      \"><\/div>\n<\/div>\n<\/div>\n<\/div>\n<\/article>\n<div class=\"mb-8 mt-4\">\n<h3 class=\"\n              text-neutral-850\n              title-story-tags mb-4 border-b border-solid border-neutral-350\n              pb-2.5 font-caladeaBold text-xl \n            \"><\/h3>\n<\/div>\n<\/div>\n<\/div>\n","protected":false},"excerpt":{"rendered":"<p>B\u00e1squet Liga Argentina.\u00a0Titi Barsanti, de asistente de Victoriano en Instituto a t\u00e9cnico en Comunicaciones El entrenador nacido en Paran\u00e1 conducir\u00e1 al equipo de Mercedes en la pr\u00f3xima temporada del ascenso en el b\u00e1squet nacional. Ignacio Barsanti fue el asistente t\u00e9cnico de Lucas Victoriano en los cuatro a\u00f1os en Instituto y ahora dirigir\u00e1 a Comunicaciones de &hellip;<\/p>\n","protected":false},"author":2,"featured_media":22948,"comment_status":"open","ping_status":"open","sticky":false,"template":"","format":"standard","meta":{"footnotes":""},"categories":[3],"tags":[],"class_list":["post-22947","post","type-post","status-publish","format-standard","has-post-thumbnail","hentry","category-basquetbol"],"_links":{"self":[{"href":"https:\/\/www.sportchaco.com.ar\/index.php?rest_route=\/wp\/v2\/posts\/22947","targetHints":{"allow":["GET"]}}],"collection":[{"href":"https:\/\/www.sportchaco.com.ar\/index.php?rest_route=\/wp\/v2\/posts"}],"about":[{"href":"https:\/\/www.sportchaco.com.ar\/index.php?rest_route=\/wp\/v2\/types\/post"}],"author":[{"embeddable":true,"href":"https:\/\/www.sportchaco.com.ar\/index.php?rest_route=\/wp\/v2\/users\/2"}],"replies":[{"embeddable":true,"href":"https:\/\/www.sportchaco.com.ar\/index.php?rest_route=%2Fwp%2Fv2%2Fcomments&post=22947"}],"version-history":[{"count":1,"href":"https:\/\/www.sportchaco.com.ar\/index.php?rest_route=\/wp\/v2\/posts\/22947\/revisions"}],"predecessor-version":[{"id":22949,"href":"https:\/\/www.sportchaco.com.ar\/index.php?rest_route=\/wp\/v2\/posts\/22947\/revisions\/22949"}],"wp:featuredmedia":[{"embeddable":true,"href":"https:\/\/www.sportchaco.com.ar\/index.php?rest_route=\/wp\/v2\/media\/22948"}],"wp:attachment":[{"href":"https:\/\/www.sportchaco.com.ar\/index.php?rest_route=%2Fwp%2Fv2%2Fmedia&parent=22947"}],"wp:term":[{"taxonomy":"category","embeddable":true,"href":"https:\/\/www.sportchaco.com.ar\/index.php?rest_route=%2Fwp%2Fv2%2Fcategories&post=22947"},{"taxonomy":"post_tag","embeddable":true,"href":"https:\/\/www.sportchaco.com.ar\/index.php?rest_route=%2Fwp%2Fv2%2Ftags&post=22947"}],"curies":[{"name":"wp","href":"https:\/\/api.w.org\/{rel}","templated":true}]}}