{"id":22964,"date":"2025-07-31T16:21:10","date_gmt":"2025-07-31T19:21:10","guid":{"rendered":"https:\/\/www.sportchaco.com.ar\/?p=22964"},"modified":"2025-07-31T16:21:10","modified_gmt":"2025-07-31T19:21:10","slug":"pancaldo-extendio-su-vinculo-con-for-ever","status":"publish","type":"post","link":"https:\/\/www.sportchaco.com.ar\/?p=22964","title":{"rendered":"Pancaldo extendi\u00f3 su v\u00ednculo con For Ever"},"content":{"rendered":"<p><strong>31-07-2025<\/strong><\/p>\n<p><img loading=\"lazy\" decoding=\"async\" class=\"aligncenter size-large wp-image-20161\" src=\"https:\/\/www.sportchaco.com.ar\/wp-content\/uploads\/2025\/06\/BANNER-WEB-CHACO-JUEGA_720x90-1024x128.gif\" alt=\"\" width=\"1024\" height=\"128\" srcset=\"https:\/\/www.sportchaco.com.ar\/wp-content\/uploads\/2025\/06\/BANNER-WEB-CHACO-JUEGA_720x90-1024x128.gif 1024w, https:\/\/www.sportchaco.com.ar\/wp-content\/uploads\/2025\/06\/BANNER-WEB-CHACO-JUEGA_720x90-300x38.gif 300w, https:\/\/www.sportchaco.com.ar\/wp-content\/uploads\/2025\/06\/BANNER-WEB-CHACO-JUEGA_720x90-768x96.gif 768w\" sizes=\"auto, (max-width: 1024px) 100vw, 1024px\" \/><\/p>\n<p>For Ever y Ricardo Pancaldo llegaron a un acuerdo de extensi\u00f3n de un a\u00f1o de contrato para el entrenador y su cuerpo t\u00e9cnico de trabajo.<\/p>\n<p>De esta manera, el DT santafesino que hab\u00eda llegado al club chaque\u00f1o en julio del a\u00f1o pasado asegur\u00f3 seguir dirigiendo al equipo en la Primera Nacional por un a\u00f1o m\u00e1s.<\/p>\n<p>Es la segunda etapa de Pancaldo en el \u00abnegro\u00bb; la primera hab\u00eda sido tan solo de un corto tiempo, de agosto a diciembre de 2023.<\/p>\n<p>For Ever en la actual temporada se encuentra en zona de Reducido, marchando en el quinto lugar de la zona B, pero a tan solo a tres unidades de los punteros. Adem\u00e1s, ya sin inconvenientes de pelear por la permanencia en la temporada 2025.<\/p>\n<p><strong>El comunicado de For Ever<\/strong><br \/>\n<em>\u00abEl Club Atl\u00e9tico Chaco For Ever, su Comisi\u00f3n Directiva, informa que se lleg\u00f3 a un acuerdo de extensi\u00f3n del v\u00ednculo con Ricardo Pancaldo y su cuerpo t\u00e9cnico, Germ\u00e1n C\u00e1ceres y Gerardo Selliares, para seguir en la direcci\u00f3n t\u00e9cnica del plantel profesional. \u00a1Seguimos Trabajando!\u00bb<\/em><\/p>\n<p><img loading=\"lazy\" decoding=\"async\" class=\"aligncenter size-large wp-image-20149\" src=\"https:\/\/www.sportchaco.com.ar\/wp-content\/uploads\/2025\/06\/Chaco-sin-fuego-1080x1350-3-819x1024.gif\" alt=\"\" width=\"819\" height=\"1024\" srcset=\"https:\/\/www.sportchaco.com.ar\/wp-content\/uploads\/2025\/06\/Chaco-sin-fuego-1080x1350-3-819x1024.gif 819w, https:\/\/www.sportchaco.com.ar\/wp-content\/uploads\/2025\/06\/Chaco-sin-fuego-1080x1350-3-240x300.gif 240w, https:\/\/www.sportchaco.com.ar\/wp-content\/uploads\/2025\/06\/Chaco-sin-fuego-1080x1350-3-768x960.gif 768w, https:\/\/www.sportchaco.com.ar\/wp-content\/uploads\/2025\/06\/Chaco-sin-fuego-1080x1350-3-1229x1536.gif 1229w, https:\/\/www.sportchaco.com.ar\/wp-content\/uploads\/2025\/06\/Chaco-sin-fuego-1080x1350-3-1638x2048.gif 1638w\" sizes=\"auto, (max-width: 819px) 100vw, 819px\" \/><\/p>\n","protected":false},"excerpt":{"rendered":"<p>31-07-2025 For Ever y Ricardo Pancaldo llegaron a un acuerdo de extensi\u00f3n de un a\u00f1o de contrato para el entrenador y su cuerpo t\u00e9cnico de trabajo. De esta manera, el DT santafesino que hab\u00eda llegado al club chaque\u00f1o en julio del a\u00f1o pasado asegur\u00f3 seguir dirigiendo al equipo en la Primera Nacional por un a\u00f1o &hellip;<\/p>\n","protected":false},"author":3,"featured_media":11762,"comment_status":"open","ping_status":"open","sticky":false,"template":"","format":"standard","meta":{"footnotes":""},"categories":[5],"tags":[],"class_list":["post-22964","post","type-post","status-publish","format-standard","has-post-thumbnail","hentry","category-futbol"],"_links":{"self":[{"href":"https:\/\/www.sportchaco.com.ar\/index.php?rest_route=\/wp\/v2\/posts\/22964","targetHints":{"allow":["GET"]}}],"collection":[{"href":"https:\/\/www.sportchaco.com.ar\/index.php?rest_route=\/wp\/v2\/posts"}],"about":[{"href":"https:\/\/www.sportchaco.com.ar\/index.php?rest_route=\/wp\/v2\/types\/post"}],"author":[{"embeddable":true,"href":"https:\/\/www.sportchaco.com.ar\/index.php?rest_route=\/wp\/v2\/users\/3"}],"replies":[{"embeddable":true,"href":"https:\/\/www.sportchaco.com.ar\/index.php?rest_route=%2Fwp%2Fv2%2Fcomments&post=22964"}],"version-history":[{"count":1,"href":"https:\/\/www.sportchaco.com.ar\/index.php?rest_route=\/wp\/v2\/posts\/22964\/revisions"}],"predecessor-version":[{"id":22965,"href":"https:\/\/www.sportchaco.com.ar\/index.php?rest_route=\/wp\/v2\/posts\/22964\/revisions\/22965"}],"wp:featuredmedia":[{"embeddable":true,"href":"https:\/\/www.sportchaco.com.ar\/index.php?rest_route=\/wp\/v2\/media\/11762"}],"wp:attachment":[{"href":"https:\/\/www.sportchaco.com.ar\/index.php?rest_route=%2Fwp%2Fv2%2Fmedia&parent=22964"}],"wp:term":[{"taxonomy":"category","embeddable":true,"href":"https:\/\/www.sportchaco.com.ar\/index.php?rest_route=%2Fwp%2Fv2%2Fcategories&post=22964"},{"taxonomy":"post_tag","embeddable":true,"href":"https:\/\/www.sportchaco.com.ar\/index.php?rest_route=%2Fwp%2Fv2%2Ftags&post=22964"}],"curies":[{"name":"wp","href":"https:\/\/api.w.org\/{rel}","templated":true}]}}