{"id":22980,"date":"2025-07-31T22:34:44","date_gmt":"2025-08-01T01:34:44","guid":{"rendered":"https:\/\/www.sportchaco.com.ar\/?p=22980"},"modified":"2025-07-31T22:34:44","modified_gmt":"2025-08-01T01:34:44","slug":"ramiro-diaz-cuello-cuenta-su-primera-experiencia-en-asia","status":"publish","type":"post","link":"https:\/\/www.sportchaco.com.ar\/?p=22980","title":{"rendered":"Ramiro D\u00edaz Cuello cuenta su primera experiencia en Asia"},"content":{"rendered":"<h4 class=\"summary-section-title--NObE7\"><\/h4>\n<div class=\"summary-section-content--hb3qT\">\n<h4 class=\"summary-content--wicze\"><strong>El destacado t\u00e9cnico Ramiro D\u00edaz Cuello, salte\u00f1o y tambi\u00e9n un poco chaque\u00f1o como el lo reconoce, acaba de tener una experiencia exitosa en Indonesia, donde fue a dirigir un equipo de b\u00e1squetbol profesional. Una charla imperdible con Cara y Ceca del Deporte, con Facundo Maciel, Edgar Quinteros, Marcos Daniel Acosta y Luis Dar\u00edo Molodezky.<\/strong><\/h4>\n<p>&nbsp;<\/p>\n<div><img decoding=\"async\" src=\"https:\/\/scontent.fcnq2-2.fna.fbcdn.net\/v\/t39.30808-6\/526353262_10233915246737158_798786397813961503_n.jpg?_nc_cat=109&amp;ccb=1-7&amp;_nc_sid=127cfc&amp;_nc_eui2=AeE91WbQzdVnQrCeYRADkk2anOE_-D7tfASc4T_4Pu18BFoLjlt_Ueq8MvRKpqWLo-s&amp;_nc_ohc=P-lhO8qyO6YQ7kNvwGOxgGB&amp;_nc_oc=Adlo9GM2pD7irxM-YPUiY0GTgfUIKPOwnfQX5w7xWhhiqwfg9jh_YQGgYu5ZpHA4a3s&amp;_nc_zt=23&amp;_nc_ht=scontent.fcnq2-2.fna&amp;_nc_gid=gmaCQMkcuknBzXxPyW8yVA&amp;oh=00_AfSAs7jFlKduRIFCXwD6ZgIZYdZUt3agblXoKH4IwWo5jQ&amp;oe=6891E1A9\" alt=\"Puede ser una imagen de 5 personas y texto\" \/><\/div>\n<div class=\"summary-content--wicze\">Ramiro D\u00edaz Cuello, un t\u00e9cnico que dirigi\u00f3 mucho en el Chaco y que ahora\u00a0 \u00a0trabaja en Bali, Indonesia. Ramiro comparte c\u00f3mo ha sido su traslado y adaptaci\u00f3n a un entorno completamente nuevo, destacando la diferencia horaria y cultural. Se menciona su trabajo en un club profesional que le brinda excelentes recursos tecnol\u00f3gicos y materiales, lo que contrasta con su experiencia previa en Argentina. Ramiro tambi\u00e9n detalla el proceso de su contrataci\u00f3n, incluyendo entrevistas en ingl\u00e9s y la necesidad de adaptarse a un nuevo estilo de vida. Adem\u00e1s, habla sobre las costumbres locales, como los horarios de comida, la religi\u00f3n predominante y las diferencias en la forma de comer. La conversaci\u00f3n refleja tanto los desaf\u00edos como las satisfacciones de trabajar en el extranjero y culmina en el logro del equipo al coronarse campe\u00f3n, un objetivo que Ramiro considera un gran \u00e9xito personal y profesional.<\/div>\n<div><img loading=\"lazy\" decoding=\"async\" class=\"alignnone size-medium wp-image-22985\" src=\"https:\/\/www.sportchaco.com.ar\/wp-content\/uploads\/2025\/07\/WhatsApp-Image-2025-07-31-at-19.09.19-300x270.jpeg\" alt=\"\" width=\"300\" height=\"270\" srcset=\"https:\/\/www.sportchaco.com.ar\/wp-content\/uploads\/2025\/07\/WhatsApp-Image-2025-07-31-at-19.09.19-300x270.jpeg 300w, https:\/\/www.sportchaco.com.ar\/wp-content\/uploads\/2025\/07\/WhatsApp-Image-2025-07-31-at-19.09.19.jpeg 640w\" sizes=\"auto, (max-width: 300px) 100vw, 300px\" \/><\/div>\n<div><\/div>\n<\/div>\n<div>\n<p>Ramiro parte 1<\/p>\n<audio class=\"wp-audio-shortcode\" id=\"audio-22980-1\" preload=\"none\" style=\"width: 100%;\" controls=\"controls\"><source type=\"audio\/mpeg\" src=\"https:\/\/www.sportchaco.com.ar\/wp-content\/uploads\/2025\/07\/Raniro-Daiz-Cuello1.mp3?_=1\" \/><a href=\"https:\/\/www.sportchaco.com.ar\/wp-content\/uploads\/2025\/07\/Raniro-Daiz-Cuello1.mp3\">https:\/\/www.sportchaco.com.ar\/wp-content\/uploads\/2025\/07\/Raniro-Daiz-Cuello1.mp3<\/a><\/audio>\n<p>Ramiro parte 2<\/p>\n<audio class=\"wp-audio-shortcode\" id=\"audio-22980-2\" preload=\"none\" style=\"width: 100%;\" controls=\"controls\"><source type=\"audio\/mpeg\" src=\"https:\/\/www.sportchaco.com.ar\/wp-content\/uploads\/2025\/07\/Raniro-Daiz-Cuello2.mp3?_=2\" \/><a href=\"https:\/\/www.sportchaco.com.ar\/wp-content\/uploads\/2025\/07\/Raniro-Daiz-Cuello2.mp3\">https:\/\/www.sportchaco.com.ar\/wp-content\/uploads\/2025\/07\/Raniro-Daiz-Cuello2.mp3<\/a><\/audio>\n<\/div>\n<p>Ramiro parte 3<\/p>\n<audio class=\"wp-audio-shortcode\" id=\"audio-22980-3\" preload=\"none\" style=\"width: 100%;\" controls=\"controls\"><source type=\"audio\/mpeg\" src=\"https:\/\/www.sportchaco.com.ar\/wp-content\/uploads\/2025\/07\/Raniro-Daiz-Cuello3.mp3?_=3\" \/><a href=\"https:\/\/www.sportchaco.com.ar\/wp-content\/uploads\/2025\/07\/Raniro-Daiz-Cuello3.mp3\">https:\/\/www.sportchaco.com.ar\/wp-content\/uploads\/2025\/07\/Raniro-Daiz-Cuello3.mp3<\/a><\/audio>\n<p>&nbsp;<\/p>\n<div>\n<p><img decoding=\"async\" src=\"https:\/\/scontent.fcnq2-1.fna.fbcdn.net\/v\/t39.30808-6\/526614274_10233915246537153_8504440306772573426_n.jpg?_nc_cat=100&amp;ccb=1-7&amp;_nc_sid=127cfc&amp;_nc_eui2=AeGEZNDfGVA9NZkxNCknN2Fhejrv9Q22E-J6Ou_1DbYT4sWZQQCoH7VESDxBIsbeVBU&amp;_nc_ohc=wQDeNK5xCBEQ7kNvwH7Qwat&amp;_nc_oc=Admebw_T-j9ITMhjCvqJq-hnNrpZC1EkGw24XifinOZoiXCyTuMMzQiy6K44COKQb3M&amp;_nc_zt=23&amp;_nc_ht=scontent.fcnq2-1.fna&amp;_nc_gid=PfV4JMHI7Ziwi5tQ1aXXXg&amp;oh=00_AfRhzXUpmMKGlDIVNraKitiJEX2LhmI6At0tVakcVFnWCg&amp;oe=6891D193\" alt=\"Puede ser una imagen de 2 personas, personas jugando al baloncesto y texto que dice &quot;JF DEWA UNITED molten&quot;\" \/><\/p>\n<p>&nbsp;<\/p>\n<\/div>\n","protected":false},"excerpt":{"rendered":"<p>El destacado t\u00e9cnico Ramiro D\u00edaz Cuello, salte\u00f1o y tambi\u00e9n un poco chaque\u00f1o como el lo reconoce, acaba de tener una experiencia exitosa en Indonesia, donde fue a dirigir un equipo de b\u00e1squetbol profesional. Una charla imperdible con Cara y Ceca del Deporte, con Facundo Maciel, Edgar Quinteros, Marcos Daniel Acosta y Luis Dar\u00edo Molodezky. &nbsp; &hellip;<\/p>\n","protected":false},"author":2,"featured_media":22985,"comment_status":"open","ping_status":"open","sticky":false,"template":"","format":"standard","meta":{"footnotes":""},"categories":[3],"tags":[],"class_list":["post-22980","post","type-post","status-publish","format-standard","has-post-thumbnail","hentry","category-basquetbol"],"_links":{"self":[{"href":"https:\/\/www.sportchaco.com.ar\/index.php?rest_route=\/wp\/v2\/posts\/22980","targetHints":{"allow":["GET"]}}],"collection":[{"href":"https:\/\/www.sportchaco.com.ar\/index.php?rest_route=\/wp\/v2\/posts"}],"about":[{"href":"https:\/\/www.sportchaco.com.ar\/index.php?rest_route=\/wp\/v2\/types\/post"}],"author":[{"embeddable":true,"href":"https:\/\/www.sportchaco.com.ar\/index.php?rest_route=\/wp\/v2\/users\/2"}],"replies":[{"embeddable":true,"href":"https:\/\/www.sportchaco.com.ar\/index.php?rest_route=%2Fwp%2Fv2%2Fcomments&post=22980"}],"version-history":[{"count":1,"href":"https:\/\/www.sportchaco.com.ar\/index.php?rest_route=\/wp\/v2\/posts\/22980\/revisions"}],"predecessor-version":[{"id":22986,"href":"https:\/\/www.sportchaco.com.ar\/index.php?rest_route=\/wp\/v2\/posts\/22980\/revisions\/22986"}],"wp:featuredmedia":[{"embeddable":true,"href":"https:\/\/www.sportchaco.com.ar\/index.php?rest_route=\/wp\/v2\/media\/22985"}],"wp:attachment":[{"href":"https:\/\/www.sportchaco.com.ar\/index.php?rest_route=%2Fwp%2Fv2%2Fmedia&parent=22980"}],"wp:term":[{"taxonomy":"category","embeddable":true,"href":"https:\/\/www.sportchaco.com.ar\/index.php?rest_route=%2Fwp%2Fv2%2Fcategories&post=22980"},{"taxonomy":"post_tag","embeddable":true,"href":"https:\/\/www.sportchaco.com.ar\/index.php?rest_route=%2Fwp%2Fv2%2Ftags&post=22980"}],"curies":[{"name":"wp","href":"https:\/\/api.w.org\/{rel}","templated":true}]}}