{"id":22999,"date":"2025-08-01T10:52:59","date_gmt":"2025-08-01T13:52:59","guid":{"rendered":"https:\/\/www.sportchaco.com.ar\/?p=22999"},"modified":"2025-08-01T10:52:59","modified_gmt":"2025-08-01T13:52:59","slug":"se-inicia-aniversario-de-bochas-de-italiana","status":"publish","type":"post","link":"https:\/\/www.sportchaco.com.ar\/?p=22999","title":{"rendered":"Se inicia aniversario de Bochas de Italiana"},"content":{"rendered":"<p>&nbsp;<\/p>\n<p>En el marco del 98\u00b0aniversario de <b>Asociaci\u00f3n Italiana de Charata, se iniciaron los actos de celebraci\u00f3n incluye much\u00edsimas actividades,<\/b><\/p>\n<div class=\"xdj266r x14z9mp xat24cr x1lziwak x1vvkbs x126k92a\">\n<div dir=\"auto\">Cronograma 96 Aniversario de Asociaci\u00f3n Italiana de S.M. de Charata<\/div>\n<\/div>\n<div class=\"x14z9mp xat24cr x1lziwak x1vvkbs xtlvy1s x126k92a\">\n<div dir=\"auto\">JUEVES 31 DE JULIO<\/div>\n<\/div>\n<div class=\"x14z9mp xat24cr x1lziwak x1vvkbs xtlvy1s x126k92a\">\n<div dir=\"auto\">RECEPCION DE JUGADORES y DELEGACIONES DE BOCHOFILOS<\/div>\n<\/div>\n<div class=\"x14z9mp xat24cr x1lziwak x1vvkbs xtlvy1s x126k92a\">\n<div dir=\"auto\">VIERNES 01 DE AGOSTO<\/div>\n<\/div>\n<div class=\"x14z9mp xat24cr x1lziwak x1vvkbs xtlvy1s x126k92a\">\n<div dir=\"auto\">TORNEO ESPECIAL DE BOCHAS POR PAREJAS. &#8211;<\/div>\n<\/div>\n<div class=\"x14z9mp xat24cr x1lziwak x1vvkbs xtlvy1s x126k92a\">\n<div dir=\"auto\">SABADO 02 DE AGOSTO<\/div>\n<\/div>\n<div class=\"x14z9mp xat24cr x1lziwak x1vvkbs xtlvy1s x126k92a\">\n<div dir=\"auto\">LIGA FEDERAL FORMATIVA de BASQUETBOL \u2013 CATEGORIA U11 &#8211; CUADRANGULAR REGION NEA<\/div>\n<\/div>\n<div class=\"x14z9mp xat24cr x1lziwak x1vvkbs xtlvy1s x126k92a\">\n<div dir=\"auto\">INICIO: 10 hs.-<\/div>\n<\/div>\n<div class=\"x14z9mp xat24cr x1lziwak x1vvkbs xtlvy1s x126k92a\">\n<div dir=\"auto\">SABADO 02 DE AGOSTO<\/div>\n<\/div>\n<div class=\"x14z9mp xat24cr x1lziwak x1vvkbs xtlvy1s x126k92a\">\n<div dir=\"auto\">INICIO DE TORNEO NACIONAL DE BOCHAS POR PAREJA CAT. 1ra.\u00a0 Y 3 Puntos<\/div>\n<\/div>\n<div class=\"x14z9mp xat24cr x1lziwak x1vvkbs xtlvy1s x126k92a\">\n<div dir=\"auto\">INICIO: 15 hs.<\/div>\n<\/div>\n<div class=\"x14z9mp xat24cr x1lziwak x1vvkbs xtlvy1s x126k92a\">\n<div dir=\"auto\">RECIBIMOS A:<\/div>\n<\/div>\n<div class=\"x14z9mp xat24cr x1lziwak x1vvkbs xtlvy1s x126k92a\">\n<div dir=\"auto\">REGATAS (RCIA.)-TOKIO (POSADAS)-<\/div>\n<\/div>\n<div class=\"x14z9mp xat24cr x1lziwak x1vvkbs xtlvy1s x126k92a\">\n<div dir=\"auto\">SAN MARTIN (CORRIENTES)<\/div>\n<\/div>\n<div class=\"x14z9mp xat24cr x1lziwak x1vvkbs xtlvy1s x126k92a\">\n<div dir=\"auto\">SABADO 02 DE AGOSTO<\/div>\n<\/div>\n<div class=\"x14z9mp xat24cr x1lziwak x1vvkbs xtlvy1s x126k92a\">\n<div dir=\"auto\">CENA SHOW- ANIVERSARIO<\/div>\n<\/div>\n<div class=\"x14z9mp xat24cr x1lziwak x1vvkbs xtlvy1s x126k92a\">\n<div dir=\"auto\">ACTUACION GRUPO ABARCAS y VALE EL TRAGO<\/div>\n<\/div>\n<div class=\"x14z9mp xat24cr x1lziwak x1vvkbs xtlvy1s x126k92a\">\n<div dir=\"auto\">DOMINGO 03 DE AGOSTO<\/div>\n<\/div>\n<div class=\"x14z9mp xat24cr x1lziwak x1vvkbs xtlvy1s x126k92a\">\n<div dir=\"auto\">CONTIN\u00daA LA\u00a0LIGA FEDERAL FORMATIVA de BASQUETBOL \u2013 U 11<\/div>\n<\/div>\n<div class=\"x14z9mp xat24cr x1lziwak x1vvkbs xtlvy1s x126k92a\">\n<div dir=\"auto\">DOMINGO 03 DE AGOSTO<\/div>\n<\/div>\n<div class=\"x14z9mp xat24cr x1lziwak x1vvkbs xtlvy1s x126k92a\">\n<div dir=\"auto\">RUGBY\u00a0\u2013 POLIDEPORTIVO BO. ULM<\/div>\n<\/div>\n<div class=\"x14z9mp xat24cr x1lziwak x1vvkbs xtlvy1s x126k92a\">\n<div dir=\"auto\">15 hs -ITALIANA VS UNION de MACHAGAI<\/div>\n<\/div>\n<div class=\"x14z9mp xat24cr x1lziwak x1vvkbs xtlvy1s x126k92a\">\n<div dir=\"auto\">LUNES 04 DE AGOSTO<\/div>\n<\/div>\n<div class=\"x14z9mp xat24cr x1lziwak x1vvkbs xtlvy1s x126k92a\">\n<div dir=\"auto\">10:30HS<\/div>\n<\/div>\n<div class=\"x14z9mp xat24cr x1lziwak x1vvkbs xtlvy1s x126k92a\">\n<div dir=\"auto\">CONFERENCIA DE PRENSA 96\u00b0 ANIVERSARIO EN SALON VERDE<\/div>\n<\/div>\n<div class=\"x14z9mp xat24cr x1lziwak x1vvkbs xtlvy1s x126k92a\">\n<div dir=\"auto\">LUNES 04 DE AGOSTO<\/div>\n<\/div>\n<div class=\"x14z9mp xat24cr x1lziwak x1vvkbs xtlvy1s x126k92a\">\n<div dir=\"auto\">19:00HS<\/div>\n<\/div>\n<div class=\"x14z9mp xat24cr x1lziwak x1vvkbs xtlvy1s x126k92a\">\n<div dir=\"auto\">96\u00b0 ANIVERSARIO &#8211; TRADICIONAL<\/div>\n<\/div>\n<div class=\"x14z9mp xat24cr x1lziwak x1vvkbs xtlvy1s x126k92a\">\n<div dir=\"auto\">CHOCOLATE CON CHURROS<\/div>\n<\/div>\n<div class=\"x14z9mp xat24cr x1lziwak x1vvkbs xtlvy1s x126k92a\">\n<div dir=\"auto\">LUNES 04 DE AGOSTO<\/div>\n<\/div>\n<div class=\"x14z9mp xat24cr x1lziwak x1vvkbs xtlvy1s x126k92a\">\n<div dir=\"auto\">TORNEO\u00a0ABSCH<\/div>\n<\/div>\n<div class=\"x14z9mp xat24cr x1lziwak x1vvkbs xtlvy1s x126k92a\">\n<div dir=\"auto\">19,30 hs &#8211; BASQUET CAT. U 11-\u00a0 ITALIANA VS.\u00a0PINEDO<\/div>\n<\/div>\n<div class=\"x14z9mp xat24cr x1lziwak x1vvkbs xtlvy1s x126k92a\">\n<div dir=\"auto\">VIERNES 08 y SABADO 09 DE AGOSTO<\/div>\n<\/div>\n<div class=\"x14z9mp xat24cr x1lziwak x1vvkbs xtlvy1s x126k92a\">\n<div dir=\"auto\">ENCUENTRO NACIONAL<\/div>\n<\/div>\n<div class=\"x14z9mp xat24cr x1lziwak x1vvkbs xtlvy1s x126k92a\">\n<div dir=\"auto\">DE MINIBASQUETBOL<\/div>\n<\/div>\n<div class=\"x14z9mp xat24cr x1lziwak x1vvkbs xtlvy1s x126k92a\">\n<div dir=\"auto\">JUEVES 21 y VIERNES 22 DE AGOSTO<\/div>\n<\/div>\n<div class=\"x14z9mp xat24cr x1lziwak x1vvkbs xtlvy1s x126k92a\">\n<div dir=\"auto\">CAMPUS\u00a0MINI BASQUETBOL<\/div>\n<\/div>\n<div class=\"x14z9mp xat24cr x1lziwak x1vvkbs xtlvy1s x126k92a\">\n<div dir=\"auto\">ORGANIZA: CAB 2025<\/div>\n<\/div>\n<div class=\"x14z9mp xat24cr x1lziwak x1vvkbs xtlvy1s x126k92a\">\n<div dir=\"auto\">SABADO 23 DE AGOSTO<\/div>\n<\/div>\n<div class=\"x14z9mp xat24cr x1lziwak x1vvkbs xtlvy1s x126k92a\">\n<div dir=\"auto\">TORNEO\u00a0AVOSOCH<\/div>\n<\/div>\n<div class=\"x14z9mp xat24cr x1lziwak x1vvkbs xtlvy1s x126k92a\">\n<div dir=\"auto\">VOLEY CATEG. FEM. -SUB 12<\/div>\n<\/div>\n<div class=\"x14z9mp xat24cr x1lziwak x1vvkbs xtlvy1s x126k92a\">\n<div dir=\"auto\">03,04,05 DE OCTUBRE<\/div>\n<\/div>\n<div class=\"x14z9mp xat24cr x1lziwak x1vvkbs xtlvy1s x126k92a\">\n<div dir=\"auto\">TORNEO REGIONAL DE\u00a0TENIS<\/div>\n<\/div>\n<div class=\"x14z9mp xat24cr x1lziwak x1vvkbs xtlvy1s x126k92a\">\n<div dir=\"auto\">Circuito FRSPC2025 \u2013 7ma. etapa<\/div>\n<\/div>\n<div class=\"x14z9mp xat24cr x1lziwak x1vvkbs xtlvy1s x126k92a\">\n<div dir=\"auto\">96\u00b0 ANIVERSARIO<\/div>\n<\/div>\n<div class=\"x14z9mp xat24cr x1lziwak x1vvkbs xtlvy1s x126k92a\">\n<div dir=\"auto\">\u2026.Estos 96 a\u00f1os nos encuentra trabajando como todos los aniversarios, obras y actividades. Nada nos detiene a pesar de la realidades sociales y econ\u00f3micas.<\/div>\n<\/div>\n<div class=\"x14z9mp xat24cr x1lziwak x1vvkbs xtlvy1s x126k92a\">\n<div dir=\"auto\">Entendemos al trabajo, la dedicaci\u00f3n y la decisi\u00f3n como \u00fanicas alternativas para la prosperidad como instituci\u00f3n.<\/div>\n<div dir=\"auto\"><\/div>\n<\/div>\n<div class=\"x14z9mp xat24cr x1lziwak x1vvkbs xtlvy1s x126k92a\">\n<div dir=\"auto\"><strong>Comision directiva de Asociaci\u00f3n Italiana de S.M. de Charata<\/strong><\/div>\n<\/div>\n<p><img decoding=\"async\" src=\"https:\/\/italianacharata.com\/images\/2019\/2025\/IMG-20250605-WA0054.jpg\" \/><\/p>\n<p><img decoding=\"async\" src=\"https:\/\/scontent.fcnq2-1.fna.fbcdn.net\/v\/t39.30808-6\/515500507_1333544968775960_6861947053754758831_n.jpg?_nc_cat=111&amp;ccb=1-7&amp;_nc_sid=127cfc&amp;_nc_eui2=AeFialULKpQlFzIvBc99aLLtV7J0uA0m5mBXsnS4DSbmYLh4kc7XC4CJXvB3Oo3Iz3w&amp;_nc_ohc=r9NZTLk-D4cQ7kNvwGJ3m-L&amp;_nc_oc=Adkmkg46dBSHSTGth7HnCtOlTWPI8ABMQwg3V0RaOnQxOb2o0PydWmrp9Gk9i3cD_R8&amp;_nc_zt=23&amp;_nc_ht=scontent.fcnq2-1.fna&amp;_nc_gid=4IP_AulYag0PsA0MDElLVw&amp;oh=00_AfSAhB9rWuWJ66NT85klPeOEGx3sbeutRSy7IvtlgiENdQ&amp;oe=68929D3F\" alt=\"Puede ser una imagen de 4 personas y texto\" \/><\/p>\n","protected":false},"excerpt":{"rendered":"<p>&nbsp; En el marco del 98\u00b0aniversario de Asociaci\u00f3n Italiana de Charata, se iniciaron los actos de celebraci\u00f3n incluye much\u00edsimas actividades, Cronograma 96 Aniversario de Asociaci\u00f3n Italiana de S.M. de Charata JUEVES 31 DE JULIO RECEPCION DE JUGADORES y DELEGACIONES DE BOCHOFILOS VIERNES 01 DE AGOSTO TORNEO ESPECIAL DE BOCHAS POR PAREJAS. &#8211; SABADO 02 DE &hellip;<\/p>\n","protected":false},"author":2,"featured_media":23000,"comment_status":"open","ping_status":"open","sticky":false,"template":"","format":"standard","meta":{"footnotes":""},"categories":[44],"tags":[],"class_list":["post-22999","post","type-post","status-publish","format-standard","has-post-thumbnail","hentry","category-varios"],"_links":{"self":[{"href":"https:\/\/www.sportchaco.com.ar\/index.php?rest_route=\/wp\/v2\/posts\/22999","targetHints":{"allow":["GET"]}}],"collection":[{"href":"https:\/\/www.sportchaco.com.ar\/index.php?rest_route=\/wp\/v2\/posts"}],"about":[{"href":"https:\/\/www.sportchaco.com.ar\/index.php?rest_route=\/wp\/v2\/types\/post"}],"author":[{"embeddable":true,"href":"https:\/\/www.sportchaco.com.ar\/index.php?rest_route=\/wp\/v2\/users\/2"}],"replies":[{"embeddable":true,"href":"https:\/\/www.sportchaco.com.ar\/index.php?rest_route=%2Fwp%2Fv2%2Fcomments&post=22999"}],"version-history":[{"count":1,"href":"https:\/\/www.sportchaco.com.ar\/index.php?rest_route=\/wp\/v2\/posts\/22999\/revisions"}],"predecessor-version":[{"id":23001,"href":"https:\/\/www.sportchaco.com.ar\/index.php?rest_route=\/wp\/v2\/posts\/22999\/revisions\/23001"}],"wp:featuredmedia":[{"embeddable":true,"href":"https:\/\/www.sportchaco.com.ar\/index.php?rest_route=\/wp\/v2\/media\/23000"}],"wp:attachment":[{"href":"https:\/\/www.sportchaco.com.ar\/index.php?rest_route=%2Fwp%2Fv2%2Fmedia&parent=22999"}],"wp:term":[{"taxonomy":"category","embeddable":true,"href":"https:\/\/www.sportchaco.com.ar\/index.php?rest_route=%2Fwp%2Fv2%2Fcategories&post=22999"},{"taxonomy":"post_tag","embeddable":true,"href":"https:\/\/www.sportchaco.com.ar\/index.php?rest_route=%2Fwp%2Fv2%2Ftags&post=22999"}],"curies":[{"name":"wp","href":"https:\/\/api.w.org\/{rel}","templated":true}]}}