{"id":23002,"date":"2025-08-01T11:30:30","date_gmt":"2025-08-01T14:30:30","guid":{"rendered":"https:\/\/www.sportchaco.com.ar\/?p=23002"},"modified":"2025-08-01T12:11:05","modified_gmt":"2025-08-01T15:11:05","slug":"el-cumpleanos-de-aledo-un-amigo-del-deporte","status":"publish","type":"post","link":"https:\/\/www.sportchaco.com.ar\/?p=23002","title":{"rendered":"El cumplea\u00f1os de Aledo, un amigo del deporte"},"content":{"rendered":"<h5>Son de esos personajes que no mueren nunca, por eso Aledo est\u00e1 cumpliendo hoy 113 a\u00f1os. Aledo Luis Meloni, un ser humano extraordinario, con el que tuvo la suerte de compartir en el diario Norte durante 25 a\u00f1os, y no solo compartir el diario, sino el mismo reducto, porque en la d\u00e9cada del &#8217;70, all\u00e1 en la calle Pirovano (hoy Don Bosco) 359), compart\u00edamos correcci\u00f3n y deportes el mismo reducto.<\/h5>\n<div dir=\"auto\"><strong>EDUARDO LOPEZ<\/strong><\/div>\n<div dir=\"auto\">A RAIZ DEL 113 CUMPLEA\u00d1OS DE ALEDO LUIS MELONI, HAY QUE RECORDAR QUE MUY JOVEN LLEGO AL CHACO COMO MAESTRO RURAL, DESTINADO A CAMPO DEL CIELO DONDE PASO MAS DE 20 A\u00d1OS..EN SU PRIMERA OBRA, \u00abTIERRA CE\u00d1IDA A MI COSTADO\u00bb DESCRIBE ESA ZONA DEL CHACO Y SUS VIVENCIAS.ESTA ES UNA HERMOSA DESCRIPCION&#8230;<\/div>\n<div dir=\"auto\">PAIS DE DIOS<\/div>\n<div dir=\"auto\">La escuela en el umbral de la ma\u00f1ana<\/div>\n<div dir=\"auto\">suelta la alondra de su voz y espera.<\/div>\n<div dir=\"auto\">Por caminos de chacras y senderos de monte<\/div>\n<div dir=\"auto\">la risa al aire azul, los ni\u00f1os llegan\u2026<\/div>\n<div dir=\"auto\">Traen prendido en cada guardapolvo<\/div>\n<div dir=\"auto\">el j\u00fabilo del d\u00eda, como una escarapela.<\/div>\n<div dir=\"auto\">Gracias al claro sortilegio de su risa<\/div>\n<div dir=\"auto\">mi coraz\u00f3n desanda calendarios de arena.<\/div>\n<div dir=\"auto\">Se denuda de toda su malicia<\/div>\n<div dir=\"auto\">y la abandona al sol como una capa vieja.<\/div>\n<div dir=\"auto\">Y entra purificado y simple, de ocho a doce,<\/div>\n<div dir=\"auto\">en el pa\u00eds de Dios, en la inocencia.<\/div>\n<div dir=\"auto\">Aledo Luis Meloni<\/div>\n<div dir=\"auto\">\u201cTierra ce\u00f1ida a mi costado\u201d (1965)<\/div>\n<div dir=\"auto\"><\/div>\n<div dir=\"auto\"><\/div>\n<div dir=\"auto\">CRISTINA MATTA<\/div>\n<div dir=\"auto\">\n<header>\n<div>\n<p><span class=\"header\">108 A\u00d1OS DE SU NATALICIO<\/span><\/p>\n<h1>Aledo Luis Meloni, uno de los referentes de la cultura chaque\u00f1a<\/h1>\n<div><\/div>\n<div class=\"meta\"><\/div>\n<\/div>\n<\/header>\n<section class=\"body\">\n<section class=\"content\">\n<div class=\"main-text\">\n<div class=\"social\">\n<div class=\"share\"><\/div>\n<\/div>\n<p>Hoy se cumplen 108 a\u00f1os del nacimiento de un referente de la pose\u00eda y la literatura chaque\u00f1a, adem\u00e1s de ser reconocido a nivel nacional e internacional por sus obras.<\/p>\n<div class=\"center large m_image\">\n<figure><figcaption><strong>FOTO PORTADA: Aledo fue uno de los representantes m\u00e1s noble de la cultura chaque\u00f1a, se abraz\u00f3 al Chaco y escribi\u00f3 las mejores coplas que inspiraron a muchos.<\/strong><\/figcaption><\/figure>\n<\/div>\n<p>Se trata de Aledo Luis Meloni, quien falleciera el 11 de enero de 2016 a los 103 a\u00f1os. \u201cAledo fue una humanista, con una sensibilidad social incre\u00edble, con un compromiso social indiscutible. No le negaba nunca una entrevista a los periodistas y siempre facilitaba materiales a aquellos que lo necesitasen\u201d, sostuvo la periodista Cristina Matta en di\u00e1logo con Radio Provincia.<\/p>\n<p>\u201cHay poemas que son feroces frente a los males del mundo, ante el poder, por la gente que sufre. Fue un hombre sabio y recibi\u00f3 muchos premios que nunca lo marearon. \u00c9l siempre dec\u00eda que no quer\u00eda plata con sus libros, era feliz con que la gente lo lea por sobre los reconocimientos\u201d, record\u00f3 Matta.<\/p>\n<p>Cristina adem\u00e1s llam\u00f3 a que la obra de Meloni sea incluida en los contenidos de la educaci\u00f3n p\u00fablica. Adem\u00e1s, destac\u00f3 su sentido del humor \u201cy cuando se juntaba con Guido Miranda, se armaban conversaciones muy c\u00f3micas y desopilantes\u201d.<\/p>\n<p><em><strong>PRIMER PORGRAMA REALIZADO EN 5 FOTOS UNA HISTORIA POR LUIS DARIO MOLODEZKY A TRAVES DE CHACO TV, CON ALEDO LUIS MELONI<\/strong><\/em><\/p>\n<p><strong>Bloque 1<\/strong><\/p>\n<p><iframe loading=\"lazy\" title=\"5 FOTOS   ALEDO LUIS MELONI   B1\" width=\"500\" height=\"281\" src=\"https:\/\/www.youtube.com\/embed\/-skBUOeiP_s?feature=oembed\" frameborder=\"0\" allow=\"accelerometer; autoplay; clipboard-write; encrypted-media; gyroscope; picture-in-picture; web-share\" referrerpolicy=\"strict-origin-when-cross-origin\" allowfullscreen><\/iframe><\/p>\n<p>&nbsp;<\/p>\n<p><strong>Bloque 2<\/strong><\/p>\n<p><iframe loading=\"lazy\" title=\"5 FOTOS   ALEDO LUIS MELONI   B2\" width=\"500\" height=\"281\" src=\"https:\/\/www.youtube.com\/embed\/Sk05Zx1dZfg?feature=oembed\" frameborder=\"0\" allow=\"accelerometer; autoplay; clipboard-write; encrypted-media; gyroscope; picture-in-picture; web-share\" referrerpolicy=\"strict-origin-when-cross-origin\" allowfullscreen><\/iframe><\/p>\n<p>Bloque 3<\/p>\n<p><iframe loading=\"lazy\" title=\"5 FOTOS   ALEDO LUIS MELONI   B3\" width=\"500\" height=\"281\" src=\"https:\/\/www.youtube.com\/embed\/htBHLGRKIu8?feature=oembed\" frameborder=\"0\" allow=\"accelerometer; autoplay; clipboard-write; encrypted-media; gyroscope; picture-in-picture; web-share\" referrerpolicy=\"strict-origin-when-cross-origin\" allowfullscreen><\/iframe><\/p>\n<p>&nbsp;<\/p>\n<p><strong>ALEDO, POR SIEMPRE ALEDO<\/strong><\/p>\n<p>Aledo Luis Meloni naci\u00f3 el 1 de agosto de 1912, en Estaci\u00f3n Mar\u00eda Lucila, Buenos Aires. Fue un poeta y docente argentino radicado en Chaco desde 1937, catalogado frecuentemente como uno de los m\u00e1ximos exponentes literarios chaque\u00f1os.<\/p>\n<p>Su obra se basa en las coplas para describir austeramente el entorno de la zona occidental del Chaco, y hoy forman parte de las lecturas del nivel educativo obligatorio de la provincia.<\/p>\n<p>Empez\u00f3 a publicar a los 52 a\u00f1os y lleva editados alrededor de veinte obras de poemas, coplas y haikus, muchas de las cuales fueron musicalizadas y otras integran textos de estudios.<\/p>\n<p>Aledo falleci\u00f3 el 11 de enero de 2016 a los 103 a\u00f1os.<\/p>\n<p>&nbsp;<\/p>\n<\/div>\n<\/section>\n<\/section>\n<\/div>\n","protected":false},"excerpt":{"rendered":"<p>Son de esos personajes que no mueren nunca, por eso Aledo est\u00e1 cumpliendo hoy 113 a\u00f1os. Aledo Luis Meloni, un ser humano extraordinario, con el que tuvo la suerte de compartir en el diario Norte durante 25 a\u00f1os, y no solo compartir el diario, sino el mismo reducto, porque en la d\u00e9cada del &#8217;70, all\u00e1 &hellip;<\/p>\n","protected":false},"author":2,"featured_media":23003,"comment_status":"open","ping_status":"open","sticky":false,"template":"","format":"standard","meta":{"footnotes":""},"categories":[44],"tags":[],"class_list":["post-23002","post","type-post","status-publish","format-standard","has-post-thumbnail","hentry","category-varios"],"_links":{"self":[{"href":"https:\/\/www.sportchaco.com.ar\/index.php?rest_route=\/wp\/v2\/posts\/23002","targetHints":{"allow":["GET"]}}],"collection":[{"href":"https:\/\/www.sportchaco.com.ar\/index.php?rest_route=\/wp\/v2\/posts"}],"about":[{"href":"https:\/\/www.sportchaco.com.ar\/index.php?rest_route=\/wp\/v2\/types\/post"}],"author":[{"embeddable":true,"href":"https:\/\/www.sportchaco.com.ar\/index.php?rest_route=\/wp\/v2\/users\/2"}],"replies":[{"embeddable":true,"href":"https:\/\/www.sportchaco.com.ar\/index.php?rest_route=%2Fwp%2Fv2%2Fcomments&post=23002"}],"version-history":[{"count":3,"href":"https:\/\/www.sportchaco.com.ar\/index.php?rest_route=\/wp\/v2\/posts\/23002\/revisions"}],"predecessor-version":[{"id":23006,"href":"https:\/\/www.sportchaco.com.ar\/index.php?rest_route=\/wp\/v2\/posts\/23002\/revisions\/23006"}],"wp:featuredmedia":[{"embeddable":true,"href":"https:\/\/www.sportchaco.com.ar\/index.php?rest_route=\/wp\/v2\/media\/23003"}],"wp:attachment":[{"href":"https:\/\/www.sportchaco.com.ar\/index.php?rest_route=%2Fwp%2Fv2%2Fmedia&parent=23002"}],"wp:term":[{"taxonomy":"category","embeddable":true,"href":"https:\/\/www.sportchaco.com.ar\/index.php?rest_route=%2Fwp%2Fv2%2Fcategories&post=23002"},{"taxonomy":"post_tag","embeddable":true,"href":"https:\/\/www.sportchaco.com.ar\/index.php?rest_route=%2Fwp%2Fv2%2Ftags&post=23002"}],"curies":[{"name":"wp","href":"https:\/\/api.w.org\/{rel}","templated":true}]}}