{"id":23052,"date":"2025-08-02T10:27:35","date_gmt":"2025-08-02T13:27:35","guid":{"rendered":"https:\/\/www.sportchaco.com.ar\/?p=23052"},"modified":"2025-08-02T10:27:35","modified_gmt":"2025-08-02T13:27:35","slug":"passarino-gandola-y-salom-dicen-presente-en-curvelo","status":"publish","type":"post","link":"https:\/\/www.sportchaco.com.ar\/?p=23052","title":{"rendered":"Passarino, Gandola y Salom dicen presente en Curvelo"},"content":{"rendered":"<p><strong>02-08-2025<\/strong><\/p>\n<p><img loading=\"lazy\" decoding=\"async\" class=\"aligncenter size-large wp-image-18691\" src=\"https:\/\/www.sportchaco.com.ar\/wp-content\/uploads\/2025\/04\/Banners-ruta-13_720x90-1-2-1024x128.gif\" alt=\"\" width=\"1024\" height=\"128\" srcset=\"https:\/\/www.sportchaco.com.ar\/wp-content\/uploads\/2025\/04\/Banners-ruta-13_720x90-1-2-1024x128.gif 1024w, https:\/\/www.sportchaco.com.ar\/wp-content\/uploads\/2025\/04\/Banners-ruta-13_720x90-1-2-300x37.gif 300w, https:\/\/www.sportchaco.com.ar\/wp-content\/uploads\/2025\/04\/Banners-ruta-13_720x90-1-2-768x96.gif 768w\" sizes=\"auto, (max-width: 1024px) 100vw, 1024px\" \/><\/p>\n<p>El Moto1000GP visitar\u00e1 este fin de semana Minas Gerais, en el marco de la cuarta fecha del Campeonato Brasile\u00f1o de Motociclismo. Y quienes dir\u00e1n presente en la cita en el Circuito de los Cristales en Curvelo ser\u00e1n los chaque\u00f1os Mauro Passarino, Ramiro Gandola y Sebasti\u00e1n Salom, todos en la categor\u00eda GP1000.<\/p>\n<p>Justamente Mauro Passarino y Ramiro Gandola son dos de los principales candidatos en la lucha por el campeonato, ya que lideran el certamen con 96 y 91 puntos, respectivamente. En tanto que Sebasti\u00e1n Salom se ubica quinto con 48 unidades.<\/p>\n<p>Cabe destacar que estar\u00e1 ser\u00e1 la segunda vez que el certamen pise Curvelo, que ofreci\u00f3 al p\u00fablico local la \u00faltima oportunidad de seguir de cerca las carreras. La primera visita a la pista de Minas Gerais tuvo lugar en mayo, en la segunda etapa del calendario. En la primera visita, Theo Manna, del equipo Bioleve Camargo Racing, marc\u00f3 un tiempo de 1 m 54 s 376, estableciendo un nuevo r\u00e9cord de la pista. Ramiro Gandola, de Agem Racing, que ostentaba el r\u00e9cord anterior de 1 m 54 s 420 desde 2023, tambi\u00e9n mejor\u00f3 su marca en la pista de Minas Gerais, registrando 1 m 54 s 407.<\/p>\n<p>\u00abCurvelo es una de las pistas m\u00e1s exigentes del calendario por su extensi\u00f3n y por las condiciones de calor extremo. Adem\u00e1s, es un aut\u00f3dromo muy t\u00e9cnico y desafiante, que exige al m\u00e1ximo a la moto y al piloto\u00bb, dijo Mauro Passarino en la previa de la competencia. En tanto que Ramiro Gandola se\u00f1al\u00f3: \u00abNos toca Curvelo, una pista muy desafiante, pero que siempre me trajo buenos resultados. Llegamos con muchas expectativas de ser protagonistas\u00bb.<\/p>\n<p>En cuanto al programa oficial del evento, la actividad comenzar\u00e1 este viernes con los 22 entrenamientos libres en las ocho categor\u00edas que tendr\u00e1n carreras este fin de semana. Ma\u00f1ana estar\u00e1 reservado para las sesiones de clasificaci\u00f3n y las carreras al sprint de las categor\u00edas GP1000, Yamalube R3 BLU CRU LA Talent &amp; Cup, la carrera clasificatoria Mottu Endurance y la carrera \u00fanica Yamaha R15 BLU CRU LA.<\/p>\n<p>El domingo tendr\u00e1 lugar las principales disputas del fin de semana, con los complementos de las categor\u00edas que ya estuvieron en la pista el d\u00eda anterior, adem\u00e1s de las carreras Daytona 660 Cup, GP600 y Motul 300V Cup, el paseo en moto y la visita a la zona de boxes.<\/p>\n<p><em><strong>Fuente: Diario NORTE<\/strong><\/em><\/p>\n<p><img loading=\"lazy\" decoding=\"async\" class=\"aligncenter size-full wp-image-21633\" src=\"https:\/\/www.sportchaco.com.ar\/wp-content\/uploads\/2025\/07\/PARQUE-SOLAR_200x200-01-1.gif\" alt=\"\" width=\"417\" height=\"417\" \/><\/p>\n","protected":false},"excerpt":{"rendered":"<p>02-08-2025 El Moto1000GP visitar\u00e1 este fin de semana Minas Gerais, en el marco de la cuarta fecha del Campeonato Brasile\u00f1o de Motociclismo. Y quienes dir\u00e1n presente en la cita en el Circuito de los Cristales en Curvelo ser\u00e1n los chaque\u00f1os Mauro Passarino, Ramiro Gandola y Sebasti\u00e1n Salom, todos en la categor\u00eda GP1000. Justamente Mauro Passarino &hellip;<\/p>\n","protected":false},"author":3,"featured_media":23053,"comment_status":"open","ping_status":"open","sticky":false,"template":"","format":"standard","meta":{"footnotes":""},"categories":[59],"tags":[],"class_list":["post-23052","post","type-post","status-publish","format-standard","has-post-thumbnail","hentry","category-motociclismo"],"_links":{"self":[{"href":"https:\/\/www.sportchaco.com.ar\/index.php?rest_route=\/wp\/v2\/posts\/23052","targetHints":{"allow":["GET"]}}],"collection":[{"href":"https:\/\/www.sportchaco.com.ar\/index.php?rest_route=\/wp\/v2\/posts"}],"about":[{"href":"https:\/\/www.sportchaco.com.ar\/index.php?rest_route=\/wp\/v2\/types\/post"}],"author":[{"embeddable":true,"href":"https:\/\/www.sportchaco.com.ar\/index.php?rest_route=\/wp\/v2\/users\/3"}],"replies":[{"embeddable":true,"href":"https:\/\/www.sportchaco.com.ar\/index.php?rest_route=%2Fwp%2Fv2%2Fcomments&post=23052"}],"version-history":[{"count":1,"href":"https:\/\/www.sportchaco.com.ar\/index.php?rest_route=\/wp\/v2\/posts\/23052\/revisions"}],"predecessor-version":[{"id":23054,"href":"https:\/\/www.sportchaco.com.ar\/index.php?rest_route=\/wp\/v2\/posts\/23052\/revisions\/23054"}],"wp:featuredmedia":[{"embeddable":true,"href":"https:\/\/www.sportchaco.com.ar\/index.php?rest_route=\/wp\/v2\/media\/23053"}],"wp:attachment":[{"href":"https:\/\/www.sportchaco.com.ar\/index.php?rest_route=%2Fwp%2Fv2%2Fmedia&parent=23052"}],"wp:term":[{"taxonomy":"category","embeddable":true,"href":"https:\/\/www.sportchaco.com.ar\/index.php?rest_route=%2Fwp%2Fv2%2Fcategories&post=23052"},{"taxonomy":"post_tag","embeddable":true,"href":"https:\/\/www.sportchaco.com.ar\/index.php?rest_route=%2Fwp%2Fv2%2Ftags&post=23052"}],"curies":[{"name":"wp","href":"https:\/\/api.w.org\/{rel}","templated":true}]}}