{"id":23061,"date":"2025-08-02T12:38:12","date_gmt":"2025-08-02T15:38:12","guid":{"rendered":"https:\/\/www.sportchaco.com.ar\/?p=23061"},"modified":"2025-08-02T12:38:12","modified_gmt":"2025-08-02T15:38:12","slug":"primera-pole-para-ferrari-y-leclerc-este-ano","status":"publish","type":"post","link":"https:\/\/www.sportchaco.com.ar\/?p=23061","title":{"rendered":"Primera pole para Ferrari y Leclerc este a\u00f1o"},"content":{"rendered":"<p><strong>Charles Leclerc hizo la pole position, algo que no hab\u00eda logrado esta temporda de F\u00f3rmula 1 y largar\u00e1 primero en la carrera de este domingo en el marco del Gran Premio de Hungr\u00eda. Mientras que Oscar Piastri Y Lando Norris completaron el podio. El argentino Franco Colapinto no pas\u00f3 la Q2 y ocupar\u00e1 la 14\u00b0 en la carrera de este domingo.\u00a0<\/strong><\/p>\n<h2>\u00a0Clasificaci\u00f3n del GP de Hungr\u00eda<\/h2>\n<p>&nbsp;<\/p>\n<ol>\n<li><b>Charles Leclerc (Ferrari) &#8211; 1:15.372<\/b><\/li>\n<li>Oscar Piastri (McLaren) &#8211; 1:15.398<\/li>\n<li>Lando Norris (McLaren) &#8211; 1:15.413<\/li>\n<li>George Russell (Mercedes) &#8211; 1:15.425<\/li>\n<li>Fernando Alonso (Aston Martin) &#8211; 1:15.481<\/li>\n<li>Lance Stroll (Aston Martin) &#8211; 1:15.498<\/li>\n<li>Gabriel Bortoleto (Kick Sauber) &#8211; 1:15.725<\/li>\n<li>Max Verstappen (Red Bull Racing) &#8211; 1:15.728<\/li>\n<li>Liam Lawson (Racing Bulls) &#8211; 1:15.821<\/li>\n<li>Isack Hadjar (Racing Bulls) &#8211; 1:15.915<\/li>\n<li>Oliver Bearman (Haas) &#8211; 1:15.694<\/li>\n<li>Lewis Hamilton (Ferrari) &#8211; 1:15.702<\/li>\n<li>Carlos Sainz (Williams) &#8211; 1:15.781<\/li>\n<li><b>Franco Colapinto (Alpine) &#8211; 1:16.159<\/b><\/li>\n<li>Kimi Antonelli (Mercedes) &#8211; 1:16.386<\/li>\n<li>Yuki Tsunoda (Red Bull Racing) &#8211; 1:15.899<\/li>\n<li>Pierre Gasly (Alpine) &#8211; 1:15.966<\/li>\n<li>Esteban Ocon (Haas) &#8211; 1:16.023<\/li>\n<li>Nico Hulkenberg (Kick Sauber) &#8211; 1:16.081<\/li>\n<li>Alexander Albon (Williams) &#8211; 1:16.223<\/li>\n<\/ol>\n<section class=\"elementor-section elementor-top-section elementor-element elementor-element-5f3790fb elementor-section-boxed elementor-section-height-default elementor-section-height-default\" data-id=\"5f3790fb\" data-element_type=\"section\">\n<div class=\"elementor-container elementor-column-gap-default\">\n<div class=\"elementor-column elementor-col-100 elementor-top-column elementor-element elementor-element-4483e28f\" data-id=\"4483e28f\" data-element_type=\"column\">\n<div class=\"elementor-widget-wrap elementor-element-populated\">\n<div class=\"elementor-element elementor-element-6b198db7 elementor-widget elementor-widget-theme-post-title elementor-page-title elementor-widget-heading\" data-id=\"6b198db7\" data-element_type=\"widget\" data-widget_type=\"theme-post-title.default\">\n<div class=\"elementor-widget-container\">\n<h1 class=\"elementor-heading-title elementor-size-default\">olapinto logr\u00f3 avanzar al segundo corte y largar\u00e1 14\u00b0 en Hungr\u00eda<\/h1>\n<\/div>\n<\/div>\n<div class=\"elementor-element elementor-element-29e42fa9 elementor-widget elementor-widget-theme-post-excerpt\" data-id=\"29e42fa9\" data-element_type=\"widget\" data-widget_type=\"theme-post-excerpt.default\">\n<div class=\"elementor-widget-container\">En Hungaroring, el argentino complet\u00f3 la sesi\u00f3n de clasificaci\u00f3n para el Gran Premio de Hungr\u00eda a bordo del A525, meti\u00e9ndose entre los quince mejores. La \u00abpole position\u00bb fue para Charles Leclerc.<\/div>\n<\/div>\n<div class=\"elementor-element elementor-element-94c3910 elementor-widget__width-auto elementor-widget elementor-widget-post-info\" data-id=\"94c3910\" data-element_type=\"widget\" data-widget_type=\"post-info.default\">\n<div class=\"elementor-widget-container\">\n<ul class=\"elementor-inline-items elementor-icon-list-items elementor-post-info\">\n<li class=\"elementor-icon-list-item elementor-repeater-item-3ad0758 elementor-inline-item\"><a href=\"https:\/\/campeones.com.ar\/author\/ginoacosta\/\"><span class=\"elementor-icon-list-text elementor-post-info__item elementor-post-info__item--type-author\">Gino Nicol\u00e1s Acosta<\/span><\/a><\/li>\n<li class=\"elementor-icon-list-item elementor-repeater-item-c13e7f9 elementor-inline-item\"><a href=\"https:\/\/campeones.com.ar\/2025\/08\/02\/\"><span class=\"elementor-icon-list-text elementor-post-info__item elementor-post-info__item--type-date\"><time>agosto 2, 2025<\/time><\/span><\/a><\/li>\n<\/ul>\n<\/div>\n<\/div>\n<\/div>\n<\/div>\n<\/div>\n<\/section>\n<section class=\"elementor-section elementor-top-section elementor-element elementor-element-6fe1335d elementor-section-boxed elementor-section-height-default elementor-section-height-default\" data-id=\"6fe1335d\" data-element_type=\"section\">\n<div class=\"elementor-container elementor-column-gap-default\">\n<div class=\"elementor-column elementor-col-100 elementor-top-column elementor-element elementor-element-3cae7ec4\" data-id=\"3cae7ec4\" data-element_type=\"column\">\n<div class=\"elementor-widget-wrap elementor-element-populated\">\n<div class=\"elementor-element elementor-element-3a2d7ae3 elementor-widget elementor-widget-theme-post-featured-image elementor-widget-image\" data-id=\"3a2d7ae3\" data-element_type=\"widget\" data-widget_type=\"theme-post-featured-image.default\">\n<div class=\"elementor-widget-container\"><img loading=\"lazy\" decoding=\"async\" class=\"attachment-full size-full wp-image-171626\" src=\"https:\/\/campeones.com.ar\/wp-content\/uploads\/2025\/08\/COLAPINTO-HUNGRIA-e1754146151224.jpg\" sizes=\"auto, (max-width: 976px) 100vw, 976px\" srcset=\"https:\/\/campeones.com.ar\/wp-content\/uploads\/2025\/08\/COLAPINTO-HUNGRIA-e1754146151224.jpg 976w, https:\/\/campeones.com.ar\/wp-content\/uploads\/2025\/08\/COLAPINTO-HUNGRIA-e1754146151224-400x171.jpg 400w, https:\/\/campeones.com.ar\/wp-content\/uploads\/2025\/08\/COLAPINTO-HUNGRIA-e1754146151224-720x308.jpg 720w, https:\/\/campeones.com.ar\/wp-content\/uploads\/2025\/08\/COLAPINTO-HUNGRIA-e1754146151224-200x86.jpg 200w, https:\/\/campeones.com.ar\/wp-content\/uploads\/2025\/08\/COLAPINTO-HUNGRIA-e1754146151224-768x329.jpg 768w, https:\/\/campeones.com.ar\/wp-content\/uploads\/2025\/08\/COLAPINTO-HUNGRIA-e1754146151224-800x343.jpg 800w\" alt=\"\" width=\"976\" height=\"418\" \/><\/div>\n<\/div>\n<\/div>\n<\/div>\n<\/div>\n<\/section>\n<section class=\"elementor-section elementor-top-section elementor-element elementor-element-382cdaea elementor-reverse-mobile elementor-section-boxed elementor-section-height-default elementor-section-height-default\" data-id=\"382cdaea\" data-element_type=\"section\">\n<div class=\"elementor-container elementor-column-gap-default\">\n<div class=\"elementor-column elementor-col-100 elementor-top-column elementor-element elementor-element-4a637a60\" data-id=\"4a637a60\" data-element_type=\"column\">\n<div class=\"elementor-widget-wrap elementor-element-populated\">\n<div class=\"elementor-element elementor-element-72fcdc3b contenido elementor-widget elementor-widget-theme-post-content\" data-id=\"72fcdc3b\" data-element_type=\"widget\" data-widget_type=\"theme-post-content.default\">\n<div class=\"elementor-widget-container\">\n<p>En\u00a0<strong>Hungaroring<\/strong>\u00a0se desarroll\u00f3 la sesi\u00f3n de clasificaci\u00f3n para el\u00a0<strong>Gran Premio de Hungr\u00eda<\/strong>, en la decimocuarta presentaci\u00f3n del calendario de la\u00a0<strong>F\u00f3rmula 1.<\/strong>\u00a0Junto a\u00a0<strong>Alpine<\/strong>\u00a0y a bordo del A525,\u00a0<strong>Franco Colapinto<\/strong>\u00a0complet\u00f3 la sesi\u00f3n en el 15\u00b0 puesto, pero por un recargo a<strong>\u00a0Kimi Antonelli<\/strong>\u00a0(Mercedes) avanz\u00f3 al 14\u00b0 lugar, desde donde largar\u00e1 la carrera.<\/p>\n<p>En su primera vuelta r\u00e1pida en el primer corte clasificatorio, el piloto argentino logr\u00f3 mejorar el registro m\u00e1s veloz de las pr\u00e1cticas en dos cent\u00e9simos y complet\u00f3 un total de tres giros antes de reingresar a los boxes. En la segunda salida, pudo mejorar a\u00fan m\u00e1s su tiempo logrando un paso de\u00a0<strong>1m15s875<\/strong>\u00a0que le asegur\u00f3\u00a0<strong>el pase al segundo corte de la clasificaci\u00f3n ubic\u00e1ndose en el puesto 15<\/strong>.<\/p>\n<p>Adelante, McLaren continu\u00f3 plasmando su contundencia de la mano de Oscar Piastri, con un tiempo de 1m15s211.\u00a0<strong>Quedaron fuera en la Q1 Yuki Tsunoda<\/strong>\u00a0(Red Bull),<strong>\u00a0Pierre Gasly<\/strong>\u00a0(Alpine) -a 0s091 de Colapinto en el primer corte-,\u00a0<strong>Esteban Ocon<\/strong>\u00a0(Haas),\u00a0<strong>Nico Hulkenberg<\/strong>\u00a0(Sauber) y<strong>\u00a0Alexander Albon<\/strong>\u00a0(Williams).<\/p>\n<figure id=\"attachment_171639\" class=\"wp-caption aligncenter\" aria-describedby=\"caption-attachment-171639\"><img loading=\"lazy\" decoding=\"async\" class=\"wp-image-171639 size-full\" src=\"https:\/\/campeones.com.ar\/wp-content\/uploads\/2025\/08\/GASLY-HUNGRIA.jpg\" sizes=\"auto, (max-width: 976px) 100vw, 976px\" srcset=\"https:\/\/campeones.com.ar\/wp-content\/uploads\/2025\/08\/GASLY-HUNGRIA.jpg 976w, https:\/\/campeones.com.ar\/wp-content\/uploads\/2025\/08\/GASLY-HUNGRIA-400x255.jpg 400w, https:\/\/campeones.com.ar\/wp-content\/uploads\/2025\/08\/GASLY-HUNGRIA-720x459.jpg 720w, https:\/\/campeones.com.ar\/wp-content\/uploads\/2025\/08\/GASLY-HUNGRIA-200x127.jpg 200w, https:\/\/campeones.com.ar\/wp-content\/uploads\/2025\/08\/GASLY-HUNGRIA-768x489.jpg 768w, https:\/\/campeones.com.ar\/wp-content\/uploads\/2025\/08\/GASLY-HUNGRIA-800x510.jpg 800w\" alt=\"\" width=\"976\" height=\"622\" \/><figcaption id=\"caption-attachment-171639\" class=\"wp-caption-text\">Por segunda vez, Colapinto culmina por delante de Gasly en una clasificaci\u00f3n. La anterior hab\u00eda sido en Canad\u00e1. (Fotos: Getty Images)<\/figcaption><\/figure>\n<p>Ya en el segundo corte, se retir\u00f3 el tiempo de su primera vuelta r\u00e1pida por un exceso en los l\u00edmites de pista. Tras ello, el oriundo de Pilar ingres\u00f3 a la calle de boxes y volvi\u00f3 a salir a falta de s\u00f3lo unos minutos para el cierre.\u00a0<strong>Un tiempo de 1m16s159 no le permiti\u00f3 mejorar lo hecho en Q1<\/strong>, quedando relegado al puesto n\u00famero 15. Sin embargo,<strong>\u00a0el retiro de tiempos a Kimi Antonelli lo reposicion\u00f3 decimocuarto para largar el Gran Premio de Hungr\u00eda.<\/strong><\/p>\n<p>Junto con \u00e9l, quedaron afuera en el segundo corte\u00a0<strong>Oliver Bearman<\/strong>\u00a0(Haas),\u00a0<strong>Lewis Hamilton<\/strong>\u00a0(Ferrari),<strong>\u00a0Carlos Sainz<\/strong>\u00a0(Williams) y el mencionado Antonelli, quien por retiro de tiempos largar\u00e1 por detr\u00e1s del argentino en Mogyor\u00f3d.<\/p>\n<\/div>\n<\/div>\n<\/div>\n<\/div>\n<\/div>\n<\/section>\n<figure data-modal-description=\"\" data-modal-image=\"https:\/\/media.tycsports.com\/files\/2025\/08\/02\/868126\/leclerc-gp-de-hungria_w862.webp\"><strong>PRIMERA Q 1 PARA LECLCERC<\/strong><\/figure>\n<p>En la primera Q1, quien logr\u00f3 imponerse fue Oscar Piastri y el argentino tuvo una buena actuaci\u00f3n al terminar decimoquinto, lo que le permiti\u00f3 pasar a la siguiente instancia. Por su parte, Pierre Gasly qued\u00f3 eliminado en la 17\u00b0 posici\u00f3n.<\/p>\n<p>Ya en la Q2, el mejor fue el otro piloto de McLaren, Lando Norris y Colapinto no logr\u00f3 hacer un buen tiempo quedando en la 15\u00b0. Sin embargo, debido a que la FIA decidi\u00f3 no contarle la \u00faltima vuelta a\u00a0 Kimi Antonelli, el nacido en Pilar, provincia de Buenos Aires, subi\u00f3 un lugar.<\/p>\n<p>La gran sorpresa ocurri\u00f3 en la \u00faltima instancia cuando a poco de terminar la qualy Leclerc hizo el mejor tiempo de la competencia (1:15.372), gan\u00e1ndole a los dos favoritos del 2025 y consigui\u00f3 el primer puesto, lo que le permitir\u00e1 largar como l\u00edder en la parrilla de la carrera.<\/p>\n","protected":false},"excerpt":{"rendered":"<p>Charles Leclerc hizo la pole position, algo que no hab\u00eda logrado esta temporda de F\u00f3rmula 1 y largar\u00e1 primero en la carrera de este domingo en el marco del Gran Premio de Hungr\u00eda. Mientras que Oscar Piastri Y Lando Norris completaron el podio. El argentino Franco Colapinto no pas\u00f3 la Q2 y ocupar\u00e1 la 14\u00b0 &hellip;<\/p>\n","protected":false},"author":2,"featured_media":23063,"comment_status":"open","ping_status":"open","sticky":false,"template":"","format":"standard","meta":{"footnotes":""},"categories":[2],"tags":[],"class_list":["post-23061","post","type-post","status-publish","format-standard","has-post-thumbnail","hentry","category-automovilismo"],"_links":{"self":[{"href":"https:\/\/www.sportchaco.com.ar\/index.php?rest_route=\/wp\/v2\/posts\/23061","targetHints":{"allow":["GET"]}}],"collection":[{"href":"https:\/\/www.sportchaco.com.ar\/index.php?rest_route=\/wp\/v2\/posts"}],"about":[{"href":"https:\/\/www.sportchaco.com.ar\/index.php?rest_route=\/wp\/v2\/types\/post"}],"author":[{"embeddable":true,"href":"https:\/\/www.sportchaco.com.ar\/index.php?rest_route=\/wp\/v2\/users\/2"}],"replies":[{"embeddable":true,"href":"https:\/\/www.sportchaco.com.ar\/index.php?rest_route=%2Fwp%2Fv2%2Fcomments&post=23061"}],"version-history":[{"count":2,"href":"https:\/\/www.sportchaco.com.ar\/index.php?rest_route=\/wp\/v2\/posts\/23061\/revisions"}],"predecessor-version":[{"id":23064,"href":"https:\/\/www.sportchaco.com.ar\/index.php?rest_route=\/wp\/v2\/posts\/23061\/revisions\/23064"}],"wp:featuredmedia":[{"embeddable":true,"href":"https:\/\/www.sportchaco.com.ar\/index.php?rest_route=\/wp\/v2\/media\/23063"}],"wp:attachment":[{"href":"https:\/\/www.sportchaco.com.ar\/index.php?rest_route=%2Fwp%2Fv2%2Fmedia&parent=23061"}],"wp:term":[{"taxonomy":"category","embeddable":true,"href":"https:\/\/www.sportchaco.com.ar\/index.php?rest_route=%2Fwp%2Fv2%2Fcategories&post=23061"},{"taxonomy":"post_tag","embeddable":true,"href":"https:\/\/www.sportchaco.com.ar\/index.php?rest_route=%2Fwp%2Fv2%2Ftags&post=23061"}],"curies":[{"name":"wp","href":"https:\/\/api.w.org\/{rel}","templated":true}]}}