{"id":23074,"date":"2025-08-02T23:28:26","date_gmt":"2025-08-03T02:28:26","guid":{"rendered":"https:\/\/www.sportchaco.com.ar\/?p=23074"},"modified":"2025-08-04T23:10:42","modified_gmt":"2025-08-05T02:10:42","slug":"efemerides-del-3-de-agosto-2","status":"publish","type":"post","link":"https:\/\/www.sportchaco.com.ar\/?p=23074","title":{"rendered":"Efem\u00e9rides del 3 de agosto"},"content":{"rendered":"<p><strong>Esta es la Efem\u00e9rides del Deporte en el Chaco de un 3 de agosto periodista Luis Dar\u00edo Molodezky.<\/strong><\/p>\n<p><img loading=\"lazy\" decoding=\"async\" class=\"alignnone size-full wp-image-23026 aligncenter\" src=\"https:\/\/www.sportchaco.com.ar\/wp-content\/uploads\/2025\/08\/Luis-2025-marzo-3-2-e1749824875302-300x217-1.jpg\" alt=\"\" width=\"300\" height=\"217\" \/><\/p>\n<p>&nbsp;<\/p>\n<p><strong>1969\u00a0<\/strong>\/ Talleres de C\u00f3rdoba le gana la serie final del Torneo Regional a For Ever y accede al Nacional. En el cotejo de ida igualaron 0 a 0 en Resistencia, y en la docta gana el local 2 a 1(Pedro Olivera). Previamente el equipo chaque\u00f1o hab\u00eda eliminado a Luis Jorge Fontana de Formosa y Patronato de Paran\u00e1.<\/p>\n<p><strong>1980\u00a0<\/strong>\/ Se pone en funcionamiento la Escuela Deportiva Arturo Lestani del Club Sarmiento. de la mano del profesor Hugo Figueroa. Con una labor destacada y respaldada por los padres de los j\u00f3venes futbolistas consolida a las distintas categor\u00edas que la componen. Y que hoy, treinta a\u00f1os despu\u00e9s, sigue siendo una disciplina de gran actividad que convoca a m\u00e1s de ciento cincuenta chicos menores de 13 a\u00f1os. La fecha elegida fue el segundo aniversario del fallecimiento de Lestani, expresidente de la entidad. La presentaci\u00f3n se hizo bajo la presidencia de Ra\u00fal Alejo Gronda.<\/p>\n<p><strong>1984\u00a0<\/strong>\/ Finaliza en Resistencia el Campeonato Argentino de Minib\u00e1squetbol, clasificando primero Buenos Aires, 2) Chaco, 3) Santa Fe, 4) La Pampa. Integr\u00f3 el equipo campe\u00f3n Alejandro Montecchia y por Chaco jugaron Andr\u00e9s Chica, Jorge Varela, G. Delgado, E. Iliovich, Juan Rath, Hugo Hazman, L. Corc\u00eda, M. Pirota, N. R\u00edos. Monitor: Luis Medina.<\/p>\n<p><strong>1987\u00a0<\/strong>\/ El seleccionado Infantil de B\u00e1squetbol de la Federaci\u00f3n Chaque\u00f1a de B\u00e1squetbol se consagr\u00f3 subcampe\u00f3n Argentino en el torneo realizado en nuestra ciudad, en el estadio de Villa San Mart\u00edn. El equipo estuvo integrado por los siguientes jugadores Andr\u00e9s Chica, Jorge Varela, Guillermo Delgado, Ernesto Milovich, Juan Rath, Hugo Hazman, Lisandro Corc\u00eda, Mart\u00edn Pirota, Nelson R\u00edos, Alcal\u00e1 y Jovanovich. Monitor: Luis Medina.<\/p>\n<p><strong>2007\u00a0<\/strong>\/ Buena actuaci\u00f3n de los deportistas chaque\u00f1os en del Mundial de Taekwon Do de Birmingham, El juvenil Fabio Flores logr\u00f3 el primer puesto, Roberto Monfardini logr\u00f3 el tercero, mientras que la revelaci\u00f3n en forma y lucha fue Rub\u00e9n Orlando Morales, con dos segundos puestos. Todos pertenecen a la Asociaci\u00f3n de Escuelas de Taekwondo, dirigido por el maestro H\u00e9ctor Armando Soto.<\/p>\n<p>&nbsp;<\/p>\n","protected":false},"excerpt":{"rendered":"<p>Esta es la Efem\u00e9rides del Deporte en el Chaco de un 3 de agosto periodista Luis Dar\u00edo Molodezky. &nbsp; 1969\u00a0\/ Talleres de C\u00f3rdoba le gana la serie final del Torneo Regional a For Ever y accede al Nacional. En el cotejo de ida igualaron 0 a 0 en Resistencia, y en la docta gana el &hellip;<\/p>\n","protected":false},"author":2,"featured_media":23076,"comment_status":"open","ping_status":"open","sticky":false,"template":"","format":"standard","meta":{"footnotes":""},"categories":[38,45],"tags":[],"class_list":["post-23074","post","type-post","status-publish","format-standard","has-post-thumbnail","hentry","category-agosto","category-efemerides-dia-por-dia"],"_links":{"self":[{"href":"https:\/\/www.sportchaco.com.ar\/index.php?rest_route=\/wp\/v2\/posts\/23074","targetHints":{"allow":["GET"]}}],"collection":[{"href":"https:\/\/www.sportchaco.com.ar\/index.php?rest_route=\/wp\/v2\/posts"}],"about":[{"href":"https:\/\/www.sportchaco.com.ar\/index.php?rest_route=\/wp\/v2\/types\/post"}],"author":[{"embeddable":true,"href":"https:\/\/www.sportchaco.com.ar\/index.php?rest_route=\/wp\/v2\/users\/2"}],"replies":[{"embeddable":true,"href":"https:\/\/www.sportchaco.com.ar\/index.php?rest_route=%2Fwp%2Fv2%2Fcomments&post=23074"}],"version-history":[{"count":4,"href":"https:\/\/www.sportchaco.com.ar\/index.php?rest_route=\/wp\/v2\/posts\/23074\/revisions"}],"predecessor-version":[{"id":23241,"href":"https:\/\/www.sportchaco.com.ar\/index.php?rest_route=\/wp\/v2\/posts\/23074\/revisions\/23241"}],"wp:featuredmedia":[{"embeddable":true,"href":"https:\/\/www.sportchaco.com.ar\/index.php?rest_route=\/wp\/v2\/media\/23076"}],"wp:attachment":[{"href":"https:\/\/www.sportchaco.com.ar\/index.php?rest_route=%2Fwp%2Fv2%2Fmedia&parent=23074"}],"wp:term":[{"taxonomy":"category","embeddable":true,"href":"https:\/\/www.sportchaco.com.ar\/index.php?rest_route=%2Fwp%2Fv2%2Fcategories&post=23074"},{"taxonomy":"post_tag","embeddable":true,"href":"https:\/\/www.sportchaco.com.ar\/index.php?rest_route=%2Fwp%2Fv2%2Ftags&post=23074"}],"curies":[{"name":"wp","href":"https:\/\/api.w.org\/{rel}","templated":true}]}}