{"id":23078,"date":"2025-08-02T19:11:39","date_gmt":"2025-08-02T22:11:39","guid":{"rendered":"https:\/\/www.sportchaco.com.ar\/?p=23078"},"modified":"2025-08-02T21:12:13","modified_gmt":"2025-08-03T00:12:13","slug":"regatas-le-gano-amistoso-a-cordoba-en-corrientes","status":"publish","type":"post","link":"https:\/\/www.sportchaco.com.ar\/?p=23078","title":{"rendered":"Regatas le gan\u00f3 amistoso a C\u00f3rdoba en Corrientes"},"content":{"rendered":"<h1 class=\"story-title entry-title\"><strong style=\"font-size: 16px;\"><span class=\"post-date\"><time class=\"post-date updated\" datetime=\"2025-08-02\">02-08-2025<\/time><\/span><\/strong><\/h1>\n<div id=\"right-content\" class=\"relative\">\n<div id=\"content-area\" class=\"left relative\">\n<div id=\"left-content-mobi\">\n<div class=\"author-info-mob-wrap\">\n<div><img loading=\"lazy\" decoding=\"async\" class=\"aligncenter size-large wp-image-19476\" src=\"https:\/\/www.sportchaco.com.ar\/wp-content\/uploads\/2025\/05\/Banners-creditos-otorgados-al-campo_940x90-1024x98.gif\" alt=\"\" width=\"1024\" height=\"98\" srcset=\"https:\/\/www.sportchaco.com.ar\/wp-content\/uploads\/2025\/05\/Banners-creditos-otorgados-al-campo_940x90-1024x98.gif 1024w, https:\/\/www.sportchaco.com.ar\/wp-content\/uploads\/2025\/05\/Banners-creditos-otorgados-al-campo_940x90-300x29.gif 300w, https:\/\/www.sportchaco.com.ar\/wp-content\/uploads\/2025\/05\/Banners-creditos-otorgados-al-campo_940x90-768x73.gif 768w, https:\/\/www.sportchaco.com.ar\/wp-content\/uploads\/2025\/05\/Banners-creditos-otorgados-al-campo_940x90-1536x147.gif 1536w\" sizes=\"auto, (max-width: 1024px) 100vw, 1024px\" \/><\/div>\n<div><\/div>\n<\/div>\n<\/div>\n<div id=\"tps_slideContainer_28067\" class=\"theiaPostSlider_slides\">\n<p>De cara al arranque del Pre \u2013 Federal 2025, Regatas Resistencia contin\u00faa de pretemporada, combinando mucha juventud e intensidad. En este sentido, el entrenador del equipo de Primera y a su vez coordinador del b\u00e1squet en toda la instituci\u00f3n \u201cremera\u201d, Milton Jovanovich, analiz\u00f3 la performance del equipo en su primer amistoso.<\/p>\n<figure class=\"wp-block-image size-large\"><a href=\"https:\/\/baskettotal.com.ar\/wp-content\/uploads\/2025\/08\/4.jpg\"><img loading=\"lazy\" decoding=\"async\" class=\"lazy wp-image-28070 lazy-loaded\" src=\"https:\/\/baskettotal.com.ar\/wp-content\/uploads\/2025\/08\/4-1024x673.jpg\" sizes=\"auto, (max-width: 1024px) 100vw, 1024px\" srcset=\"https:\/\/baskettotal.com.ar\/wp-content\/uploads\/2025\/08\/4-1024x673.jpg 1024w, https:\/\/baskettotal.com.ar\/wp-content\/uploads\/2025\/08\/4-300x197.jpg 300w, https:\/\/baskettotal.com.ar\/wp-content\/uploads\/2025\/08\/4-768x505.jpg 768w, https:\/\/baskettotal.com.ar\/wp-content\/uploads\/2025\/08\/4.jpg 1040w\" alt=\"\" width=\"1024\" height=\"673\" data-lazy-type=\"image\" data-lazy-src=\"https:\/\/baskettotal.com.ar\/wp-content\/uploads\/2025\/08\/4-1024x673.jpg\" data-lazy-srcset=\"https:\/\/baskettotal.com.ar\/wp-content\/uploads\/2025\/08\/4-1024x673.jpg 1024w, https:\/\/baskettotal.com.ar\/wp-content\/uploads\/2025\/08\/4-300x197.jpg 300w, https:\/\/baskettotal.com.ar\/wp-content\/uploads\/2025\/08\/4-768x505.jpg 768w, https:\/\/baskettotal.com.ar\/wp-content\/uploads\/2025\/08\/4.jpg 1040w\" data-lazy-sizes=\"(max-width: 1024px) 100vw, 1024px\" \/><\/a><\/figure>\n<p>\u201cMe vine muy contento por el rendimiento individual y colectivo, los jugadores mostraron la intensidad y el ritmo que nosotros queremos plasmar; el grupo est\u00e1 muy convencido, eso se not\u00f3 y estamos muy contentos\u201d, remarcando que \u201cRegatas es un equipo muy vertical, muy intenso y buscando jugar con la intensidad que entrenamos todos los d\u00edas\u201d, remarc\u00f3 Jovanovich.<\/p>\n<p><img decoding=\"async\" class=\" lazyloaded\" src=\"https:\/\/baskettotal.com.ar\/wp-content\/uploads\/2025\/08\/2-1000x585.jpg\" data-src=\"https:\/\/baskettotal.com.ar\/wp-content\/uploads\/2025\/08\/2-1000x585.jpg\" \/><\/p>\n<p>En este marco, el entrenador Jovanovich precis\u00f3 el trabajo que se realiza en Primera y lo que se busca con este joven e intenso equipo. \u201cNosotros el mensaje no es solamente Primera, sino una l\u00ednea deportiva que es el v\u00e9rtigo en todas las categor\u00edas, defensa en toda la cancha, la entrega m\u00e1xima, exposici\u00f3n f\u00edsica y con una idea de desarrollar equipos largos, no solo en formativas sino en Primera\u201d.<\/p>\n<figure class=\"wp-block-image size-large\"><a href=\"https:\/\/baskettotal.com.ar\/wp-content\/uploads\/2025\/08\/5.jpg\"><img loading=\"lazy\" decoding=\"async\" class=\"lazy wp-image-28068 lazy-loaded\" src=\"https:\/\/baskettotal.com.ar\/wp-content\/uploads\/2025\/08\/5-1024x685.jpg\" sizes=\"auto, (max-width: 1040px) 100vw, 1040px\" srcset=\"https:\/\/baskettotal.com.ar\/wp-content\/uploads\/2025\/08\/5-1024x685.jpg 1024w, https:\/\/baskettotal.com.ar\/wp-content\/uploads\/2025\/08\/5-300x201.jpg 300w, https:\/\/baskettotal.com.ar\/wp-content\/uploads\/2025\/08\/5-768x514.jpg 768w, https:\/\/baskettotal.com.ar\/wp-content\/uploads\/2025\/08\/5.jpg 1040w\" alt=\"\" width=\"1040\" height=\"696\" data-lazy-type=\"image\" data-lazy-src=\"https:\/\/baskettotal.com.ar\/wp-content\/uploads\/2025\/08\/5-1024x685.jpg\" data-lazy-srcset=\"https:\/\/baskettotal.com.ar\/wp-content\/uploads\/2025\/08\/5-1024x685.jpg 1024w, https:\/\/baskettotal.com.ar\/wp-content\/uploads\/2025\/08\/5-300x201.jpg 300w, https:\/\/baskettotal.com.ar\/wp-content\/uploads\/2025\/08\/5-768x514.jpg 768w, https:\/\/baskettotal.com.ar\/wp-content\/uploads\/2025\/08\/5.jpg 1040w\" data-lazy-sizes=\"(max-width: 1040px) 100vw, 1040px\" \/><\/a><\/figure>\n<p>En este juego por la categor\u00eda Primera, el equipo de Regatas estuvo conformado por: Fernando Margosa, \u00c1lbaro Magallanes, Carlos Banegas, Alexis Garc\u00eda, Gonzalo Garc\u00eda, Juan Johnston, Lautaro De B\u00f3rtoli, Tom\u00e1s Tehant, Lautaro Oviedo, Fabricio Djurdjevic, Ramiro G\u00f3mez y Liam Zeinsterger. ENTRENADORES: Milton Jovanovich y Lautaro Caballero. PREPARADOR F\u00cdSICO: Gustavo Montes. UTILERO: Mat\u00edas Jer\u00e9z.<\/p>\n<p><strong>Las formativas<br \/>\n<\/strong>Por otra parte, el coordinador Milton Jovanovich explic\u00f3 todo el trabajo que se realiza en las categor\u00edas formativas del club, respetando siempre y manteniendo una l\u00ednea de trabajo. \u201cMantener lo que propusimos durante el comienzo de a\u00f1o, con entrenadores j\u00f3venes, donde Regatas no deja de ser una escuela de entrenadores, con mucha energ\u00eda; la idea deportiva requiere mucha energ\u00eda, pudimos ir viendo la evoluci\u00f3n de los jugadores y entrenadores durante el primer semestre\u201d.<\/p>\n<p>\u201cTratar de mantener la mayor cantidad de jugadores del club en Primera, seguir masificando, mejorar con la estructura; vamos a terminar el a\u00f1o con mejores resultados y mejor que el primer semestre\u201d, concluy\u00f3 Jovanovich, afirmando que \u201cel cierre del a\u00f1o va a ser muy prometedor y con todos los objetivos cumplidos\u201d.<\/p>\n<figure class=\"wp-block-image size-large\"><a href=\"https:\/\/baskettotal.com.ar\/wp-content\/uploads\/2025\/08\/8.jpg\"><img loading=\"lazy\" decoding=\"async\" class=\"lazy wp-image-28069 lazy-loaded\" src=\"https:\/\/baskettotal.com.ar\/wp-content\/uploads\/2025\/08\/8-1024x760.jpg\" sizes=\"auto, (max-width: 1024px) 100vw, 1024px\" srcset=\"https:\/\/baskettotal.com.ar\/wp-content\/uploads\/2025\/08\/8-1024x760.jpg 1024w, https:\/\/baskettotal.com.ar\/wp-content\/uploads\/2025\/08\/8-300x223.jpg 300w, https:\/\/baskettotal.com.ar\/wp-content\/uploads\/2025\/08\/8-768x570.jpg 768w, https:\/\/baskettotal.com.ar\/wp-content\/uploads\/2025\/08\/8.jpg 1040w\" alt=\"\" width=\"1024\" height=\"760\" data-lazy-type=\"image\" data-lazy-src=\"https:\/\/baskettotal.com.ar\/wp-content\/uploads\/2025\/08\/8-1024x760.jpg\" data-lazy-srcset=\"https:\/\/baskettotal.com.ar\/wp-content\/uploads\/2025\/08\/8-1024x760.jpg 1024w, https:\/\/baskettotal.com.ar\/wp-content\/uploads\/2025\/08\/8-300x223.jpg 300w, https:\/\/baskettotal.com.ar\/wp-content\/uploads\/2025\/08\/8-768x570.jpg 768w, https:\/\/baskettotal.com.ar\/wp-content\/uploads\/2025\/08\/8.jpg 1040w\" data-lazy-sizes=\"(max-width: 1024px) 100vw, 1024px\" \/><\/a><\/figure>\n<\/div>\n<p>&nbsp;<\/p>\n<div class=\"post-tags post-tags-mobi\"><\/div>\n<\/div>\n<\/div>\n","protected":false},"excerpt":{"rendered":"<p>02-08-2025 De cara al arranque del Pre \u2013 Federal 2025, Regatas Resistencia contin\u00faa de pretemporada, combinando mucha juventud e intensidad. En este sentido, el entrenador del equipo de Primera y a su vez coordinador del b\u00e1squet en toda la instituci\u00f3n \u201cremera\u201d, Milton Jovanovich, analiz\u00f3 la performance del equipo en su primer amistoso. \u201cMe vine muy &hellip;<\/p>\n","protected":false},"author":2,"featured_media":23079,"comment_status":"open","ping_status":"open","sticky":false,"template":"","format":"standard","meta":{"footnotes":""},"categories":[3],"tags":[],"class_list":["post-23078","post","type-post","status-publish","format-standard","has-post-thumbnail","hentry","category-basquetbol"],"_links":{"self":[{"href":"https:\/\/www.sportchaco.com.ar\/index.php?rest_route=\/wp\/v2\/posts\/23078","targetHints":{"allow":["GET"]}}],"collection":[{"href":"https:\/\/www.sportchaco.com.ar\/index.php?rest_route=\/wp\/v2\/posts"}],"about":[{"href":"https:\/\/www.sportchaco.com.ar\/index.php?rest_route=\/wp\/v2\/types\/post"}],"author":[{"embeddable":true,"href":"https:\/\/www.sportchaco.com.ar\/index.php?rest_route=\/wp\/v2\/users\/2"}],"replies":[{"embeddable":true,"href":"https:\/\/www.sportchaco.com.ar\/index.php?rest_route=%2Fwp%2Fv2%2Fcomments&post=23078"}],"version-history":[{"count":4,"href":"https:\/\/www.sportchaco.com.ar\/index.php?rest_route=\/wp\/v2\/posts\/23078\/revisions"}],"predecessor-version":[{"id":23110,"href":"https:\/\/www.sportchaco.com.ar\/index.php?rest_route=\/wp\/v2\/posts\/23078\/revisions\/23110"}],"wp:featuredmedia":[{"embeddable":true,"href":"https:\/\/www.sportchaco.com.ar\/index.php?rest_route=\/wp\/v2\/media\/23079"}],"wp:attachment":[{"href":"https:\/\/www.sportchaco.com.ar\/index.php?rest_route=%2Fwp%2Fv2%2Fmedia&parent=23078"}],"wp:term":[{"taxonomy":"category","embeddable":true,"href":"https:\/\/www.sportchaco.com.ar\/index.php?rest_route=%2Fwp%2Fv2%2Fcategories&post=23078"},{"taxonomy":"post_tag","embeddable":true,"href":"https:\/\/www.sportchaco.com.ar\/index.php?rest_route=%2Fwp%2Fv2%2Ftags&post=23078"}],"curies":[{"name":"wp","href":"https:\/\/api.w.org\/{rel}","templated":true}]}}