{"id":23097,"date":"2025-08-02T20:06:29","date_gmt":"2025-08-02T23:06:29","guid":{"rendered":"https:\/\/www.sportchaco.com.ar\/?p=23097"},"modified":"2025-08-02T23:26:28","modified_gmt":"2025-08-03T02:26:28","slug":"23097","status":"publish","type":"post","link":"https:\/\/www.sportchaco.com.ar\/?p=23097","title":{"rendered":"Curvelo triste: Falleci\u00f3 un piloto"},"content":{"rendered":"<p><strong>02-08-2025<\/strong><\/p>\n<p><img loading=\"lazy\" decoding=\"async\" class=\"aligncenter size-large wp-image-20161\" src=\"https:\/\/www.sportchaco.com.ar\/wp-content\/uploads\/2025\/06\/BANNER-WEB-CHACO-JUEGA_720x90-1024x128.gif\" alt=\"\" width=\"1024\" height=\"128\" srcset=\"https:\/\/www.sportchaco.com.ar\/wp-content\/uploads\/2025\/06\/BANNER-WEB-CHACO-JUEGA_720x90-1024x128.gif 1024w, https:\/\/www.sportchaco.com.ar\/wp-content\/uploads\/2025\/06\/BANNER-WEB-CHACO-JUEGA_720x90-300x38.gif 300w, https:\/\/www.sportchaco.com.ar\/wp-content\/uploads\/2025\/06\/BANNER-WEB-CHACO-JUEGA_720x90-768x96.gif 768w\" sizes=\"auto, (max-width: 1024px) 100vw, 1024px\" \/><\/p>\n<p>Triste fin de semana para el motociclismo en el Aut\u00f3dromo de Curvelo, Brasil por el fallecimiento de un piloto. Se suspendi\u00f3 toda la actividad y se dio por finalizada la 4 etapa. Varios pilotos chaque\u00f1os participaban de la cita, como Sebasti\u00e1n Salom (Foto), Ramiro Gandola y Federico Passarino.<\/p>\n<p>Con motivo de la muerte de Peri Cunha, ocurrida durante los entrenamientos clasificatorios de la cuarta etapa del Campeonato Brasile\u00f1o de Motociclismo, este s\u00e1bado, en Curvelo (MG), todas las actividades de MOTO1000GP programadas para los d\u00edas 2 y 3 de agosto (s\u00e1bado y domingo) fueron canceladas.<\/p>\n<p>La decisi\u00f3n fue tomada por los organizadores de MOTO1000GP, en colaboraci\u00f3n con la Confederaci\u00f3n Brasile\u00f1a de Motociclismo, patrocinadores, l\u00edderes de equipo y pilotos. La competici\u00f3n se compromete a comprender y esclarecer las posibles causas del inusual incidente que provoc\u00f3 la muerte de Peri.<\/p>\n<p>&nbsp;<\/p>\n<p>&nbsp;<\/p>\n<p>RAMIRO GANADOLA<\/p>\n<div class=\"html-div xdj266r x14z9mp xat24cr x1lziwak xexx8yu xyri2b x18d9i69 x1c1uobl\">\n<div class=\"html-div xdj266r x14z9mp x1lziwak x18d9i69 x1cy8zhl x78zum5 x1q0g3np xod5an3 xz9dl7a x1g0dm76 xpdmqnj\">\n<div><\/div>\n<\/div>\n<\/div>\n<div class=\"html-div xdj266r x14z9mp xat24cr x1lziwak xexx8yu xyri2b x18d9i69 x1c1uobl\">\n<div class=\"html-div xdj266r x14z9mp xat24cr x1lziwak xexx8yu xyri2b x18d9i69 x1c1uobl\" dir=\"auto\">\n<div class=\"html-div xdj266r x14z9mp xat24cr x1lziwak xexx8yu xyri2b x18d9i69 x1c1uobl\" data-ad-rendering-role=\"story_message\">\n<div id=\"_r_pf9_\" class=\"x1l90r2v x1iorvi4 x1g0dm76 xpdmqnj\" data-ad-comet-preview=\"message\" data-ad-preview=\"message\">\n<div class=\"x78zum5 xdt5ytf xz62fqu x16ldp7u\">\n<div class=\"xu06os2 x1ok221b\">\n<div class=\"html-div xdj266r x14z9mp xat24cr x1lziwak xexx8yu xyri2b x18d9i69 x1c1uobl\">\n<div class=\"xdj266r x14z9mp xat24cr x1lziwak x1vvkbs x126k92a\">\n<div dir=\"auto\">Con profundo dolor informamos que la carrera prevista en Curvelo , Brasil, ha sido cancelada debido al fallecimiento del piloto @peri_z_cunha un colega muy querido en el mundo del motociclismo.<\/div>\n<div dir=\"auto\">En este momento tan dif\u00edcil, acompa\u00f1amos a su familia, amigos y equipo en el dolor. El motociclismo pierde hoy no solo a un gran piloto, sino a una gran persona.<\/div>\n<div dir=\"auto\">Descans\u00e1 en paz, @peri_z_cunha<\/div>\n<div dir=\"auto\"><img decoding=\"async\" src=\"https:\/\/scontent.fcnq2-1.fna.fbcdn.net\/v\/t51.82787-15\/525558858_18415403047098203_5279187274524040310_n.jpg?stp=dst-jpg_s600x600_tt6&amp;_nc_cat=100&amp;ccb=1-7&amp;_nc_sid=127cfc&amp;_nc_eui2=AeEJrZLwIO9b_nJ5oPgFWaru7PPkeELvyhfs8-R4Qu_KF9Scm6spUySV5yOAQitBYGw&amp;_nc_ohc=KgB46a4mEZsQ7kNvwG9cE66&amp;_nc_oc=AdlamtKGx8ai3-3ySN_8orJxnLC25KNMB8ovJ-l5EDRKVOgY2e_NycuHd6MLpgQ0UGo&amp;_nc_zt=23&amp;_nc_ht=scontent.fcnq2-1.fna&amp;_nc_gid=8qbRaqnfndtnhxpgMx5l2w&amp;oh=00_AfQKbBaW36nRwqPOFBXMz4QXTiXzP4BEa-7WWweoOwmarA&amp;oe=6894A62C\" alt=\"Puede ser una imagen de 2 personas, motocicleta y texto que dice &quot;7 55 T5S H TF AM&quot;\" \/><\/div>\n<\/div>\n<\/div>\n<\/div>\n<\/div>\n<\/div>\n<\/div>\n<\/div>\n<\/div>\n<p><img loading=\"lazy\" decoding=\"async\" class=\"aligncenter size-large wp-image-20149\" src=\"https:\/\/www.sportchaco.com.ar\/wp-content\/uploads\/2025\/06\/Chaco-sin-fuego-1080x1350-3-819x1024.gif\" alt=\"\" width=\"819\" height=\"1024\" srcset=\"https:\/\/www.sportchaco.com.ar\/wp-content\/uploads\/2025\/06\/Chaco-sin-fuego-1080x1350-3-819x1024.gif 819w, https:\/\/www.sportchaco.com.ar\/wp-content\/uploads\/2025\/06\/Chaco-sin-fuego-1080x1350-3-240x300.gif 240w, https:\/\/www.sportchaco.com.ar\/wp-content\/uploads\/2025\/06\/Chaco-sin-fuego-1080x1350-3-768x960.gif 768w, https:\/\/www.sportchaco.com.ar\/wp-content\/uploads\/2025\/06\/Chaco-sin-fuego-1080x1350-3-1229x1536.gif 1229w, https:\/\/www.sportchaco.com.ar\/wp-content\/uploads\/2025\/06\/Chaco-sin-fuego-1080x1350-3-1638x2048.gif 1638w\" sizes=\"auto, (max-width: 819px) 100vw, 819px\" \/><\/p>\n","protected":false},"excerpt":{"rendered":"<p>02-08-2025 Triste fin de semana para el motociclismo en el Aut\u00f3dromo de Curvelo, Brasil por el fallecimiento de un piloto. Se suspendi\u00f3 toda la actividad y se dio por finalizada la 4 etapa. Varios pilotos chaque\u00f1os participaban de la cita, como Sebasti\u00e1n Salom (Foto), Ramiro Gandola y Federico Passarino. Con motivo de la muerte de &hellip;<\/p>\n","protected":false},"author":2,"featured_media":23098,"comment_status":"open","ping_status":"open","sticky":false,"template":"","format":"standard","meta":{"footnotes":""},"categories":[59],"tags":[],"class_list":["post-23097","post","type-post","status-publish","format-standard","has-post-thumbnail","hentry","category-motociclismo"],"_links":{"self":[{"href":"https:\/\/www.sportchaco.com.ar\/index.php?rest_route=\/wp\/v2\/posts\/23097","targetHints":{"allow":["GET"]}}],"collection":[{"href":"https:\/\/www.sportchaco.com.ar\/index.php?rest_route=\/wp\/v2\/posts"}],"about":[{"href":"https:\/\/www.sportchaco.com.ar\/index.php?rest_route=\/wp\/v2\/types\/post"}],"author":[{"embeddable":true,"href":"https:\/\/www.sportchaco.com.ar\/index.php?rest_route=\/wp\/v2\/users\/2"}],"replies":[{"embeddable":true,"href":"https:\/\/www.sportchaco.com.ar\/index.php?rest_route=%2Fwp%2Fv2%2Fcomments&post=23097"}],"version-history":[{"count":6,"href":"https:\/\/www.sportchaco.com.ar\/index.php?rest_route=\/wp\/v2\/posts\/23097\/revisions"}],"predecessor-version":[{"id":23117,"href":"https:\/\/www.sportchaco.com.ar\/index.php?rest_route=\/wp\/v2\/posts\/23097\/revisions\/23117"}],"wp:featuredmedia":[{"embeddable":true,"href":"https:\/\/www.sportchaco.com.ar\/index.php?rest_route=\/wp\/v2\/media\/23098"}],"wp:attachment":[{"href":"https:\/\/www.sportchaco.com.ar\/index.php?rest_route=%2Fwp%2Fv2%2Fmedia&parent=23097"}],"wp:term":[{"taxonomy":"category","embeddable":true,"href":"https:\/\/www.sportchaco.com.ar\/index.php?rest_route=%2Fwp%2Fv2%2Fcategories&post=23097"},{"taxonomy":"post_tag","embeddable":true,"href":"https:\/\/www.sportchaco.com.ar\/index.php?rest_route=%2Fwp%2Fv2%2Ftags&post=23097"}],"curies":[{"name":"wp","href":"https:\/\/api.w.org\/{rel}","templated":true}]}}