{"id":23124,"date":"2025-08-03T20:17:23","date_gmt":"2025-08-03T23:17:23","guid":{"rendered":"https:\/\/www.sportchaco.com.ar\/?p=23124"},"modified":"2025-08-03T23:06:23","modified_gmt":"2025-08-04T02:06:23","slug":"el-ascenso-con-seis-empates-y-un-suspendido","status":"publish","type":"post","link":"https:\/\/www.sportchaco.com.ar\/?p=23124","title":{"rendered":"El ascenso con seis empates y un suspendido"},"content":{"rendered":"<p><strong>03-08-2025<\/strong><\/p>\n<p><img loading=\"lazy\" decoding=\"async\" class=\"aligncenter wp-image-20490 size-full\" src=\"https:\/\/www.sportchaco.com.ar\/wp-content\/uploads\/2025\/06\/728x90-1.gif\" alt=\"\" width=\"1518\" height=\"189\" \/><\/p>\n<p>Este domingo se dio por finalizada la 17\u00aa fecha del torneo Oficial de la Primera B de la Liga Chaque\u00f1a de F\u00fatbol.<\/p>\n<p>El d\u00eda ha dejado seis empates sobre siete partidos disputados y un encuentro suspendido; el de Los L\u00edricos ante FC Barber\u00e1n en Puerto Tirol por el choque entre el arquero de Los L\u00edricos con un delantero del \u00abtricolor\u00bb del barrio Barber\u00e1n cuando estaba por finalizar la primera parte.<\/p>\n<p><b><strong>TORNEO OFICIAL \u00abADRI\u00c1N DAR\u00cdO PARRA\u00bb<br \/>\n<\/strong><\/b><strong>TODA LA 17\u00aa FECHA<\/strong><br \/>\n<strong>Viernes 01-08<\/strong><br \/>\nDogos 5 \u2013 Centauro FC 1, en Chaco Hebr\u00f3n<\/p>\n<p><strong>S\u00e1bado 02-08<\/strong><br \/>\nUPCP 1 \u2013 Confraternidad 0, en Regional<br \/>\nChaco Hebr\u00f3n 1 \u2013 Banfield 2<br \/>\nParque Patricios 2 \u2013 Municipales 1, en Villa Alvear<\/p>\n<p><strong>Domingo 03-08<\/strong><br \/>\nDep. Barber\u00e1n 2 \u2013 Dep. Sameep 2, en Bancarios<br \/>\nDep. Esperanza 1 \u2013 San Fernando 1, en V\u00e9lez<br \/>\nUni\u00f3n del Sur 1 \u2013 C. E. de Comercio 1, en Regional<br \/>\nCanallas del Sur 0 \u2013 Camioneros 0<br \/>\nV\u00e9lez 2 \u2013 Dep. Zona Sur 2<br \/>\nDep. G\u00fciraldes 0 \u2013 DEF 0, en Regional<br \/>\nLos L\u00edricos 0 \u2013 FC Barber\u00e1n 2, en Indep. Tirol<br \/>\n<em>*Suspendido a los 38PT por un golpe en la cabeza del arquero de Los Liricos<\/em><\/p>\n<p><strong>Libre:<\/strong>\u00a0Bariloche FC<\/p>\n<p><strong>Martes 05-08<\/strong><br \/>\nA las 15:30, Dep. Zona Sur \u2013 UPCP, en Defensores\u00a0<em>(partido de la 16\u00aa fecha)<\/em><\/p>\n<p><strong>POSICIONES<\/strong><br \/>\nParque Patricios 39<br \/>\nLos L\u00edricos 37\u00a0<em>(a)<\/em><br \/>\nC. E. de Comercio 36<br \/>\nDep. Esperanza 30<br \/>\nDep. G\u00fciraldes 30<br \/>\nUPCP 29<br \/>\nCanallas del Sur 25<br \/>\nSan Fernando 25<br \/>\nBanfield 24<br \/>\nMunicipales 22<br \/>\nDogos 21<br \/>\nUni\u00f3n del Sur 21<br \/>\nFC Barber\u00e1n 20 <em>(a)<\/em><br \/>\nConfraternidad 19<br \/>\nDep. Sameep 19<br \/>\nCamioneros 18<br \/>\nDep. Zona Sur 18<br \/>\nV\u00e9lez 17<br \/>\nDep. Barber\u00e1n 14<br \/>\nChaco Hebr\u00f3n 13<br \/>\nDEF 13<br \/>\nCentauro FC 10<br \/>\nBariloche FC 6<br \/>\n<em>(a) Partido suspendido a los 43PT (0-2) por golpe de un jugador de Los Liricos. Define el Tribunal de Disciplina.<\/em><\/p>\n<p><em><img loading=\"lazy\" decoding=\"async\" class=\"aligncenter wp-image-20488 size-full\" src=\"https:\/\/www.sportchaco.com.ar\/wp-content\/uploads\/2025\/06\/BANNER-WEB-CHACO-JUEGA_300x250.gif\" alt=\"\" width=\"626\" height=\"522\" \/><\/em><\/p>\n","protected":false},"excerpt":{"rendered":"<p>03-08-2025 Este domingo se dio por finalizada la 17\u00aa fecha del torneo Oficial de la Primera B de la Liga Chaque\u00f1a de F\u00fatbol. El d\u00eda ha dejado seis empates sobre siete partidos disputados y un encuentro suspendido; el de Los L\u00edricos ante FC Barber\u00e1n en Puerto Tirol por el choque entre el arquero de Los &hellip;<\/p>\n","protected":false},"author":3,"featured_media":23125,"comment_status":"open","ping_status":"open","sticky":false,"template":"","format":"standard","meta":{"footnotes":""},"categories":[5],"tags":[],"class_list":["post-23124","post","type-post","status-publish","format-standard","has-post-thumbnail","hentry","category-futbol"],"_links":{"self":[{"href":"https:\/\/www.sportchaco.com.ar\/index.php?rest_route=\/wp\/v2\/posts\/23124","targetHints":{"allow":["GET"]}}],"collection":[{"href":"https:\/\/www.sportchaco.com.ar\/index.php?rest_route=\/wp\/v2\/posts"}],"about":[{"href":"https:\/\/www.sportchaco.com.ar\/index.php?rest_route=\/wp\/v2\/types\/post"}],"author":[{"embeddable":true,"href":"https:\/\/www.sportchaco.com.ar\/index.php?rest_route=\/wp\/v2\/users\/3"}],"replies":[{"embeddable":true,"href":"https:\/\/www.sportchaco.com.ar\/index.php?rest_route=%2Fwp%2Fv2%2Fcomments&post=23124"}],"version-history":[{"count":5,"href":"https:\/\/www.sportchaco.com.ar\/index.php?rest_route=\/wp\/v2\/posts\/23124\/revisions"}],"predecessor-version":[{"id":23178,"href":"https:\/\/www.sportchaco.com.ar\/index.php?rest_route=\/wp\/v2\/posts\/23124\/revisions\/23178"}],"wp:featuredmedia":[{"embeddable":true,"href":"https:\/\/www.sportchaco.com.ar\/index.php?rest_route=\/wp\/v2\/media\/23125"}],"wp:attachment":[{"href":"https:\/\/www.sportchaco.com.ar\/index.php?rest_route=%2Fwp%2Fv2%2Fmedia&parent=23124"}],"wp:term":[{"taxonomy":"category","embeddable":true,"href":"https:\/\/www.sportchaco.com.ar\/index.php?rest_route=%2Fwp%2Fv2%2Fcategories&post=23124"},{"taxonomy":"post_tag","embeddable":true,"href":"https:\/\/www.sportchaco.com.ar\/index.php?rest_route=%2Fwp%2Fv2%2Ftags&post=23124"}],"curies":[{"name":"wp","href":"https:\/\/api.w.org\/{rel}","templated":true}]}}