{"id":23184,"date":"2025-08-04T23:07:52","date_gmt":"2025-08-05T02:07:52","guid":{"rendered":"https:\/\/www.sportchaco.com.ar\/?p=23184"},"modified":"2025-08-04T23:19:46","modified_gmt":"2025-08-05T02:19:46","slug":"efemerides-del-5-de-agosto-2","status":"publish","type":"post","link":"https:\/\/www.sportchaco.com.ar\/?p=23184","title":{"rendered":"Efem\u00e9rides del 5 de agosto"},"content":{"rendered":"<div class=\"container fullwidth-entry-title-wrapper\">\n<div class=\"container-wrapper fullwidth-entry-title\">\n<header class=\"entry-header-outer\">\n<div class=\"entry-header\">\n<h1 class=\"post-title entry-title\"><\/h1>\n<div class=\"single-post-meta post-meta clearfix\"><\/div>\n<\/div>\n<\/header>\n<\/div>\n<\/div>\n<div id=\"content\" class=\"site-content container\">\n<div id=\"main-content-row\" class=\"tie-row main-content-row\">\n<div class=\"main-content tie-col-md-8 tie-col-xs-12\" role=\"main\">\n<article id=\"the-post\" class=\"container-wrapper post-content tie-standard\">\n<div class=\"featured-area\">\n<div class=\"featured-area-inner\"><\/div>\n<\/div>\n<div class=\"entry-content entry clearfix\">\n<h5><strong>Esta es la Efem\u00e9rides del Deporte en el Chaco de un 5 de agosto del periodista Luis Dar\u00edo Molodezky.<\/strong><\/h5>\n<p><img loading=\"lazy\" decoding=\"async\" class=\"alignnone size-full wp-image-23026 aligncenter\" src=\"https:\/\/www.sportchaco.com.ar\/wp-content\/uploads\/2025\/08\/Luis-2025-marzo-3-2-e1749824875302-300x217-1.jpg\" alt=\"\" width=\"300\" height=\"217\" \/><\/p>\n<p>&nbsp;<\/p>\n<p>&nbsp;<\/p>\n<p><strong>1959 <\/strong>\/ Comienza a desmantelarse la vieja y gloriosa \u201ccancha de chapas\u201d de Col\u00f3n y Ameghino de Chaco For Ever, luego del \u00faltimo cl\u00e1sico disputado el 2 de agosto ante Sarmiento, donde se impone el decano por 3 a 2. \u00a0El <em>negro, <\/em>m\u00e1s tarde, se mudar\u00eda al nuevo estadio de avenida 9 de Julio 2222, dando paso a la construcci\u00f3n de la Plaza Espa\u00f1a. El hecho conmocion\u00f3 a su hist\u00f3rico canchero, ya que ah\u00ed vivi\u00f3 siempre e incluso nacieron sus tres hijos.<\/p>\n<p><strong>1979 \/<\/strong>\u00a0Incidente entre el periodista Ricardo C\u00e1rdenas y el presidente de la Federaci\u00f3n Chaque\u00f1a de B\u00e1squetbol Hern\u00e1n Piccilli. El C\u00edrculo repudi\u00f3 el hecho por los insultos recibidos por el periodista. La intervenci\u00f3n de Radio Chaco, a cargo de Roberto Falc\u00f3n, en un comunicado respald\u00f3 al dirigente.<\/p>\n<p><img loading=\"lazy\" decoding=\"async\" class=\"alignnone size-medium wp-image-23185\" src=\"https:\/\/www.sportchaco.com.ar\/wp-content\/uploads\/2025\/08\/Ricardo-Cardenas-joven-1-con-su-padre-300x228.jpg\" alt=\"\" width=\"300\" height=\"228\" srcset=\"https:\/\/www.sportchaco.com.ar\/wp-content\/uploads\/2025\/08\/Ricardo-Cardenas-joven-1-con-su-padre-300x228.jpg 300w, https:\/\/www.sportchaco.com.ar\/wp-content\/uploads\/2025\/08\/Ricardo-Cardenas-joven-1-con-su-padre.jpg 526w\" sizes=\"auto, (max-width: 300px) 100vw, 300px\" \/><\/p>\n<p><strong>Foto de Ricardo C\u00e1rdenas, periodista deportivo de lo 70 y 80.<\/strong><\/p>\n<p><strong>1938 \/<\/strong>\u00a0Nace en Machagai Hugo \u201cPajarito\u201d G\u00f3mez, quien se destac\u00f3 como futbolista en El Fort\u00edn del Pueblo Viejo, \u00e1rbitro de b\u00e1squet y luego animador de espect\u00e1culos populares, entre ellos el programa \u201cChamameceando\u201d por el que fue distinguido por la C\u00e1mara de Diputados. Transmiti\u00f3 en varias oportunidades los Nacionales de B\u00e1squetbol.<\/p>\n<p><strong>2022 \/<\/strong>\u00a0Fallece Carlos Alberto Pisarello, un impulsor de la pr\u00e1ctica del aeromodelismo en el Chaco, junto a Patona Ferreira y Coco Sargenti. Adiestraron y fueron ejemplo de este fant\u00e1stico deporte abri\u00f3 las puertas a la ciencia a muchos, continuando en una disciplina apasionante como lo es la amistad misma. Construyo a la perfecci\u00f3n el primer planeador ASW 15 de alta performance que ense\u00f1o a volar a casi todos los aficionados.<\/p>\n<\/div>\n<\/article>\n<p><strong>Foto portada de la vieja y gloriosa cancha de chapas de Chaco For Ever donde hoy est\u00e1 enclavada la Plaza Espa\u00f1a.<\/strong><\/p>\n<article id=\"the-post\" class=\"container-wrapper post-content tie-standard\">\n<div class=\"entry-content entry clearfix\">\n<p>&nbsp;<\/p>\n<\/div>\n<\/article>\n<\/div>\n<\/div>\n<\/div>\n","protected":false},"excerpt":{"rendered":"<p>Esta es la Efem\u00e9rides del Deporte en el Chaco de un 5 de agosto del periodista Luis Dar\u00edo Molodezky. &nbsp; &nbsp; 1959 \/ Comienza a desmantelarse la vieja y gloriosa \u201ccancha de chapas\u201d de Col\u00f3n y Ameghino de Chaco For Ever, luego del \u00faltimo cl\u00e1sico disputado el 2 de agosto ante Sarmiento, donde se impone &hellip;<\/p>\n","protected":false},"author":2,"featured_media":23188,"comment_status":"open","ping_status":"open","sticky":false,"template":"","format":"standard","meta":{"footnotes":""},"categories":[38,45],"tags":[],"class_list":["post-23184","post","type-post","status-publish","format-standard","has-post-thumbnail","hentry","category-agosto","category-efemerides-dia-por-dia"],"_links":{"self":[{"href":"https:\/\/www.sportchaco.com.ar\/index.php?rest_route=\/wp\/v2\/posts\/23184","targetHints":{"allow":["GET"]}}],"collection":[{"href":"https:\/\/www.sportchaco.com.ar\/index.php?rest_route=\/wp\/v2\/posts"}],"about":[{"href":"https:\/\/www.sportchaco.com.ar\/index.php?rest_route=\/wp\/v2\/types\/post"}],"author":[{"embeddable":true,"href":"https:\/\/www.sportchaco.com.ar\/index.php?rest_route=\/wp\/v2\/users\/2"}],"replies":[{"embeddable":true,"href":"https:\/\/www.sportchaco.com.ar\/index.php?rest_route=%2Fwp%2Fv2%2Fcomments&post=23184"}],"version-history":[{"count":5,"href":"https:\/\/www.sportchaco.com.ar\/index.php?rest_route=\/wp\/v2\/posts\/23184\/revisions"}],"predecessor-version":[{"id":23245,"href":"https:\/\/www.sportchaco.com.ar\/index.php?rest_route=\/wp\/v2\/posts\/23184\/revisions\/23245"}],"wp:featuredmedia":[{"embeddable":true,"href":"https:\/\/www.sportchaco.com.ar\/index.php?rest_route=\/wp\/v2\/media\/23188"}],"wp:attachment":[{"href":"https:\/\/www.sportchaco.com.ar\/index.php?rest_route=%2Fwp%2Fv2%2Fmedia&parent=23184"}],"wp:term":[{"taxonomy":"category","embeddable":true,"href":"https:\/\/www.sportchaco.com.ar\/index.php?rest_route=%2Fwp%2Fv2%2Fcategories&post=23184"},{"taxonomy":"post_tag","embeddable":true,"href":"https:\/\/www.sportchaco.com.ar\/index.php?rest_route=%2Fwp%2Fv2%2Ftags&post=23184"}],"curies":[{"name":"wp","href":"https:\/\/api.w.org\/{rel}","templated":true}]}}