{"id":23213,"date":"2025-08-04T18:13:22","date_gmt":"2025-08-04T21:13:22","guid":{"rendered":"https:\/\/www.sportchaco.com.ar\/?p=23213"},"modified":"2025-08-04T18:31:31","modified_gmt":"2025-08-04T21:31:31","slug":"pre-federal-2025-progresista-y-alvear-se-preparan-con-la-mira-puesta-en-hacer-buenas-temporadas","status":"publish","type":"post","link":"https:\/\/www.sportchaco.com.ar\/?p=23213","title":{"rendered":"Pre\u2013Federal 2025: Progresista y Alvear se preparan con la mira puesta en hacer buenas temporadas"},"content":{"rendered":"<p class=\"story-title entry-title\"><strong>04-08-2025<\/strong><\/p>\n<p><img loading=\"lazy\" decoding=\"async\" class=\"aligncenter size-full wp-image-20491\" src=\"https:\/\/www.sportchaco.com.ar\/wp-content\/uploads\/2025\/06\/PARQUE-SOLAR_720x90-01.gif\" alt=\"\" width=\"720\" height=\"90\" \/><\/p>\n<div id=\"right-content\" class=\"relative\">\n<div id=\"content-area\" class=\"left relative\">\n<div id=\"tps_slideContainer_28079\" class=\"theiaPostSlider_slides\">\n<p>El Torneo Provincial Pre\u2013Federal de B\u00e1squet 2025 ser\u00e1 una de las competencias que m\u00e1s convocar\u00e1 al Chaco en lo deportivo. Los 12 equipos participantes, repartidos a lo largo de la provincia y divididos en dos zonas, comenzar\u00e1n a ver la acci\u00f3n a partir del 15 de agosto, y en estos \u00faltimos d\u00edas, varios ya iniciaron la preparaci\u00f3n de cara a lo que ser\u00e1 un exigente torneo.<\/p>\n<p>Entre los conjuntos que esperan ser animadores del torneo se encuentran los dos equipos representativos de Villa \u00c1ngela, Uni\u00f3n Progresista y Atl\u00e9tico Alvear, que comparten la Zona B y se enfrentar\u00e1n tanto en la Fecha 5 como 9 reeditando uno de los cl\u00e1sicos m\u00e1s apasionantes de la provincia.<\/p>\n<p>En la previa del arranque del certamen, Chaco En Alta dialog\u00f3 con los entrenadores de ambos equipos del interior para conocer c\u00f3mo viene siendo la preparaci\u00f3n, el armado del plantel y los objetivos que tendr\u00e1n para la competencia.<\/p>\n<p>Uni\u00f3n Progresista comenz\u00f3 esta semana con los entrenamientos y puesta a punto, luego de una semana de descanso tras culminar el torneo de la Asociaci\u00f3n del Sudoeste, donde alcanzaron las semifinales y quedaron eliminados por Cultural de Santa Sylvina en tres juegos.<\/p>\n<p>Ra\u00fal Quiroz, DT del equipo, coment\u00f3 que mantendr\u00e1n el mismo equipo que termin\u00f3 el torneo, sufriendo s\u00f3lo la baja del externo Adri\u00e1n Rubio y anunciando la llegada en su lugar de, por ahora el \u00fanico refuerzo confirmado, el salte\u00f1o Luciano Sandoval, a quien Quiroz se\u00f1al\u00f3 como \u201cun jugador que f\u00edsicamente est\u00e1 muy bien y solo falta que se acople a la filosof\u00eda del equipo\u201d.<\/p>\n<p>\u201cVa a ser un torneo muy competitivo, en ambas zonas hay equipos que se est\u00e1n armando muy bien, que han hecho una inversi\u00f3n importante y va a ser duro, muy parejo. Nuestra zona es fuerte, as\u00ed que nos vamos a tener que esforzar el doble para poder competir, estamos tranquilos y trabajando de la mejor manera, entrenando a full para encarar lo que se viene\u201d, expres\u00f3 Quiroz.<\/p>\n<p><img decoding=\"async\" class=\" lazyloaded\" src=\"https:\/\/baskettotal.com.ar\/wp-content\/uploads\/2025\/08\/Progre-2-1000x600.jpeg\" data-src=\"https:\/\/baskettotal.com.ar\/wp-content\/uploads\/2025\/08\/Progre-2-1000x600.jpeg\" \/><\/p>\n<p>De esta manera, el plantel del \u201c\u00c1guila\u201d hasta el momento estar\u00e1 compuesto por Exequiel Rubio, Luciano Sandoval, Marcos Areco, Emiliano Lipreri, Juan Pablo Wall, Walter Lezcano y Pedro Pegoraro, como mayores, y Mateo Di Toto, Joaqu\u00edn Ar\u00e9valo, Lucas Ch\u00e1vez y Valentino Cabral como fichas U21.<\/p>\n<p>En la otra vereda, Atl\u00e9tico Alvear tambi\u00e9n se prepara desde hace casi dos semanas con la mira puesta en el arranque, con una mini pretemporada exigente para acondicionar la parte f\u00edsica, ya que al igual que Progresista, termin\u00f3 su participaci\u00f3n hace muy poco del Asociativo, donde fue eliminado en cuartos de final a manos de H\u00e9rcules de Charata, vigente bicampe\u00f3n.<\/p>\n<p>El \u201cAlbinegro\u201d sum\u00f3 cuatro caras nuevas a la base de su plantel, con tres fichas mayores de mucha jerarqu\u00eda y experiencia. Adri\u00e1n Rubio y Alejandro Spalla volvieron al club tras sus pasos por Progresista y Cultural, respectivamente, y junto a ellos lleg\u00f3 el interno Santiago Barreto, que viene de ser uno de los pilares de Hind\u00fa Club en la \u00faltima temporada. Adem\u00e1s, Valent\u00edn Gudi\u00f1o llega como una de las fichas U21.<\/p>\n<p>Joaqu\u00edn Vega, entrenador principal del equipo, habl\u00f3 con este medio sobre c\u00f3mo espera que sea el desarrollo de la competencia y los objetivos que tienen con el club: \u201cSe han armado zonas muy parejas e imagino que todos los equipos se van a hacer fuerte en sus local\u00edas. La nuestra es una zona muy linda, competitiva y exigente\u201d.<\/p>\n<p>\u201cNuestra meta como club es ganar la plaza para el Federal, es el objetivo claro que tenemos tanto en lo dirigencial como en el equipo. Ser\u00e1 un torneo ultra competitivo, nos prepararemos lo mejor posible para intentar estar a la altura. Estamos reacomodando el plantel, sumando gente de experiencia, y de a poquito vamos a ir armando la filosof\u00eda y manera de jugar que quiero para el equipo y el plantel\u201d, cerr\u00f3 Vega, que estar\u00e1 acompa\u00f1ado en el cuerpo t\u00e9cnico por Facundo Otero como ayudante y Facundo Lazarte como preparador f\u00edsico.<\/p>\n<p><em><strong>Nota: Chaco En Alta<\/strong><\/em><br \/>\n<em><strong>Fotos: Leonardo Gonz\u00e1lez (Villa \u00c1ngela)<\/strong><\/em><\/p>\n<p><img loading=\"lazy\" decoding=\"async\" class=\"aligncenter size-full wp-image-19354\" src=\"https:\/\/www.sportchaco.com.ar\/wp-content\/uploads\/2025\/05\/BANNER-WEB-Qdenga-250x250-1.gif\" alt=\"\" width=\"521\" height=\"521\" \/><\/p>\n<\/div>\n<\/div>\n<\/div>\n","protected":false},"excerpt":{"rendered":"<p>04-08-2025 El Torneo Provincial Pre\u2013Federal de B\u00e1squet 2025 ser\u00e1 una de las competencias que m\u00e1s convocar\u00e1 al Chaco en lo deportivo. Los 12 equipos participantes, repartidos a lo largo de la provincia y divididos en dos zonas, comenzar\u00e1n a ver la acci\u00f3n a partir del 15 de agosto, y en estos \u00faltimos d\u00edas, varios ya &hellip;<\/p>\n","protected":false},"author":2,"featured_media":23214,"comment_status":"open","ping_status":"open","sticky":false,"template":"","format":"standard","meta":{"footnotes":""},"categories":[3],"tags":[],"class_list":["post-23213","post","type-post","status-publish","format-standard","has-post-thumbnail","hentry","category-basquetbol"],"_links":{"self":[{"href":"https:\/\/www.sportchaco.com.ar\/index.php?rest_route=\/wp\/v2\/posts\/23213","targetHints":{"allow":["GET"]}}],"collection":[{"href":"https:\/\/www.sportchaco.com.ar\/index.php?rest_route=\/wp\/v2\/posts"}],"about":[{"href":"https:\/\/www.sportchaco.com.ar\/index.php?rest_route=\/wp\/v2\/types\/post"}],"author":[{"embeddable":true,"href":"https:\/\/www.sportchaco.com.ar\/index.php?rest_route=\/wp\/v2\/users\/2"}],"replies":[{"embeddable":true,"href":"https:\/\/www.sportchaco.com.ar\/index.php?rest_route=%2Fwp%2Fv2%2Fcomments&post=23213"}],"version-history":[{"count":3,"href":"https:\/\/www.sportchaco.com.ar\/index.php?rest_route=\/wp\/v2\/posts\/23213\/revisions"}],"predecessor-version":[{"id":23223,"href":"https:\/\/www.sportchaco.com.ar\/index.php?rest_route=\/wp\/v2\/posts\/23213\/revisions\/23223"}],"wp:featuredmedia":[{"embeddable":true,"href":"https:\/\/www.sportchaco.com.ar\/index.php?rest_route=\/wp\/v2\/media\/23214"}],"wp:attachment":[{"href":"https:\/\/www.sportchaco.com.ar\/index.php?rest_route=%2Fwp%2Fv2%2Fmedia&parent=23213"}],"wp:term":[{"taxonomy":"category","embeddable":true,"href":"https:\/\/www.sportchaco.com.ar\/index.php?rest_route=%2Fwp%2Fv2%2Fcategories&post=23213"},{"taxonomy":"post_tag","embeddable":true,"href":"https:\/\/www.sportchaco.com.ar\/index.php?rest_route=%2Fwp%2Fv2%2Ftags&post=23213"}],"curies":[{"name":"wp","href":"https:\/\/api.w.org\/{rel}","templated":true}]}}