{"id":23246,"date":"2025-08-05T23:05:20","date_gmt":"2025-08-06T02:05:20","guid":{"rendered":"https:\/\/www.sportchaco.com.ar\/?p=23246"},"modified":"2025-08-06T01:42:16","modified_gmt":"2025-08-06T04:42:16","slug":"efemerides-del-6-de-agosto-2","status":"publish","type":"post","link":"https:\/\/www.sportchaco.com.ar\/?p=23246","title":{"rendered":"Efem\u00e9rides del 6 de agosto"},"content":{"rendered":"<div class=\"container fullwidth-entry-title-wrapper\">\n<div class=\"container-wrapper fullwidth-entry-title\">\n<header class=\"entry-header-outer\">\n<div class=\"entry-header\"><\/div>\n<\/header>\n<\/div>\n<\/div>\n<div id=\"content\" class=\"site-content container\">\n<div id=\"main-content-row\" class=\"tie-row main-content-row\">\n<div class=\"main-content tie-col-md-8 tie-col-xs-12\" role=\"main\">\n<article id=\"the-post\" class=\"container-wrapper post-content tie-standard\">\n<div class=\"featured-area\">\n<div class=\"featured-area-inner\"><\/div>\n<\/div>\n<div class=\"entry-content entry clearfix\">\n<p><strong>Esta es la Efem\u00e9rides del Deporte en el Chaco de un 6 de agosto periodista Luis Dar\u00edo Molodezky.<\/strong><\/p>\n<p><img loading=\"lazy\" decoding=\"async\" class=\"alignnone size-full wp-image-23026 aligncenter\" src=\"https:\/\/www.sportchaco.com.ar\/wp-content\/uploads\/2025\/08\/Luis-2025-marzo-3-2-e1749824875302-300x217-1.jpg\" alt=\"\" width=\"300\" height=\"217\" \/><\/p>\n<p><strong>1937\u00a0<\/strong>\/ Desde \u201cel camino que conduce a Tirol y que lleva a Basail\u201d se larga a las 7 de la ma\u00f1ana, la tercera etapa del Gran Premio Nacional Automovil\u00edstico de 1937 entre Resistencia- Santiago del Estero, con un total de 718 kil\u00f3metros. El ganador fue el arrecife\u00f1o Angel Lo Valvo, con Ford, que corr\u00eda bajo el seud\u00f3nimo del mitol\u00f3gico \u201cHip\u00f3menes\u201d (vencedor de Atalanta), con 7 h. 52\u2032 52\u201d; acompa\u00f1ado de su cu\u00f1ado, Antonio Spampinato.<\/p>\n<p>&nbsp;<\/p>\n<p><strong>1949\u00a0<\/strong>(6 y 7 de agosto) \/ Segunda edici\u00f3n de la Vuelta del Chaco, ganada por Daimo Bojanich con una coup\u00e9 Ford V8 a un promedio de 131,182 km\/hora. La largada se realiza desde la avenida 25 de Mayo y Gobernador Mansilla. Participaron los chaque\u00f1os Santiago Guarnieri, Eleuterio Schvembler, Oscar Ledesma y Crisp\u00edn Gim\u00e9nez de Resistencia, Elio Martina de Quitilipi, Daniel Boitenko de S\u00e1enz Pe\u00f1a y el \u00fanico que arrib\u00f3 al final Eduardo Carauni de Villa \u00c1ngela.<\/p>\n<p>&nbsp;<\/p>\n<p><strong>1965 \/<\/strong>\u00a0En el marco de los eventos deportivos con motivo de la Fiesta Nacional del Algod\u00f3n, Nicolino Locche de 25 a\u00f1os se present\u00f3 en velada organizada Sarmiento, enfrentando a Leonardo Peralta en el Anfiteatro Todaro. Lleg\u00f3 casi con una semana de anticipaci\u00f3n y su presencia conmocion\u00f3 a la ciudad; incluso, el mendocino abarrotaba las instalaciones de la UOM, en la calle Mitre, donde todos los d\u00edas entrenaba bajo las \u00f3rdenes de don \u2018Paco\u2019 Berm\u00fadez. Tres a\u00f1os despu\u00e9s, en Tokio, se consagrar\u00eda campe\u00f3n mundial de la categor\u00eda welter junior.<\/p>\n<p><img loading=\"lazy\" decoding=\"async\" class=\"alignnone size-full wp-image-23247\" src=\"https:\/\/www.sportchaco.com.ar\/wp-content\/uploads\/2025\/08\/Nicolino-locche-joven-tapa.jpg\" alt=\"\" width=\"225\" height=\"225\" srcset=\"https:\/\/www.sportchaco.com.ar\/wp-content\/uploads\/2025\/08\/Nicolino-locche-joven-tapa.jpg 225w, https:\/\/www.sportchaco.com.ar\/wp-content\/uploads\/2025\/08\/Nicolino-locche-joven-tapa-150x150.jpg 150w\" sizes=\"auto, (max-width: 225px) 100vw, 225px\" \/><\/p>\n<p><strong>1986\u00a0<\/strong>\/ Un grupo de entusiastas del automovilismo, encabezados por el\u00a0<em>pelado\u00a0<\/em>Zafra, se encuentran abocados en S\u00e1enz Pe\u00f1a a la construcci\u00f3n de un aut\u00f3dromo, que estar\u00e1 ubicado en el sector \u201cEste\u201d, a lado del hip\u00f3dromo Jockey Club a la vera de la ruta 95 y calle 9, sector del monumento a Los Inmigrantes.<\/p>\n<p><strong>2022 \/<\/strong>\u00a0Fallece el ex jugador y entrenador de f\u00fatbol Roberto Augusto \u201cCula\u201d Cassiet (foto), quien fuera un emblema de Chaco For Ever. Naci\u00f3 en La Sabana, el 17 de abril de 1940. Curiosamente su debut fue con la casaca de Sarmiento, y un 31 de julio de 1960 el decano le ganaba un cl\u00e1sico a For Ever con gol suyo, que jugaba con la 9. Ni bien pudo, pas\u00f3 a For Ever donde lleg\u00f3 en 1962, ocupando el puesto de defensor. Fue campe\u00f3n con el negro en los a\u00f1os 62, 66 y 70; titular indiscutido en el campe\u00f3n Regional 1967 que lo llev\u00f3 al primer Nacional, siendo integrante de la famoso equipos que enfrent\u00f3 a Boca en la Bombonera. Junto a Ram\u00f3n Villanueva tuvieron asistencia completa en ese hist\u00f3rico torneo. Desde 1971 dirigi\u00f3 las inferiores del club. Fue el t\u00e9cnico campe\u00f3n del Oficial y Selectivo de 1981, que le permiti\u00f3 disputar el Regional. Roberto Cassiet tambi\u00e9n tuvo un paso hist\u00f3rico como entrenador de Villa Alvear.<\/p>\n<p>Foto portada de Eleuterio Schvembler, uno de los chaque\u00f1os participantes de la vuelta del Chaco 1949<\/p>\n<\/div>\n<\/article>\n<\/div>\n<\/div>\n<\/div>\n","protected":false},"excerpt":{"rendered":"<p>Esta es la Efem\u00e9rides del Deporte en el Chaco de un 6 de agosto periodista Luis Dar\u00edo Molodezky. 1937\u00a0\/ Desde \u201cel camino que conduce a Tirol y que lleva a Basail\u201d se larga a las 7 de la ma\u00f1ana, la tercera etapa del Gran Premio Nacional Automovil\u00edstico de 1937 entre Resistencia- Santiago del Estero, con &hellip;<\/p>\n","protected":false},"author":2,"featured_media":23248,"comment_status":"open","ping_status":"open","sticky":false,"template":"","format":"standard","meta":{"footnotes":""},"categories":[38,45],"tags":[],"class_list":["post-23246","post","type-post","status-publish","format-standard","has-post-thumbnail","hentry","category-agosto","category-efemerides-dia-por-dia"],"_links":{"self":[{"href":"https:\/\/www.sportchaco.com.ar\/index.php?rest_route=\/wp\/v2\/posts\/23246","targetHints":{"allow":["GET"]}}],"collection":[{"href":"https:\/\/www.sportchaco.com.ar\/index.php?rest_route=\/wp\/v2\/posts"}],"about":[{"href":"https:\/\/www.sportchaco.com.ar\/index.php?rest_route=\/wp\/v2\/types\/post"}],"author":[{"embeddable":true,"href":"https:\/\/www.sportchaco.com.ar\/index.php?rest_route=\/wp\/v2\/users\/2"}],"replies":[{"embeddable":true,"href":"https:\/\/www.sportchaco.com.ar\/index.php?rest_route=%2Fwp%2Fv2%2Fcomments&post=23246"}],"version-history":[{"count":3,"href":"https:\/\/www.sportchaco.com.ar\/index.php?rest_route=\/wp\/v2\/posts\/23246\/revisions"}],"predecessor-version":[{"id":23250,"href":"https:\/\/www.sportchaco.com.ar\/index.php?rest_route=\/wp\/v2\/posts\/23246\/revisions\/23250"}],"wp:featuredmedia":[{"embeddable":true,"href":"https:\/\/www.sportchaco.com.ar\/index.php?rest_route=\/wp\/v2\/media\/23248"}],"wp:attachment":[{"href":"https:\/\/www.sportchaco.com.ar\/index.php?rest_route=%2Fwp%2Fv2%2Fmedia&parent=23246"}],"wp:term":[{"taxonomy":"category","embeddable":true,"href":"https:\/\/www.sportchaco.com.ar\/index.php?rest_route=%2Fwp%2Fv2%2Fcategories&post=23246"},{"taxonomy":"post_tag","embeddable":true,"href":"https:\/\/www.sportchaco.com.ar\/index.php?rest_route=%2Fwp%2Fv2%2Ftags&post=23246"}],"curies":[{"name":"wp","href":"https:\/\/api.w.org\/{rel}","templated":true}]}}