{"id":23295,"date":"2025-08-06T20:01:31","date_gmt":"2025-08-06T23:01:31","guid":{"rendered":"https:\/\/www.sportchaco.com.ar\/?p=23295"},"modified":"2025-08-06T20:05:23","modified_gmt":"2025-08-06T23:05:23","slug":"villa-simondi-sigue-vuelve-perez-barrios-y-se-sumar-rath","status":"publish","type":"post","link":"https:\/\/www.sportchaco.com.ar\/?p=23295","title":{"rendered":"Villa: Simondi sigue, vuelve P\u00e9rez Barrios y se suma Rath"},"content":{"rendered":"<header>\n<h5>Villa San Mart\u00edn que antes hab\u00eda presentado a Eduardo Japez como nuevo entrenador del equipo que jugar\u00e1 la Liga Argentina, confirm\u00f3 la continuidad de Favio Vieta &#8211; Maxi Mart\u00edn, y la llegada <span data-huuid=\"114429367332987675\"><span style=\"color: #000000;\">de\u00a0<a class=\"DTlJ6d\" style=\"color: #000000;\" href=\"https:\/\/www.google.com\/search?sca_esv=1b131cb33424c794&amp;cs=0&amp;sxsrf=AE3TifP8zim7ClpGPMiAEAu2742lfducHA%3A1754520305546&amp;q=Facundo+Gago&amp;sa=X&amp;ved=2ahUKEwjCxKW8ofeOAxXjALkGHc79G0UQxccNegQIBRAB&amp;mstk=AUtExfAJol9Fa34mBI5A1WnWWOPus524WLGG5fvMh14A_WJvzH9TF9BLRTovRpC5v9OidTsvz7oPB-J79SyiCQeH8h3WgbQsLaiX7CssmUU0aMYR6kTC5o3HAOEYfV0ZCs9cnoWMeiOWT2bNDS7hcySWkpInhCtOShhEibLMHfN46N1YQydnFhN-wWDhj7ObuTmIHEeLKTq03dC8cYdKW9RBiSelAOkb8STiFBnIlM1n57zrIg1I0BMRyZmkzBvHcblaRyMMmGOSPA0E8pDNo68wRdit&amp;csui=3\" target=\"_blank\" rel=\"noopener\" data-hveid=\"CAUQAQ\">Facundo Gago<\/a>\u00a0y\u00a0<span class=\"M5tQyf\"><a class=\"DTlJ6d\" style=\"color: #000000;\" href=\"https:\/\/www.google.com\/search?sca_esv=1b131cb33424c794&amp;cs=0&amp;sxsrf=AE3TifP8zim7ClpGPMiAEAu2742lfducHA%3A1754520305546&amp;q=Lautaro+Florito&amp;sa=X&amp;ved=2ahUKEwjCxKW8ofeOAxXjALkGHc79G0UQxccNegQIBRAC&amp;mstk=AUtExfAJol9Fa34mBI5A1WnWWOPus524WLGG5fvMh14A_WJvzH9TF9BLRTovRpC5v9OidTsvz7oPB-J79SyiCQeH8h3WgbQsLaiX7CssmUU0aMYR6kTC5o3HAOEYfV0ZCs9cnoWMeiOWT2bNDS7hcySWkpInhCtOShhEibLMHfN46N1YQydnFhN-wWDhj7ObuTmIHEeLKTq03dC8cYdKW9RBiSelAOkb8STiFBnIlM1n57zrIg1I0BMRyZmkzBvHcblaRyMMmGOSPA0E8pDNo68wRdit&amp;csui=3\" target=\"_blank\" rel=\"noopener\" data-hveid=\"CAUQAg\">Lautaro Florito<\/a>.<\/span><\/span><span class=\"pjBG2e\" data-cid=\"9f65731a-9651-4bc4-9e75-415c52560b9f\"><span class=\"UV3uM\"><span style=\"color: #000000;\">\u00a0<\/span> Ahora estamos en condiciones de adelantar la contiuidad de Stefanio simondi, la vuelta e Emir P\u00e9rez Barrios y la llegadadel juvenil Gustavo Rath.<\/span><\/span><\/span><\/h5>\n<\/header>\n<p>&nbsp;<\/p>\n<p>Los \u00faltimos nombres que entran en escena son los Stefano Simondi, Estefano Simondi \u00a0que naci\u00f3 el 22 de noviembre de 1996. Mide 2m01 de altura. Las dos \u00faltimas temporadas jug\u00f3 en el tricolor.<\/p>\n<p>&nbsp;<\/p>\n<div id=\"mvp-article-head\" class=\"left relative\">\n<h1 class=\"mvp-post-title left entry-title\">Emir P\u00e9rez Barrios:\u00a0<time class=\"post-date updated\" datetime=\"2024-02-22\"><\/time><\/h1>\n<p>Emir P\u00e9rez Barrios es base, de 1,87 mts y 19 a\u00f1os, alternabaq entre la Liga de Desarrollo y el primer equipo del Rockero.<\/p>\n<p>El perimetral nacido en Resistencia, (26 de octubre de 2005), 1,87 de 19 a\u00f1os, se inici\u00f3 su carrera en Villa San Mart\u00edn. Con el club chaque\u00f1o, logr\u00f3 salir campe\u00f3n en dos ocasiones. Esto le permito, tener su primera convocatoria a la selecci\u00f3n argentina en el 2018. Con la camiseta albiceleste, disput\u00f3 el FIBA Am\u00e9ricas U16 en 2021 y el Mundial U17 en 2022. Tuvo sus primeras experiencias den Liga Nacional con el tachero, y luego de tres temporadas vuelve al Chaco .<\/p>\n<\/div>\n<div class=\"mvp-post-content-out relative\">\n<div class=\"mvp-post-content-in\">\n<div id=\"mvp-post-content\" class=\"left relative\">\n<div class=\"mvp-content-box\">\n<div class=\"mvp-post-soc-out relative\">\n<div class=\"mvp-post-soc-in\">\n<div id=\"mvp-content-main\" class=\"left relative\">\n<p>Emir cuenta con un gran portento f\u00edsico, una buena capacidad para romper hacia el aro. Siendo la visi\u00f3n y la organizaci\u00f3n de juego sus grandes virtudes, asimismo cuenta con un gran tiro a corta o larga distancia.<\/p>\n<p>Pr su parte Gustavo Rath es saenzpe\u00f1ense, jug\u00f3 el Federal con Hind\u00fa Club y ahora defender\u00e1 los colores de Villa. (Spoprtchaco.com.ar)<\/p>\n<\/div>\n<\/div>\n<\/div>\n<\/div>\n<\/div>\n<\/div>\n<\/div>\n<header>\n<p style=\"text-align: center;\"><img loading=\"lazy\" decoding=\"async\" class=\"alignnone size-medium wp-image-23298\" src=\"https:\/\/www.sportchaco.com.ar\/wp-content\/uploads\/2025\/08\/emir-300x200.jpeg\" alt=\"\" width=\"300\" height=\"200\" srcset=\"https:\/\/www.sportchaco.com.ar\/wp-content\/uploads\/2025\/08\/emir-300x200.jpeg 300w, https:\/\/www.sportchaco.com.ar\/wp-content\/uploads\/2025\/08\/emir-1024x683.jpeg 1024w, https:\/\/www.sportchaco.com.ar\/wp-content\/uploads\/2025\/08\/emir-768x512.jpeg 768w, https:\/\/www.sportchaco.com.ar\/wp-content\/uploads\/2025\/08\/emir.jpeg 1536w\" sizes=\"auto, (max-width: 300px) 100vw, 300px\" \/><\/p>\n<p>Para la zona de pivot se habla de la llegada de un brasile\u00f1o, que jugara en Hispano Argentino la temporada pasada.<\/p>\n<\/header>\n<div class=\"separator\"><strong>La llegadade Jazpez<\/strong><\/div>\n<div class=\"col-md-8\">\n<p>En conferencia de prensa, Villa San Mart\u00edn present\u00f3 a Eduardo \u00abChiche\u00bb Japez como flamante entrenador del equipo en lo que ser\u00e1 la temporada 25\/26 de La Liga Argentina de B\u00e1squet. Asimismo, el experimentado entrenador tendr\u00e1 mucha incidencia en la estructura y armado de las categor\u00edas formativas de la instituci\u00f3n, que sin dudas son de jerarqu\u00eda.<\/p>\n<p>\u00abEl entrenador Japez se amolda a lo que pretendemos, tiene la filosof\u00eda que nosotros inculcamos a los jugadores, que es no entregarse nunca, no negociar la actitud dentro del campo y la verdad que nos da un salto de calidad\u00bb, fueron las primeras palabras del presidente de Villa San Mart\u00edn, Ricardo Siri, quien en esta apertura estuvo acompa\u00f1ado por el vicepresidente Mart\u00edn P\u00e9rez Bataglia y obvimente el nuevo entrenador.<\/p>\n<p>Asimismo, Siri ratific\u00f3 estar \u00abconvencido del trabajo que se viene haciendo desde hace nueve temporadas, con esta diez, ahora con un entrenador como Japez que tiene una trayectoria y un curr\u00edculum importante en combinados nacionales y Liga Nacional\u00bb.<\/p>\n<p><img decoding=\"async\" src=\"https:\/\/laliganacional.com.ar\/uploadsfotos\/1000446873.jpg\" alt=\"\" \/><\/p>\n<p>\u00abTrabajaremos en potenciar las categor\u00edas formativas y generar jugadores como lo venimos haciendo hace muchos a\u00f1os\u00bb, finaliz\u00f3 el titular de la instituci\u00f3n Tricolor, \u00fanica representante chaque\u00f1a en esta categor\u00eda.<\/p>\n<p><strong>\u00abEs una apuesta muy linda\u00bb<\/strong><\/p>\n<p>Por su parte, el flamante entrenador de Villa San Mart\u00edn, Eduado \u00abChiche\u00bb Japez, se mostr\u00f3 \u00abagradecido con la instituci\u00f3n, comisi\u00f3n directiva y por supuesto vale mencionar y resaltar a un proyecto que se desarroll\u00f3 durante nueve temporadas, adem\u00e1s de felicitar a ese cuerpo t\u00e9cnico por lo que logr\u00f3 Villa San Mart\u00edn; es una apuesta muy linda la de esta temporada\u00bb.<\/p>\n<p>Japez tiene una larga trayectoria como entrenador, con experiencias por Argentino de Jun\u00edn, tambi\u00e9n dirigi\u00f3 en la m\u00e1xima categor\u00eda en La Uni\u00f3n de Formosa y form\u00f3 parte del staff de selecciones formativas de varones siendo el entrenador principal en varias competencias. En la \u00faltima temporada fue entrenador de Comunicaciones de Mercedes.<\/p>\n<p>\u00abVamos a seguir potenciando a los entrenadores de la instituci\u00f3n y me parece que vamos por ese camino, y para m\u00ed va a ser un desaf\u00edo trabajar este a\u00f1o, por lo que vamos a seguir y trabajar con entrenadores del club\u201d dej\u00f3 en claro .\u201cLa idea es mantener una estructura, considero que hay jugadores de suma importancia; hoy hablar de nombres propios es muy temprano\u201d, agreg\u00f3.<\/p>\n<p>Adem\u00e1s, J\u00e1pez confirm\u00f3 mantener el esquema de trabajo, remarcando \u201cla psicolog\u00eda deportiva es un gran aporte, estuvimos hablando y es un pedido de continuidad, dentro de lo que uno pretende. En tanto que en la parte nutriconal tambi\u00e9n ya est\u00e1 incorporado; son herramientas y ayudas necesarias para todos\u201d.<\/p>\n<p>\u201cPr\u00f3ximamente se van a conocer nombres en la conformaci\u00f3n del staff de entrenadores, me parece que no va a haber grandes novedades, pero s\u00ed incorporaciones\u201d, finaliz\u00f3.<\/p>\n<p><strong>Informe y fotos:<\/strong>\u00a0Prensa Villa San Mart\u00edn<\/p>\n<\/div>\n","protected":false},"excerpt":{"rendered":"<p>Villa San Mart\u00edn que antes hab\u00eda presentado a Eduardo Japez como nuevo entrenador del equipo que jugar\u00e1 la Liga Argentina, confirm\u00f3 la continuidad de Favio Vieta &#8211; Maxi Mart\u00edn, y la llegada de\u00a0Facundo Gago\u00a0y\u00a0Lautaro Florito.\u00a0 Ahora estamos en condiciones de adelantar la contiuidad de Stefanio simondi, la vuelta e Emir P\u00e9rez Barrios y la llegadadel &hellip;<\/p>\n","protected":false},"author":2,"featured_media":23300,"comment_status":"open","ping_status":"open","sticky":false,"template":"","format":"standard","meta":{"footnotes":""},"categories":[3],"tags":[],"class_list":["post-23295","post","type-post","status-publish","format-standard","has-post-thumbnail","hentry","category-basquetbol"],"_links":{"self":[{"href":"https:\/\/www.sportchaco.com.ar\/index.php?rest_route=\/wp\/v2\/posts\/23295","targetHints":{"allow":["GET"]}}],"collection":[{"href":"https:\/\/www.sportchaco.com.ar\/index.php?rest_route=\/wp\/v2\/posts"}],"about":[{"href":"https:\/\/www.sportchaco.com.ar\/index.php?rest_route=\/wp\/v2\/types\/post"}],"author":[{"embeddable":true,"href":"https:\/\/www.sportchaco.com.ar\/index.php?rest_route=\/wp\/v2\/users\/2"}],"replies":[{"embeddable":true,"href":"https:\/\/www.sportchaco.com.ar\/index.php?rest_route=%2Fwp%2Fv2%2Fcomments&post=23295"}],"version-history":[{"count":3,"href":"https:\/\/www.sportchaco.com.ar\/index.php?rest_route=\/wp\/v2\/posts\/23295\/revisions"}],"predecessor-version":[{"id":23303,"href":"https:\/\/www.sportchaco.com.ar\/index.php?rest_route=\/wp\/v2\/posts\/23295\/revisions\/23303"}],"wp:featuredmedia":[{"embeddable":true,"href":"https:\/\/www.sportchaco.com.ar\/index.php?rest_route=\/wp\/v2\/media\/23300"}],"wp:attachment":[{"href":"https:\/\/www.sportchaco.com.ar\/index.php?rest_route=%2Fwp%2Fv2%2Fmedia&parent=23295"}],"wp:term":[{"taxonomy":"category","embeddable":true,"href":"https:\/\/www.sportchaco.com.ar\/index.php?rest_route=%2Fwp%2Fv2%2Fcategories&post=23295"},{"taxonomy":"post_tag","embeddable":true,"href":"https:\/\/www.sportchaco.com.ar\/index.php?rest_route=%2Fwp%2Fv2%2Ftags&post=23295"}],"curies":[{"name":"wp","href":"https:\/\/api.w.org\/{rel}","templated":true}]}}