{"id":23304,"date":"2025-08-06T23:07:50","date_gmt":"2025-08-07T02:07:50","guid":{"rendered":"https:\/\/www.sportchaco.com.ar\/?p=23304"},"modified":"2025-08-07T12:31:03","modified_gmt":"2025-08-07T15:31:03","slug":"efemerides-del-7-de-agosto-2","status":"publish","type":"post","link":"https:\/\/www.sportchaco.com.ar\/?p=23304","title":{"rendered":"Efem\u00e9rides del 7 de agosto"},"content":{"rendered":"<div class=\"container fullwidth-entry-title-wrapper\">\n<div class=\"container-wrapper fullwidth-entry-title\">\n<header class=\"entry-header-outer\">\n<div class=\"entry-header\">\n<h1 class=\"post-title entry-title\"><\/h1>\n<div class=\"single-post-meta post-meta clearfix\"><\/div>\n<\/div>\n<\/header>\n<\/div>\n<\/div>\n<div id=\"content\" class=\"site-content container\">\n<div id=\"main-content-row\" class=\"tie-row main-content-row\">\n<div class=\"main-content tie-col-md-8 tie-col-xs-12\" role=\"main\">\n<article id=\"the-post\" class=\"container-wrapper post-content tie-standard\">\n<div class=\"featured-area\">\n<div class=\"featured-area-inner\"><\/div>\n<\/div>\n<div class=\"entry-content entry clearfix\">\n<p><strong>Esta es la Efem\u00e9rides del Deporte en el Chaco de un 7 de agosto periodista Luis Dar\u00edo Molodezky.<\/strong><\/p>\n<p><strong>\u00a0<\/strong><\/p>\n<p style=\"text-align: center;\"><img loading=\"lazy\" decoding=\"async\" class=\"alignnone size-full wp-image-23026\" src=\"https:\/\/www.sportchaco.com.ar\/wp-content\/uploads\/2025\/08\/Luis-2025-marzo-3-2-e1749824875302-300x217-1.jpg\" alt=\"\" width=\"300\" height=\"217\" \/><\/p>\n<p>&nbsp;<\/p>\n<p><strong>1936\u00a0<\/strong>\/ Organizadas por el Club Ciclista Petit Breton, se realizan dos competencias de Resistencia a Puerto Tirol y regreso. Con viento en contra por la ma\u00f1ana se impuso Juan Romero del Club Ciclista Resistencia, seguido por Adolfo Sosa del organizador y Dante Agazzani, tambi\u00e9n del Petit. Por la tarde en cuarta categor\u00eda, se impuso Julio Santambroggio.<\/p>\n<p><strong>1960\u00a0<\/strong>\/ Se funda el Club Deportivo y Cultural Argentino del Norte. A\u00f1os antes ya hab\u00eda tenido una primera fundaci\u00f3n pero con el nombre de Los Indios de Barbetti. Su accionar siempre estuvo ligado a la actividad deportiva y cultural, siendo un referente importante de la zona Sur de Resistencia, junto a V\u00e9lez Sarsfield y Fontana. Entre los socios fundadores se encontraban don Leonildo Ferm\u00edn Erm\u00e1cora, Ernesto, Santos y Lila Erm\u00e1cora, la se\u00f1ora Amelia, esposa de don Leonildo, Ram\u00f3n Gonz\u00e1lez, Romero, S\u00e1nchez, Zalazar, Godoy y otros caracterizados vecinos de la populosa barriada de Villa Juan de Garay. Su primer presidente fue don Leonildo Ferm\u00edn\u00a0<em>Mincho\u00a0<\/em>Erm\u00e1cora.<\/p>\n<p><strong>1983\u00a0<\/strong>\/ Finaliza el certamen de motociclismo organizado por la AVN en el Circuito de la ex Estaci\u00f3n Santa Fe, Laprida y Pellegrini. Juan Falc\u00f3n en la categor\u00eda 200 c.c. libres fue el campe\u00f3n, seguido por China Segovia y Alberto Arancibia. En 215 internacional campe\u00f3n Alberto Delssin, segundo Ra\u00fal Gonz\u00e1lez y tercero Oscar Catelli. En 215 c.c. Standard 1) Alberto Arancibia, 2) Alberto Delssin y 3) Daniel Mosquera.<\/p>\n<p><strong>1986\u00a0<\/strong>\/ Se apaga la vida de Timoteo Garc\u00e9s, quien cobr\u00f3 notoriedad preparando en Machagai los motores de Jorge Daniel Mehechen. Sin embargo desde muy joven se empe\u00f1aba en sacarle velocidad a los motores de su \u00e9poca. Se lo conoci\u00f3 como \u201cel mago de Ford\u201d.<\/p>\n<p><strong>1991\u00a0<\/strong>\/ Se inaugura el estadio de f\u00fatbol del Club Atl\u00e9tico Remedios de Escalada de Villa \u00c1ngela, que hab\u00eda comenzadoa construirse en el a\u00f1o 1989. Cuenta con medidas \u00a0reglamentarias de 102 por 71 metros, y fue ejecutado con recursos genuinos.<\/p>\n<p><strong>2005\u00a0<\/strong>\/ Segunda victoria del a\u00f1o de Juan Manuel Silva, esta vez en Olavarr\u00eda y a un promedio de 149,183 km\/hora, en su camino al t\u00edtulo de Turismo de Carretera, que habr\u00eda de ganar ese a\u00f1o, sumando a sus t\u00edtulos 1993 de la F\u00f3rmula Renault Argentina y 1999 en TC 2000 con Honda.<\/p>\n<p><strong>2007\u00a0<\/strong>\/ Asociaci\u00f3n Italiana de Charata acepta la invitaci\u00f3n realizada por la Asociaci\u00f3n de Clubes y decide participar del Torneo Nacional de Ascenso, tras realizar una gran campa\u00f1aen la Liga B. Ante la deserci\u00f3n de un equipo, lleg\u00f3 la propuesta. Nombra entrenador a Alejandro Lotterio.<\/p>\n<p><strong>2017 \/<\/strong> Fallece a los 49 a\u00f1os Alberto Ram\u00f3n \u201cBeto\u201d S\u00e1nchez, periodista y relator deportivo. De voz potente descubri\u00f3 su pasi\u00f3n y comenz\u00f3 a relatar f\u00fatbol. Oriundo del popular barrio de Villa San Juan, amaba a For Ever. Dio los primeros pasos en radio Libertad como un joven entusiasta, Luego pas\u00f3 por las radios Natagal\u00e1, Radio Chaco, Nacional, adem\u00e1s de LT7 Radio Corrientes y Radio Dos, Colonia (Uruguay) y Belgrano, para hacer su \u00faltimo programa deportivo en Sensaci\u00f3n. Lo de los \u00faltimos tiempos fue su vocaci\u00f3n por la formaci\u00f3n de j\u00f3venes valores en el f\u00fatbol trabajando en Central Norte Argentino. Una enfermedad terminal lo llev\u00f3 a la muerte muy joven.<\/p>\n<p><img loading=\"lazy\" decoding=\"async\" class=\"alignnone size-medium wp-image-23307\" src=\"https:\/\/www.sportchaco.com.ar\/wp-content\/uploads\/2025\/08\/beto-sanchez-raul-196x300.jpg\" alt=\"\" width=\"196\" height=\"300\" srcset=\"https:\/\/www.sportchaco.com.ar\/wp-content\/uploads\/2025\/08\/beto-sanchez-raul-196x300.jpg 196w, https:\/\/www.sportchaco.com.ar\/wp-content\/uploads\/2025\/08\/beto-sanchez-raul.jpg 320w\" sizes=\"auto, (max-width: 196px) 100vw, 196px\" \/><\/p>\n<p><strong>Foto portada: Del ba\u00fal de los recuerdos don Timoteo Garc\u00e9s con un joven Jorge Daniel Mehechen<\/strong><\/p>\n<p>&nbsp;<\/p>\n<\/div>\n<\/article>\n<\/div>\n<\/div>\n<\/div>\n","protected":false},"excerpt":{"rendered":"<p>Esta es la Efem\u00e9rides del Deporte en el Chaco de un 7 de agosto periodista Luis Dar\u00edo Molodezky. \u00a0 &nbsp; 1936\u00a0\/ Organizadas por el Club Ciclista Petit Breton, se realizan dos competencias de Resistencia a Puerto Tirol y regreso. Con viento en contra por la ma\u00f1ana se impuso Juan Romero del Club Ciclista Resistencia, seguido &hellip;<\/p>\n","protected":false},"author":2,"featured_media":23311,"comment_status":"open","ping_status":"open","sticky":false,"template":"","format":"standard","meta":{"footnotes":""},"categories":[38,45],"tags":[],"class_list":["post-23304","post","type-post","status-publish","format-standard","has-post-thumbnail","hentry","category-agosto","category-efemerides-dia-por-dia"],"_links":{"self":[{"href":"https:\/\/www.sportchaco.com.ar\/index.php?rest_route=\/wp\/v2\/posts\/23304","targetHints":{"allow":["GET"]}}],"collection":[{"href":"https:\/\/www.sportchaco.com.ar\/index.php?rest_route=\/wp\/v2\/posts"}],"about":[{"href":"https:\/\/www.sportchaco.com.ar\/index.php?rest_route=\/wp\/v2\/types\/post"}],"author":[{"embeddable":true,"href":"https:\/\/www.sportchaco.com.ar\/index.php?rest_route=\/wp\/v2\/users\/2"}],"replies":[{"embeddable":true,"href":"https:\/\/www.sportchaco.com.ar\/index.php?rest_route=%2Fwp%2Fv2%2Fcomments&post=23304"}],"version-history":[{"count":6,"href":"https:\/\/www.sportchaco.com.ar\/index.php?rest_route=\/wp\/v2\/posts\/23304\/revisions"}],"predecessor-version":[{"id":23337,"href":"https:\/\/www.sportchaco.com.ar\/index.php?rest_route=\/wp\/v2\/posts\/23304\/revisions\/23337"}],"wp:featuredmedia":[{"embeddable":true,"href":"https:\/\/www.sportchaco.com.ar\/index.php?rest_route=\/wp\/v2\/media\/23311"}],"wp:attachment":[{"href":"https:\/\/www.sportchaco.com.ar\/index.php?rest_route=%2Fwp%2Fv2%2Fmedia&parent=23304"}],"wp:term":[{"taxonomy":"category","embeddable":true,"href":"https:\/\/www.sportchaco.com.ar\/index.php?rest_route=%2Fwp%2Fv2%2Fcategories&post=23304"},{"taxonomy":"post_tag","embeddable":true,"href":"https:\/\/www.sportchaco.com.ar\/index.php?rest_route=%2Fwp%2Fv2%2Ftags&post=23304"}],"curies":[{"name":"wp","href":"https:\/\/api.w.org\/{rel}","templated":true}]}}