{"id":23341,"date":"2025-08-07T23:17:40","date_gmt":"2025-08-08T02:17:40","guid":{"rendered":"https:\/\/www.sportchaco.com.ar\/?p=23341"},"modified":"2025-08-07T23:17:33","modified_gmt":"2025-08-08T02:17:33","slug":"lolo-carauni-el-indomable-de-villa-angela","status":"publish","type":"post","link":"https:\/\/www.sportchaco.com.ar\/?p=23341","title":{"rendered":"Lolo Carauni, el indomable de Villa Angela."},"content":{"rendered":"<p>17<\/p>\n<p>&nbsp;<\/p>\n<h4><strong>Un d\u00eda como hoy 8 de agosto, fallec\u00eda Eduardo Carauni, destacado piloto de la d\u00e9cada del 40 y 50, residente en Villa \u00c1ngela, desde donde <\/strong><strong>proyect\u00f3 el nombre del Chaco al concierto nacional. Su primera <\/strong><strong>aparici\u00f3n fue en la vuelta del Chaco donde fue el segundo mejor <\/strong><strong>chaque\u00f1o. Sin ganar campeonatos, fue el m\u00e1ximo \u00eddolo del <\/strong><strong>automovilismo chaque\u00f1o del siglo XX.<\/strong><\/h4>\n<p>&nbsp;<\/p>\n<h4>Por Jorge Luis Altamirano<\/h4>\n<p>Fue consecuente con su esp\u00edritu, esa fuerza interior que lo llev\u00f3 a forjar un v\u00ednculo directo con su pueblo Villa \u00c1ngela y luego con todo el Chaco.<br \/>\n\u00bfQui\u00e9n fue este chaque\u00f1o que no necesit\u00f3 ganar un solo campeonato para ser \u00eddolo y profeta en su tierra?<br \/>\nSu coraje enrojeci\u00f3 las palmas de aplausos, arranc\u00f3 admiraci\u00f3n cada vez que tomaba el volante con sus manos.<br \/>\n\u00bfQu\u00e9 fuente aliment\u00f3 su sed de ganar sin reparar quienes eran sus rivales?<br \/>\nAs\u00ed aparece en 1948 en la 1\u00ba Vuelta del Chaco del Turismo Carretera. Fueron 1.465 extenuantes kil\u00f3metros donde se coloca segundo chaque\u00f1o mejor clasificado, mezclado en los polvorientos caminos con Boris Afanasenko, Eleuterio Schvemler, Eduardo Ger\u00f3nimo Orcola, Victorio Cavalassca, Alcides Meneg\u00e1z, hermanos chaque\u00f1os de la velocidad.<br \/>\nAll\u00ed muestra su doble perfil. Piloto aguerrido, temerario, sin l\u00edmites a la hora de doblar y apretar el acelerador, pero tambi\u00e9n de un enorme caudal de solidaridad y honestidad deportiva.<br \/>\nEn la pista presentaba batalla como el mejor de los pilotos oficiales. Pero el Lolo Carauni era capaz de prestar ese \u00faltimo e importante repuesto para que el rival no se quedara a pie.<br \/>\nAs\u00ed, la vitrina de su casa en Villa \u00c1ngela fue nutri\u00e9ndose de copas, medallas, trofeos, reconocimientos a su hidalgu\u00eda deportiva. Nunca tuvo una actitud antideportiva en la pista, nunca quebr\u00f3 la l\u00ednea del reglamento t\u00e9cnico. En cada carrera fue ganando una porci\u00f3n del coraz\u00f3n de su gente, aquel que acompa\u00f1aba la fiesta de cada pueblo en donde presentaban sus jinetes mec\u00e1nicos. All\u00ed brillaba el Lolo Carauni.<br \/>\nQuiz\u00e1s, el mejor trofeo es aquella fotograf\u00eda donde, en 1948, el Ford cuelga del cielo, saltando las v\u00edas donde hoy est\u00e1 el puente de alto nivel en la ruta 11. \u201cCuando saltemos, saca la mano y saluda para la foto\u201d le inquiri\u00f3 el Lolo a Adelkys Facal, su acompa\u00f1ante. El auto vol\u00f3 m\u00e1s que ninguno, aunque fue a parar a la zanja.<\/p>\n<p><img decoding=\"async\" src=\"https:\/\/scontent.fcnq2-1.fna.fbcdn.net\/v\/t39.30808-6\/530272391_122145431024781732_907276487742634203_n.jpg?_nc_cat=101&amp;ccb=1-7&amp;_nc_sid=127cfc&amp;_nc_ohc=-VL6fKOxDgsQ7kNvwFtawzc&amp;_nc_oc=AdkmAvUHni7g5EeRvJYQ1U4HmL2bRWTkf_QWg9KW2Ia55emjgG9zWphHz58w35LGzFc&amp;_nc_zt=23&amp;_nc_ht=scontent.fcnq2-1.fna&amp;_nc_gid=LAFlD7U_BB2n5vEQMWzo3w&amp;oh=00_AfVYxLKqBRBAWwTjxYLwIqPf_bYDzPl-N4vN_H0gREcChg&amp;oe=689AEEA9\" alt=\"Puede ser una imagen de 6 personas y texto que dice &quot;cutomoviliomo Postal para el recuerdo. F angio junto al Lolo Carauniy y Luis Landriscina. Lolo Carauni junto al gran Pepe Froil\u00e1n Gonzalez Caraune Car fele awn CHACO&quot;\" \/><br \/>\nUn par de tumbos en carrera, uno de ellos grave, fue dejando secuelas en su cuerpo, pero su esp\u00edritu siempre fue indomable como su sangre de inmigrantes europeos que vinieron a poblar la Argentina.<br \/>\nSu vida es un enorme cofre de an\u00e9cdotas y de recuerdos imperdibles. Tanto que, hace poco tiempo, Cristina Matta lo defini\u00f3 as\u00ed, en las p\u00e1ginas de NORTE: \u201cel Lolo Carauni, a los ochenta a\u00f1os, se devora la vida\u201d<\/p>\n<p><img decoding=\"async\" src=\"https:\/\/scontent.fcnq2-2.fna.fbcdn.net\/v\/t39.30808-6\/529343173_122145431036781732_532645688170699581_n.jpg?_nc_cat=109&amp;ccb=1-7&amp;_nc_sid=127cfc&amp;_nc_ohc=B7ZlT5iFjfAQ7kNvwGaozpf&amp;_nc_oc=Adlt1oYgW2G3q-yCOGn2kligDMow-6ITXqdOqm9qldplzDlC0O_15oCV2FJIm5zV7Sc&amp;_nc_zt=23&amp;_nc_ht=scontent.fcnq2-2.fna&amp;_nc_gid=IO0xAp_-nGK0xjiR1ToGyw&amp;oh=00_AfXKKnnf6wRN8EZ27aWzm02YyU28X86SmR1XtdV2UeE0VA&amp;oe=689B02C9\" alt=\"Puede ser una imagen de 4 personas y texto que dice &quot;Don De Volar Autor: Linis Landriscina sutomouilismo lismo Cuando El Lolo PUcomouI Se Frue A Cielo Volar es alogria, es TaA... y uTa TuMeKa de acercarse verdad Richard Bach raun &quot;\u2116\u03bf, no lo vi a Dios. Pero \u00c9lsi, \u00c9l s\u00ed, nos \u03bd\u03b9, estoy seguro...&quot;\" \/><br \/>\nCuando ya hab\u00eda cruzado la barrera de los cuarenta a\u00f1os, Norma una paloma de casi veinte a\u00f1os cort\u00f3 su vuelo de picaflor empedernido. Vino la boda y el viaje de luna de miel.<br \/>\nUn Rambler, modelo trompa boca de pescado, fue la nave nupcial. En tr\u00e1nsito por C\u00f3rdoba, se entera por una emisora radial, que hab\u00eda carrera de autos en un pueblo. El Lolo y su flamante esposa toman alojamiento. Una excusa para controlar el auto lo lleva a un taller mec\u00e1nico.<br \/>\nHace colocar el arco abulonado- protecci\u00f3n ante los vuelcos- y larga la carrera. La esposa, descansando en el hotel, se entera por la transmisi\u00f3n radial que el Lolo ven\u00eda a fondo por las cornisas cordobesas.<\/p>\n<p>Sus manos artesanas, juntas en el aire, y con sus ojos verdes cuasi viscos, eran el teatro virtual de su relato de tantos episodios de su tr\u00e1nsito veloz en alg\u00fan circuito.<br \/>\nTanto sembr\u00f3 la actitud del Lolo Carauni que el pueblo chaque\u00f1o lo consagr\u00f3 como el Deportista del Siglo ante la convocatoria del C\u00edrculo de Periodistas Deportivos del Chaco en el 2000.<br \/>\nNo me olvidar\u00e9 por mis d\u00edas, cuando compart\u00ed la mesa en Jun\u00edn, con Marcos Ciani y el Lolo Carauni, ambos homenajeados en el cincuentenario de la desaparici\u00f3n de Eusebio Marcilla, el ganador de la 1\u00ba Vuelta del Chaco.<br \/>\nComo periodista deportivo del automovilismo tuvo el honor de ser honrado por el Lolo Carauni. Me abri\u00f3 su coraz\u00f3n, las puertas de su casa, su mesa familiar. Me permiti\u00f3 compartir el enorme afecto de su esposa, de sus hijos, de mi entra\u00f1able amigo Julito Carauni.<br \/>\nPude recorrer cada cent\u00edmetro del living comedor de su casa, ese templo que la comunidad villangelense deber\u00e1 custodiar porque encierra un valor incalculable. Es el testimonio fiel de las haza\u00f1as del \u201cIndomable de Villa \u00c1ngela\u201d.<br \/>\nDios te llam\u00f3 al descanso Lolo. Ya fue suficiente esta interminable y dolorosa lucha. Gracias por habernos ense\u00f1ado c\u00f3mo enfrentar la vida.\u00a0 Estar\u00e1s siempre en nuestro recuerdo.<\/p>\n<p>JORGE LUIS ALTAMIRANO<\/p>\n<p><img decoding=\"async\" src=\"https:\/\/scontent.fcnq2-1.fna.fbcdn.net\/v\/t39.30808-6\/528916823_122145431156781732_7202952953566154692_n.jpg?_nc_cat=111&amp;ccb=1-7&amp;_nc_sid=127cfc&amp;_nc_ohc=HKkA5kJPnuIQ7kNvwGj5Qbg&amp;_nc_oc=AdlEBjEfZdRJs2czLInAdeBFu89jX4CPyKVb3dhY-MluSV8Bc9sxoM7mwX-HOVg2cf0&amp;_nc_zt=23&amp;_nc_ht=scontent.fcnq2-1.fna&amp;_nc_gid=d6nbUWwfqrm5Z8su1fQNVQ&amp;oh=00_AfWgyycGbf4YXUt_oL8Q6MAbXCvOQmg3jBEqxP-dIIvAfA&amp;oe=689AFFEA\" alt=\"Puede ser una imagen de 8 personas y texto que dice &quot;ai 13 1951, 4ta Vuelta del Chaco. Eduardo &quot;Lolo&quot; Carauni y su acomparante Adelkys Facal. Paso nivel ruta n\u00b011, Resistencia. 13&quot;\" \/><\/p>\n<p><strong>DEPORTISTA DEL SIGLO XX<\/strong><\/p>\n<p>En los \u00faltimos a\u00f1os, el Lolo Carauni recibi\u00f3 m\u00faltiples y merecidos homenajes, por su brillante trayectoria deportiva y personal. Pero sin dudas uno de los momentos m\u00e1s emotivos, fue en la gran Fiesta del Deporte del 2000 cuando el C\u00edrculo de Periodistas Deportivos del Chaco lo consagr\u00f3 como el Deportista del Siglo XX. Lo hizo rodeado del afecto de familiares, amigos, la comunidad deportiva y autoridades provinciales. En la ocasi\u00f3n, fue el Pato Silva quien dirigi\u00f3 sentidas palabras.<\/p>\n<p><img decoding=\"async\" src=\"https:\/\/scontent.fcnq2-1.fna.fbcdn.net\/v\/t39.30808-6\/528632860_122145431030781732_4251374492363491302_n.jpg?_nc_cat=111&amp;ccb=1-7&amp;_nc_sid=127cfc&amp;_nc_ohc=mRg4qlucfyoQ7kNvwETvwcD&amp;_nc_oc=Adk6Ziq0-COq8-GJeWiIdgIiC_fXC5t90PBdsPXO7KdpTgCyqjtyZd5_5YaRiyHqfDI&amp;_nc_zt=23&amp;_nc_ht=scontent.fcnq2-1.fna&amp;_nc_gid=YjmiAN79g4_m8VsMPdv-DQ&amp;oh=00_AfX7U52GFy1WYaOS9V6n8oBuSsPDMe6bzeHbfo-3IrhI9A&amp;oe=689AFD6A\" alt=\"Puede ser una imagen de texto\" \/><\/p>\n<p>&nbsp;<\/p>\n","protected":false},"excerpt":{"rendered":"<p>17 &nbsp; Un d\u00eda como hoy 8 de agosto, fallec\u00eda Eduardo Carauni, destacado piloto de la d\u00e9cada del 40 y 50, residente en Villa \u00c1ngela, desde donde proyect\u00f3 el nombre del Chaco al concierto nacional. Su primera aparici\u00f3n fue en la vuelta del Chaco donde fue el segundo mejor chaque\u00f1o. Sin ganar campeonatos, fue el &hellip;<\/p>\n","protected":false},"author":2,"featured_media":23343,"comment_status":"open","ping_status":"open","sticky":false,"template":"","format":"standard","meta":{"footnotes":""},"categories":[2],"tags":[],"class_list":["post-23341","post","type-post","status-publish","format-standard","has-post-thumbnail","hentry","category-automovilismo"],"_links":{"self":[{"href":"https:\/\/www.sportchaco.com.ar\/index.php?rest_route=\/wp\/v2\/posts\/23341","targetHints":{"allow":["GET"]}}],"collection":[{"href":"https:\/\/www.sportchaco.com.ar\/index.php?rest_route=\/wp\/v2\/posts"}],"about":[{"href":"https:\/\/www.sportchaco.com.ar\/index.php?rest_route=\/wp\/v2\/types\/post"}],"author":[{"embeddable":true,"href":"https:\/\/www.sportchaco.com.ar\/index.php?rest_route=\/wp\/v2\/users\/2"}],"replies":[{"embeddable":true,"href":"https:\/\/www.sportchaco.com.ar\/index.php?rest_route=%2Fwp%2Fv2%2Fcomments&post=23341"}],"version-history":[{"count":2,"href":"https:\/\/www.sportchaco.com.ar\/index.php?rest_route=\/wp\/v2\/posts\/23341\/revisions"}],"predecessor-version":[{"id":23385,"href":"https:\/\/www.sportchaco.com.ar\/index.php?rest_route=\/wp\/v2\/posts\/23341\/revisions\/23385"}],"wp:featuredmedia":[{"embeddable":true,"href":"https:\/\/www.sportchaco.com.ar\/index.php?rest_route=\/wp\/v2\/media\/23343"}],"wp:attachment":[{"href":"https:\/\/www.sportchaco.com.ar\/index.php?rest_route=%2Fwp%2Fv2%2Fmedia&parent=23341"}],"wp:term":[{"taxonomy":"category","embeddable":true,"href":"https:\/\/www.sportchaco.com.ar\/index.php?rest_route=%2Fwp%2Fv2%2Fcategories&post=23341"},{"taxonomy":"post_tag","embeddable":true,"href":"https:\/\/www.sportchaco.com.ar\/index.php?rest_route=%2Fwp%2Fv2%2Ftags&post=23341"}],"curies":[{"name":"wp","href":"https:\/\/api.w.org\/{rel}","templated":true}]}}