{"id":23394,"date":"2025-08-08T22:47:29","date_gmt":"2025-08-09T01:47:29","guid":{"rendered":"https:\/\/www.sportchaco.com.ar\/?p=23394"},"modified":"2025-08-08T22:48:00","modified_gmt":"2025-08-09T01:48:00","slug":"efemerides-del-9-de-agosto-2","status":"publish","type":"post","link":"https:\/\/www.sportchaco.com.ar\/?p=23394","title":{"rendered":"Efem\u00e9rides del 9 de agosto"},"content":{"rendered":"<div class=\"container fullwidth-entry-title-wrapper\">\n<div class=\"container-wrapper fullwidth-entry-title\">\n<header class=\"entry-header-outer\">\n<div class=\"entry-header\">\n<h1 class=\"post-title entry-title\"><\/h1>\n<div class=\"single-post-meta post-meta clearfix\"><\/div>\n<\/div>\n<\/header>\n<\/div>\n<\/div>\n<div id=\"content\" class=\"site-content container\">\n<div id=\"main-content-row\" class=\"tie-row main-content-row\">\n<div class=\"main-content tie-col-md-8 tie-col-xs-12\" role=\"main\">\n<article id=\"the-post\" class=\"container-wrapper post-content tie-standard\">\n<div class=\"featured-area\">\n<div class=\"featured-area-inner\">\n<h5 class=\"single-featured-image\"><\/h5>\n<\/div>\n<\/div>\n<div class=\"entry-content entry clearfix\">\n<h5><strong>Esta es la Efem\u00e9rides del Deporte en el Chaco de un 9 de agosto periodista Luis Dar\u00edo Molodezky.<\/strong><\/h5>\n<p><strong><img loading=\"lazy\" decoding=\"async\" class=\"alignnone size-full wp-image-23399 aligncenter\" src=\"https:\/\/www.sportchaco.com.ar\/wp-content\/uploads\/2025\/08\/Luis-2025-marzo-3-2-e1749824875302-300x217-2.jpg\" alt=\"\" width=\"300\" height=\"217\" \/><\/strong><\/p>\n<p><strong>1979\u00a0<\/strong>\/ Visitan la ciudad de Resistencia el ex campe\u00f3n del mundo Nicolino Locche y su entrenador Paco Berm\u00fadez. En el Aeropuerto lo recibi\u00f3 una multitud. Lleg\u00f3 especialmente invitado por Loter\u00eda Chaque\u00f1a y comparti\u00f3 con Mois\u00e9s Za\u00edn y Eduardo Ger\u00f3nimo Orcola.<\/p>\n<p><strong>1980\u00a0<\/strong>\/ El boxeador argentino Sergio V\u00edctor Palma se consagra campe\u00f3n mundial de los supergallos por la Asociaci\u00f3n Mundial de Boxeo (AMB). En Spokane, Estados Unidos, super\u00f3 por nocaut en el quinto asalto al pugilista local Leo Randolph. Palma recibi\u00f3 20.000 d\u00f3lares en premios, mientras que el perdedor se llev\u00f3 75.000.<\/p>\n<p><strong>2007\u00a0<\/strong>\/ El chaque\u00f1o Luis Rol\u00f3n gana la categor\u00eda no vidente en la marat\u00f3n Reebok que se realiz\u00f3 en Puerto Madero, en la Capital Federal. De la competencia participaron en total 6000 corredores. Rol\u00f3n particip\u00f3 acompa\u00f1ado por el maratonista Luis Muchutti.<\/p>\n<p><strong>2009\u00a0<\/strong>\/ Con el chaque\u00f1o Franco L\u00f3pez de Machagai y de 19 a\u00f1os como gran figura, el Seleccionado Argentino Juvenil de V\u00f3leibol logra un hist\u00f3rico tercer puesto en el campeonato mundial de la India, tras derrotar al equipo local por 3-0. El campe\u00f3n fue Brasil que derrot\u00f3 a Cuba por 3-2. Franco L\u00f3pez, fue considerado el mejor defensor y l\u00edbero del campeonato.<\/p>\n<p><strong>2010 \/<\/strong> Nace el programa deportivo Entretiempo, por iniciativa de los hermanos Mariano y Guillermo Candia. Su primera edici\u00f3n fue por Radio General G\u00fcemes, luego pas\u00f3 por F\u00e9nix, La Radio, Planeta y Cerrito, y en la actualidad Radio Ciudad y por el streming a trav\u00e9s de internet.<\/p>\n<p><img loading=\"lazy\" decoding=\"async\" class=\"size-medium wp-image-23395 alignleft\" src=\"https:\/\/www.sportchaco.com.ar\/wp-content\/uploads\/2025\/08\/241311021-300x169.jpg\" alt=\"\" width=\"300\" height=\"169\" srcset=\"https:\/\/www.sportchaco.com.ar\/wp-content\/uploads\/2025\/08\/241311021-300x169.jpg 300w, https:\/\/www.sportchaco.com.ar\/wp-content\/uploads\/2025\/08\/241311021-1024x576.jpg 1024w, https:\/\/www.sportchaco.com.ar\/wp-content\/uploads\/2025\/08\/241311021-768x432.jpg 768w, https:\/\/www.sportchaco.com.ar\/wp-content\/uploads\/2025\/08\/241311021-1536x864.jpg 1536w, https:\/\/www.sportchaco.com.ar\/wp-content\/uploads\/2025\/08\/241311021-390x220.jpg 390w, https:\/\/www.sportchaco.com.ar\/wp-content\/uploads\/2025\/08\/241311021.jpg 1600w\" sizes=\"auto, (max-width: 300px) 100vw, 300px\" \/><\/p>\n<\/div>\n<p><strong>Mar<\/strong><strong>iano y Guillermo Candia<\/strong><\/p>\n<\/article>\n<p>&nbsp;<\/p>\n<p>&nbsp;<\/p>\n<\/div>\n<p>&nbsp;<\/p>\n<div class=\"main-content tie-col-md-8 tie-col-xs-12\" role=\"main\">\n<p>&nbsp;<\/p>\n<p><strong>Foto portada de Franco L\u00f3pez<\/strong><\/p>\n<\/div>\n<\/div>\n<\/div>\n","protected":false},"excerpt":{"rendered":"<p>Esta es la Efem\u00e9rides del Deporte en el Chaco de un 9 de agosto periodista Luis Dar\u00edo Molodezky. 1979\u00a0\/ Visitan la ciudad de Resistencia el ex campe\u00f3n del mundo Nicolino Locche y su entrenador Paco Berm\u00fadez. En el Aeropuerto lo recibi\u00f3 una multitud. Lleg\u00f3 especialmente invitado por Loter\u00eda Chaque\u00f1a y comparti\u00f3 con Mois\u00e9s Za\u00edn y &hellip;<\/p>\n","protected":false},"author":2,"featured_media":23396,"comment_status":"open","ping_status":"open","sticky":false,"template":"","format":"standard","meta":{"footnotes":""},"categories":[38,45],"tags":[],"class_list":["post-23394","post","type-post","status-publish","format-standard","has-post-thumbnail","hentry","category-agosto","category-efemerides-dia-por-dia"],"_links":{"self":[{"href":"https:\/\/www.sportchaco.com.ar\/index.php?rest_route=\/wp\/v2\/posts\/23394","targetHints":{"allow":["GET"]}}],"collection":[{"href":"https:\/\/www.sportchaco.com.ar\/index.php?rest_route=\/wp\/v2\/posts"}],"about":[{"href":"https:\/\/www.sportchaco.com.ar\/index.php?rest_route=\/wp\/v2\/types\/post"}],"author":[{"embeddable":true,"href":"https:\/\/www.sportchaco.com.ar\/index.php?rest_route=\/wp\/v2\/users\/2"}],"replies":[{"embeddable":true,"href":"https:\/\/www.sportchaco.com.ar\/index.php?rest_route=%2Fwp%2Fv2%2Fcomments&post=23394"}],"version-history":[{"count":3,"href":"https:\/\/www.sportchaco.com.ar\/index.php?rest_route=\/wp\/v2\/posts\/23394\/revisions"}],"predecessor-version":[{"id":23400,"href":"https:\/\/www.sportchaco.com.ar\/index.php?rest_route=\/wp\/v2\/posts\/23394\/revisions\/23400"}],"wp:featuredmedia":[{"embeddable":true,"href":"https:\/\/www.sportchaco.com.ar\/index.php?rest_route=\/wp\/v2\/media\/23396"}],"wp:attachment":[{"href":"https:\/\/www.sportchaco.com.ar\/index.php?rest_route=%2Fwp%2Fv2%2Fmedia&parent=23394"}],"wp:term":[{"taxonomy":"category","embeddable":true,"href":"https:\/\/www.sportchaco.com.ar\/index.php?rest_route=%2Fwp%2Fv2%2Fcategories&post=23394"},{"taxonomy":"post_tag","embeddable":true,"href":"https:\/\/www.sportchaco.com.ar\/index.php?rest_route=%2Fwp%2Fv2%2Ftags&post=23394"}],"curies":[{"name":"wp","href":"https:\/\/api.w.org\/{rel}","templated":true}]}}