{"id":23408,"date":"2025-08-08T18:51:50","date_gmt":"2025-08-08T21:51:50","guid":{"rendered":"https:\/\/www.sportchaco.com.ar\/?p=23408"},"modified":"2025-08-08T18:51:50","modified_gmt":"2025-08-08T21:51:50","slug":"pancaldo-arma-un-nuevo-for-ever-para-recibir-a-uno-de-los-lideres","status":"publish","type":"post","link":"https:\/\/www.sportchaco.com.ar\/?p=23408","title":{"rendered":"Pancaldo arma un nuevo For Ever para recibir a uno de los l\u00edderes"},"content":{"rendered":"<p><strong>08-08-2025<\/strong><\/p>\n<p><img loading=\"lazy\" decoding=\"async\" class=\"aligncenter size-large wp-image-19472\" src=\"https:\/\/www.sportchaco.com.ar\/wp-content\/uploads\/2025\/05\/Red-de-empeleos-1200x200-1-1024x171.gif\" alt=\"\" width=\"1024\" height=\"171\" srcset=\"https:\/\/www.sportchaco.com.ar\/wp-content\/uploads\/2025\/05\/Red-de-empeleos-1200x200-1-1024x171.gif 1024w, https:\/\/www.sportchaco.com.ar\/wp-content\/uploads\/2025\/05\/Red-de-empeleos-1200x200-1-300x50.gif 300w, https:\/\/www.sportchaco.com.ar\/wp-content\/uploads\/2025\/05\/Red-de-empeleos-1200x200-1-768x128.gif 768w, https:\/\/www.sportchaco.com.ar\/wp-content\/uploads\/2025\/05\/Red-de-empeleos-1200x200-1-1536x256.gif 1536w, https:\/\/www.sportchaco.com.ar\/wp-content\/uploads\/2025\/05\/Red-de-empeleos-1200x200-1-2048x341.gif 2048w\" sizes=\"auto, (max-width: 1024px) 100vw, 1024px\" \/><\/p>\n<p>For Ever estar\u00e1 recibiendo este domingo a Gimnasia de Mendoza, uno de los l\u00edderes de la zona B de la Primera Nacional. El encuentro est\u00e1 pactado para las 16:30 horas.<\/p>\n<p>El \u00e1rbitro principal del encuentro ser\u00e1 Maximiliano Macheroni, quien estar\u00e1 acompa\u00f1ado por Dami\u00e1n Espinoza y Joaqu\u00edn Badano como asistentes, mientras que el cuarto juez ser\u00e1 Federico Guaymas.<\/p>\n<p>Para este partido, Ricardo Pancaldo no podr\u00e1 contar con Joaqu\u00edn Jara, que sufri\u00f3 rotura de ligamentos cruzado anterior y menisco interno de la rodilla derecha, con lo cual se perder\u00e1 lo que queda de la temporada 2025; tampoco est\u00e1 a disposici\u00f3n Ramiro Fern\u00e1ndez tras salir lesionado en el \u00faltimo partido en Salta.<\/p>\n<p>Adem\u00e1s, hay otros cuatro jugadores que todav\u00eda no estar\u00e1n a disposici\u00f3n para el domingo ser\u00e1n el lateral izquierdo Alan Luque (sobrecarga muscular), el lateral derecho Mauricio Rosales (desgarro), el zaguero izquierdo Mathias Silvera (fuerte contractura) y el delantero Leonardo Marinucci (molestia en el isquiotibial).<\/p>\n<p>Sum\u00e1ndole a todo este que el central David Valdez lleg\u00f3 a la acumulaci\u00f3n de cinco tarjetas amarillas y deber\u00e1 cumplir con un partido ante el \u00ablobo\u00bb mendocino.<\/p>\n<p>Con lo cual el DT del \u00abnegro\u00bb prob\u00f3 un 11 con varios cambios y una sola duda. Si en el lateral derecho del equipo juega Zules Caicedo o Tiago Chamarro. En la pr\u00e1ctica del jueves prob\u00f3 con el juvenil y en la de este viernes con el colombiano.<\/p>\n<p>El resto del equipo est\u00e1 casi confirmado con Gast\u00f3n Canuto; Tiago Chamarro o Zules Caicedo, Jonathan Fleita, Maximiliano Romero y Franco Perinciolo; Robertino Seratto, Brian Nievas, Juan Manuel Carrizo y Joaqu\u00edn Mateo; Imanol Enr\u00edquez y Mat\u00edas Romero.<\/p>\n<p>For Ever se encuentra a tan solo tres unidades de los l\u00edderes de la zona, Gimnasia de Mendoza que, adem\u00e1s, debe un partido ante Mor\u00f3n (se jugar\u00eda a fin de mes) y Gimnasia de Jujuy, pr\u00f3ximo rival de los chaque\u00f1os.<\/p>\n<p><img loading=\"lazy\" decoding=\"async\" class=\"aligncenter size-full wp-image-21632\" src=\"https:\/\/www.sportchaco.com.ar\/wp-content\/uploads\/2025\/07\/BANNER-WEB-CHACO-JUEGA_300x250-1.gif\" alt=\"\" width=\"626\" height=\"522\" \/><\/p>\n","protected":false},"excerpt":{"rendered":"<p>08-08-2025 For Ever estar\u00e1 recibiendo este domingo a Gimnasia de Mendoza, uno de los l\u00edderes de la zona B de la Primera Nacional. El encuentro est\u00e1 pactado para las 16:30 horas. El \u00e1rbitro principal del encuentro ser\u00e1 Maximiliano Macheroni, quien estar\u00e1 acompa\u00f1ado por Dami\u00e1n Espinoza y Joaqu\u00edn Badano como asistentes, mientras que el cuarto juez &hellip;<\/p>\n","protected":false},"author":3,"featured_media":16963,"comment_status":"open","ping_status":"open","sticky":false,"template":"","format":"standard","meta":{"footnotes":""},"categories":[5],"tags":[],"class_list":["post-23408","post","type-post","status-publish","format-standard","has-post-thumbnail","hentry","category-futbol"],"_links":{"self":[{"href":"https:\/\/www.sportchaco.com.ar\/index.php?rest_route=\/wp\/v2\/posts\/23408","targetHints":{"allow":["GET"]}}],"collection":[{"href":"https:\/\/www.sportchaco.com.ar\/index.php?rest_route=\/wp\/v2\/posts"}],"about":[{"href":"https:\/\/www.sportchaco.com.ar\/index.php?rest_route=\/wp\/v2\/types\/post"}],"author":[{"embeddable":true,"href":"https:\/\/www.sportchaco.com.ar\/index.php?rest_route=\/wp\/v2\/users\/3"}],"replies":[{"embeddable":true,"href":"https:\/\/www.sportchaco.com.ar\/index.php?rest_route=%2Fwp%2Fv2%2Fcomments&post=23408"}],"version-history":[{"count":1,"href":"https:\/\/www.sportchaco.com.ar\/index.php?rest_route=\/wp\/v2\/posts\/23408\/revisions"}],"predecessor-version":[{"id":23409,"href":"https:\/\/www.sportchaco.com.ar\/index.php?rest_route=\/wp\/v2\/posts\/23408\/revisions\/23409"}],"wp:featuredmedia":[{"embeddable":true,"href":"https:\/\/www.sportchaco.com.ar\/index.php?rest_route=\/wp\/v2\/media\/16963"}],"wp:attachment":[{"href":"https:\/\/www.sportchaco.com.ar\/index.php?rest_route=%2Fwp%2Fv2%2Fmedia&parent=23408"}],"wp:term":[{"taxonomy":"category","embeddable":true,"href":"https:\/\/www.sportchaco.com.ar\/index.php?rest_route=%2Fwp%2Fv2%2Fcategories&post=23408"},{"taxonomy":"post_tag","embeddable":true,"href":"https:\/\/www.sportchaco.com.ar\/index.php?rest_route=%2Fwp%2Fv2%2Ftags&post=23408"}],"curies":[{"name":"wp","href":"https:\/\/api.w.org\/{rel}","templated":true}]}}