{"id":23412,"date":"2025-08-08T21:59:18","date_gmt":"2025-08-09T00:59:18","guid":{"rendered":"https:\/\/www.sportchaco.com.ar\/?p=23412"},"modified":"2025-08-08T21:59:18","modified_gmt":"2025-08-09T00:59:18","slug":"don-bosco-se-prepara-para-el-pre-federal","status":"publish","type":"post","link":"https:\/\/www.sportchaco.com.ar\/?p=23412","title":{"rendered":"Don Bosco se prepara para el Pre-Federal"},"content":{"rendered":"<p><strong>08-08-2025<\/strong><\/p>\n<p><img loading=\"lazy\" decoding=\"async\" class=\"aligncenter size-large wp-image-19109\" src=\"https:\/\/www.sportchaco.com.ar\/wp-content\/uploads\/2025\/05\/720x90-1024x128.gif\" alt=\"\" width=\"1024\" height=\"128\" srcset=\"https:\/\/www.sportchaco.com.ar\/wp-content\/uploads\/2025\/05\/720x90-1024x128.gif 1024w, https:\/\/www.sportchaco.com.ar\/wp-content\/uploads\/2025\/05\/720x90-300x38.gif 300w, https:\/\/www.sportchaco.com.ar\/wp-content\/uploads\/2025\/05\/720x90-768x96.gif 768w, https:\/\/www.sportchaco.com.ar\/wp-content\/uploads\/2025\/05\/720x90-1536x192.gif 1536w, https:\/\/www.sportchaco.com.ar\/wp-content\/uploads\/2025\/05\/720x90-2048x257.gif 2048w\" sizes=\"auto, (max-width: 1024px) 100vw, 1024px\" \/><\/p>\n<p>De cara al arranque del Pre \u2013 Federal 2025, el Centro Deportivo Don Bosco se encuentra llevando adelante una pretemporada exigente e intensa, que incluyen partidos amistosos contra equipos dif\u00edciles, tales como C\u00f3rdoba y Pinguinos, ambos de Corrientes.<\/p>\n<p>En este marco, la instituci\u00f3n \u201csalesiana\u201d presenta en este segundo semestre, un equipo pr\u00e1cticamente renovado en la mayor\u00eda, llegando Nahuel Hena\u00edn, Facundo C\u00f3rdoba, Uriel Garc\u00eda, Franco Andreatta, Lucas Coronel y Juan Cruz Cequeira; contin\u00faan Facundo G\u00f3mez Brocal, Iv\u00e1n Lugo, Mauricio Maderna y la experiencia de Marcos Gauna. En tanto que como entrenador estar\u00e1n Juan Marcos \u201cTungui\u201d Ferraris.<\/p>\n<p>Con respecto al \u00faltimo juego amistoso ante Pinguinos de Corrientes, el entrenador Ferraris destac\u00f3 el andar del equipo, afirmando que \u201cempezamos muy err\u00e1tico el partido, ellos empezaron con punter\u00eda pero despu\u00e9s se fue equiparando el juego en s\u00ed y a lo \u00faltimo lo supimos cerrar mejor nosotros que ellos\u201d.<\/p>\n<p>\u201cNosotros estuvimos muy bien en ofensiva por momentos, con mucha punter\u00eda y por momento erramos much\u00edsimo. Y en defensa, al no estar Facundo G\u00f3mez Brocal y Nahuel Hena\u00edn, jugamos con un equipo promedio 1.85, 1.86; estoy conforme con el equipo, porque aparte el resultado fue positivo, as\u00ed que cuando uno gana es todo m\u00e1s lindo\u201d, finaliz\u00f3 Ferraris.<\/p>\n<p><strong>Los fichajes<br \/>\n<\/strong>Por su parte, uno de los refuerzos de este equipo que promete ser animador del certamen provincial es Franco Andreatta, jugador de 22 a\u00f1os y que se desempe\u00f1a en la posici\u00f3n de escolta\/ alero y mide 1,87 metros y viene de jugar en Regatas Resistencia. \u201cMis expectativas con Don Bosco es poder hacer un buen Pre \u2013 Federal; mi objetivo es llegar a estar entre los 4 primeros del torneo para as\u00ed tener la posibilidad de jugar el Federal\u201d, remarcando Andreatta que \u201cy con respecto al club, darle al equipo lo mejor de m\u00ed como tambi\u00e9n llevarme lo mejor de ellos\u201d.<\/p>\n<figure class=\"wp-block-image size-full\"><a href=\"https:\/\/baskettotal.com.ar\/wp-content\/uploads\/2025\/08\/ANDREATTA.jpg\"><img loading=\"lazy\" decoding=\"async\" class=\"lazy wp-image-28126 lazy-loaded\" src=\"https:\/\/baskettotal.com.ar\/wp-content\/uploads\/2025\/08\/ANDREATTA.jpg\" sizes=\"auto, (max-width: 725px) 100vw, 725px\" srcset=\"https:\/\/baskettotal.com.ar\/wp-content\/uploads\/2025\/08\/ANDREATTA.jpg 725w, https:\/\/baskettotal.com.ar\/wp-content\/uploads\/2025\/08\/ANDREATTA-294x300.jpg 294w\" alt=\"\" width=\"725\" height=\"739\" data-lazy-type=\"image\" data-lazy-src=\"https:\/\/baskettotal.com.ar\/wp-content\/uploads\/2025\/08\/ANDREATTA.jpg\" data-lazy-srcset=\"https:\/\/baskettotal.com.ar\/wp-content\/uploads\/2025\/08\/ANDREATTA.jpg 725w, https:\/\/baskettotal.com.ar\/wp-content\/uploads\/2025\/08\/ANDREATTA-294x300.jpg 294w\" data-lazy-sizes=\"(max-width: 725px) 100vw, 725px\" \/><\/a><\/figure>\n<p>Adem\u00e1s, otra de las fichas que se sum\u00f3 al \u201csalesiano\u201d es Juan Cruz Cequeira, quien expres\u00f3 \u201clas expectativas siempre son las mejores, uno arranca con muchas ganas y con la ilusi\u00f3n de dejar a Don Bosco lo m\u00e1s alto posible; sabemos que van a ser torneos duros, pero confiamos en el trabajo del equipo y vamos a dar todo para estar a la altura\u201d, cerr\u00f3 el correntino, de 28 a\u00f1os de edad, mide 1,84 metros y se desempe\u00f1a en la posici\u00f3n de alero.<\/p>\n<p><em><strong>Fotos: Nahiara Pallares (Don Bosco)<\/strong><\/em><\/p>\n<p><img loading=\"lazy\" decoding=\"async\" class=\"aligncenter size-full wp-image-19354\" src=\"https:\/\/www.sportchaco.com.ar\/wp-content\/uploads\/2025\/05\/BANNER-WEB-Qdenga-250x250-1.gif\" alt=\"\" width=\"521\" height=\"521\" \/><\/p>\n","protected":false},"excerpt":{"rendered":"<p>08-08-2025 De cara al arranque del Pre \u2013 Federal 2025, el Centro Deportivo Don Bosco se encuentra llevando adelante una pretemporada exigente e intensa, que incluyen partidos amistosos contra equipos dif\u00edciles, tales como C\u00f3rdoba y Pinguinos, ambos de Corrientes. En este marco, la instituci\u00f3n \u201csalesiana\u201d presenta en este segundo semestre, un equipo pr\u00e1cticamente renovado en &hellip;<\/p>\n","protected":false},"author":3,"featured_media":23413,"comment_status":"open","ping_status":"open","sticky":false,"template":"","format":"standard","meta":{"footnotes":""},"categories":[3],"tags":[],"class_list":["post-23412","post","type-post","status-publish","format-standard","has-post-thumbnail","hentry","category-basquetbol"],"_links":{"self":[{"href":"https:\/\/www.sportchaco.com.ar\/index.php?rest_route=\/wp\/v2\/posts\/23412","targetHints":{"allow":["GET"]}}],"collection":[{"href":"https:\/\/www.sportchaco.com.ar\/index.php?rest_route=\/wp\/v2\/posts"}],"about":[{"href":"https:\/\/www.sportchaco.com.ar\/index.php?rest_route=\/wp\/v2\/types\/post"}],"author":[{"embeddable":true,"href":"https:\/\/www.sportchaco.com.ar\/index.php?rest_route=\/wp\/v2\/users\/3"}],"replies":[{"embeddable":true,"href":"https:\/\/www.sportchaco.com.ar\/index.php?rest_route=%2Fwp%2Fv2%2Fcomments&post=23412"}],"version-history":[{"count":1,"href":"https:\/\/www.sportchaco.com.ar\/index.php?rest_route=\/wp\/v2\/posts\/23412\/revisions"}],"predecessor-version":[{"id":23414,"href":"https:\/\/www.sportchaco.com.ar\/index.php?rest_route=\/wp\/v2\/posts\/23412\/revisions\/23414"}],"wp:featuredmedia":[{"embeddable":true,"href":"https:\/\/www.sportchaco.com.ar\/index.php?rest_route=\/wp\/v2\/media\/23413"}],"wp:attachment":[{"href":"https:\/\/www.sportchaco.com.ar\/index.php?rest_route=%2Fwp%2Fv2%2Fmedia&parent=23412"}],"wp:term":[{"taxonomy":"category","embeddable":true,"href":"https:\/\/www.sportchaco.com.ar\/index.php?rest_route=%2Fwp%2Fv2%2Fcategories&post=23412"},{"taxonomy":"post_tag","embeddable":true,"href":"https:\/\/www.sportchaco.com.ar\/index.php?rest_route=%2Fwp%2Fv2%2Ftags&post=23412"}],"curies":[{"name":"wp","href":"https:\/\/api.w.org\/{rel}","templated":true}]}}