{"id":23431,"date":"2025-08-09T10:34:55","date_gmt":"2025-08-09T13:34:55","guid":{"rendered":"https:\/\/www.sportchaco.com.ar\/?p=23431"},"modified":"2025-08-09T10:34:55","modified_gmt":"2025-08-09T13:34:55","slug":"el-argentino-mirco-cuello-es-campeon-del-mundo-noqueo-a-sergio-rios-en-el-segundo-round","status":"publish","type":"post","link":"https:\/\/www.sportchaco.com.ar\/?p=23431","title":{"rendered":"El argentino Mirco Cuello es campe\u00f3n del mundo: noque\u00f3 a Sergio R\u00edos en el segundo round"},"content":{"rendered":"<div class=\"nota__heading\">\n<h1 class=\"nota__heading__title\"><\/h1>\n<p class=\"nota__heading__subtitle\">Bajo la mirada de Mike Tyson, conquist\u00f3 el t\u00edtulo interino de peso pluma de la Asociaci\u00f3n Mundial de Boxeo (AMB) en Libia.<\/p>\n<div class=\"nota__heading__author\">\n<div class=\"_icon\"><\/div>\n<p>&nbsp;<\/p>\n<p>09 de agosto de 2025<\/p><\/div>\n<\/div>\n<div class=\"nota__main-media\">\n<div class=\"nota__image\"><img decoding=\"async\" src=\"https:\/\/www.elgrafico.com.ar\/media\/cache\/pub_news_details_large\/media\/i\/33\/ba\/33bac933ceaa50dc01dcd7f64656067d46687b86.jpeg\" \/><\/div>\n<div class=\"nota__main-media__legend\"><\/div>\n<\/div>\n<div class=\"nota__body\">\n<div class=\"container\">\n<div class=\"row\">\n<div class=\"eg-grid eg-grid--content\">\n<div class=\"eg-cell__1-1\">\n<div class=\"col-xs-24 col-sm-4 eg-social eg-social--vert\">\n<div class=\"addthis_sharing_toolbox nota_body_social\"><\/div>\n<\/div>\n<\/div>\n<div class=\"eg-cell__2-1\">\n<p><strong>MIRCO CUELLO hizo historia en \u00c1frica.<\/strong>\u00a0El pugilista argentino\u00a0<strong>noque\u00f3 al mexicano Sergio R\u00edos<\/strong>\u00a0en el segundo round y se qued\u00f3 con el\u00a0<strong>t\u00edtulo interino\u00a0de la categor\u00eda peso pluma de la Asociaci\u00f3n Mundial de Boxeo (AMB).<\/strong><\/p>\n<div id=\"embi_elgrafico_30\"><\/div>\n<p>El nacido en Arroyo Seco, Santa Fe, contin\u00fa<strong>a invicto a sus 24 a\u00f1os con un r\u00e9cord de 16-0<\/strong>\u00a0y escribi\u00f3 su nombre en las p\u00e1ginas doradas del deporte nacional con un veloz KO.<\/p>\n<p>&nbsp;<\/p>\n<div class=\"twitter-tweet twitter-tweet-rendered\"><\/div>\n<p>&nbsp;<\/p>\n<p>Cuello fue dominador absoluto de la pelea. En el primer round\u00a0<strong>conect\u00f3 un jab directo y envi\u00f3 a la lona a R\u00edos.\u00a0<\/strong>Sin bajar la intensidad, en el segundo\u00a0<strong>volvi\u00f3 a derribar al mexicano con un potente zurdazo<\/strong>\u00a0y, cuando se reanud\u00f3 la acci\u00f3n,\u00a0<strong>cerr\u00f3 el combate con un gancho al h\u00edgado.<\/strong><\/p>\n<p>&nbsp;<\/p>\n<div class=\"twitter-tweet twitter-tweet-rendered\"><\/div>\n<p>&nbsp;<\/p>\n<p>Es el\u00a0<strong>cuarto boxeador argentino en coronarse campe\u00f3n mundial en la divisi\u00f3n peso pluma<\/strong>\u00a0luego de lo conseguido por Pablo Chac\u00f3n (OMB), Jonathan Barros (AMB) y Jes\u00fas Cuellar (AMB) y el\u00a0<strong>43ro. si se tienen en cuenta todas las divisiones.<\/strong><\/p>\n<p>&nbsp;<\/p>\n<div class=\"twitter-tweet twitter-tweet-rendered\"><\/div>\n<p>&nbsp;<\/p>\n<p>Todo esto se dio bajo la atenta mirada de<strong>\u00a0Mike Tyson<\/strong>, quien asisti\u00f3 al Martyrs of Benina Stadium de Libia y presenci\u00f3 la coronaci\u00f3n albiceleste.<\/p>\n<p>Fuente El Gr\u00e1fico<\/p>\n<p><iframe id=\"instagram-embed-0\" class=\"instagram-media instagram-media-rendered\" src=\"https:\/\/www.instagram.com\/p\/DNHAo8mBqY5\/embed\/captioned\/?cr=1&amp;v=12&amp;wp=540&amp;rd=https%3A%2F%2Fwww.elgrafico.com.ar&amp;rp=%2Farticulo%2Fboxeo%2F91868%2Fel-argentino-mirco-cuello-es-campeon-del-mundo-noqueo-a-sergio-rios-en-el-segundo-round#%7B%22ci%22%3A0%2C%22os%22%3A1031.8999996185303%2C%22ls%22%3A601.5999994277954%2C%22le%22%3A1015.5999994277954%7D\" height=\"1058\" frameborder=\"0\" scrolling=\"no\" allowfullscreen=\"allowfullscreen\" data-instgrm-payload-id=\"instagram-media-payload-0\" data-mce-fragment=\"1\"><\/iframe><\/div>\n<\/div>\n<\/div>\n<\/div>\n<\/div>\n","protected":false},"excerpt":{"rendered":"<p>Bajo la mirada de Mike Tyson, conquist\u00f3 el t\u00edtulo interino de peso pluma de la Asociaci\u00f3n Mundial de Boxeo (AMB) en Libia. &nbsp; 09 de agosto de 2025 MIRCO CUELLO hizo historia en \u00c1frica.\u00a0El pugilista argentino\u00a0noque\u00f3 al mexicano Sergio R\u00edos\u00a0en el segundo round y se qued\u00f3 con el\u00a0t\u00edtulo interino\u00a0de la categor\u00eda peso pluma de la &hellip;<\/p>\n","protected":false},"author":2,"featured_media":23432,"comment_status":"open","ping_status":"open","sticky":false,"template":"","format":"standard","meta":{"footnotes":""},"categories":[57],"tags":[],"class_list":["post-23431","post","type-post","status-publish","format-standard","has-post-thumbnail","hentry","category-boxeo"],"_links":{"self":[{"href":"https:\/\/www.sportchaco.com.ar\/index.php?rest_route=\/wp\/v2\/posts\/23431","targetHints":{"allow":["GET"]}}],"collection":[{"href":"https:\/\/www.sportchaco.com.ar\/index.php?rest_route=\/wp\/v2\/posts"}],"about":[{"href":"https:\/\/www.sportchaco.com.ar\/index.php?rest_route=\/wp\/v2\/types\/post"}],"author":[{"embeddable":true,"href":"https:\/\/www.sportchaco.com.ar\/index.php?rest_route=\/wp\/v2\/users\/2"}],"replies":[{"embeddable":true,"href":"https:\/\/www.sportchaco.com.ar\/index.php?rest_route=%2Fwp%2Fv2%2Fcomments&post=23431"}],"version-history":[{"count":1,"href":"https:\/\/www.sportchaco.com.ar\/index.php?rest_route=\/wp\/v2\/posts\/23431\/revisions"}],"predecessor-version":[{"id":23433,"href":"https:\/\/www.sportchaco.com.ar\/index.php?rest_route=\/wp\/v2\/posts\/23431\/revisions\/23433"}],"wp:featuredmedia":[{"embeddable":true,"href":"https:\/\/www.sportchaco.com.ar\/index.php?rest_route=\/wp\/v2\/media\/23432"}],"wp:attachment":[{"href":"https:\/\/www.sportchaco.com.ar\/index.php?rest_route=%2Fwp%2Fv2%2Fmedia&parent=23431"}],"wp:term":[{"taxonomy":"category","embeddable":true,"href":"https:\/\/www.sportchaco.com.ar\/index.php?rest_route=%2Fwp%2Fv2%2Fcategories&post=23431"},{"taxonomy":"post_tag","embeddable":true,"href":"https:\/\/www.sportchaco.com.ar\/index.php?rest_route=%2Fwp%2Fv2%2Ftags&post=23431"}],"curies":[{"name":"wp","href":"https:\/\/api.w.org\/{rel}","templated":true}]}}