{"id":23434,"date":"2025-08-09T14:46:14","date_gmt":"2025-08-09T17:46:14","guid":{"rendered":"https:\/\/www.sportchaco.com.ar\/?p=23434"},"modified":"2025-08-09T14:48:52","modified_gmt":"2025-08-09T17:48:52","slug":"bruno-galassi-regreso-a-regatas","status":"publish","type":"post","link":"https:\/\/www.sportchaco.com.ar\/?p=23434","title":{"rendered":"Bruno Galassi regres\u00f3 a Regatas"},"content":{"rendered":"<p><strong>09-08-2025<\/strong><\/p>\n<p><img loading=\"lazy\" decoding=\"async\" class=\"aligncenter size-large wp-image-11424\" src=\"https:\/\/www.sportchaco.com.ar\/wp-content\/uploads\/2024\/07\/gob-salud-fijo-marzo-1024x171.jpg\" alt=\"\" width=\"1024\" height=\"171\" srcset=\"https:\/\/www.sportchaco.com.ar\/wp-content\/uploads\/2024\/07\/gob-salud-fijo-marzo-1024x171.jpg 1024w, https:\/\/www.sportchaco.com.ar\/wp-content\/uploads\/2024\/07\/gob-salud-fijo-marzo-300x50.jpg 300w, https:\/\/www.sportchaco.com.ar\/wp-content\/uploads\/2024\/07\/gob-salud-fijo-marzo-768x128.jpg 768w, https:\/\/www.sportchaco.com.ar\/wp-content\/uploads\/2024\/07\/gob-salud-fijo-marzo.jpg 1200w\" sizes=\"auto, (max-width: 1024px) 100vw, 1024px\" \/><\/p>\n<p>De cara al arranque del Pre\u2013Federal 2025, Regatas Resistencia contin\u00faa apostando y armando el equipo para el arranque de la competencia el pr\u00f3ximo 15 de agosto.<\/p>\n<p>En este marco, en las \u00faltimas horas confirm\u00f3 el regreso de Bruno Galassi, jugador de jerarqu\u00eda y que sin dudas le dar\u00e1 mucho al equipo de Milton Jovanovich.<\/p>\n<p>\u201cMis expectativas para volver a Regatas son siempre las mejores, no hay nada como volver a jugar en casa y con mis amigos, por eso estoy con muchas ganas de arrancar\u201d, fueron las primeras palabras del ala\u2013pivote de 23 a\u00f1os, de 1,96 metros y que vuelve al club luego de jugar varias temporadas en La Liga Argentina.<\/p>\n<p>Bruno Galassi viene de jugar la segunda categor\u00eda del b\u00e1squet nacional con Villa San Mart\u00edn a un gran nivel, aunque en 2021 ya defendi\u00f3 los colores de Regatas en La Liga Federal.<\/p>\n<p>\u201cLos objetivos para Pre\u2013Federal y Asociativo son pelear ambos campeonatos; creo que tenemos el equipo necesario para estar arriba\u201d, finaliz\u00f3 Galassi.<\/p>\n<p><img loading=\"lazy\" decoding=\"async\" class=\"aligncenter size-large wp-image-17122\" src=\"https:\/\/www.sportchaco.com.ar\/wp-content\/uploads\/2025\/03\/gob-va-13-02-24-1024x576.jpg\" alt=\"\" width=\"1024\" height=\"576\" srcset=\"https:\/\/www.sportchaco.com.ar\/wp-content\/uploads\/2025\/03\/gob-va-13-02-24-1024x576.jpg 1024w, https:\/\/www.sportchaco.com.ar\/wp-content\/uploads\/2025\/03\/gob-va-13-02-24-300x169.jpg 300w, https:\/\/www.sportchaco.com.ar\/wp-content\/uploads\/2025\/03\/gob-va-13-02-24-768x432.jpg 768w, https:\/\/www.sportchaco.com.ar\/wp-content\/uploads\/2025\/03\/gob-va-13-02-24-390x220.jpg 390w, https:\/\/www.sportchaco.com.ar\/wp-content\/uploads\/2025\/03\/gob-va-13-02-24.jpg 1440w\" sizes=\"auto, (max-width: 1024px) 100vw, 1024px\" \/><\/p>\n","protected":false},"excerpt":{"rendered":"<p>09-08-2025 De cara al arranque del Pre\u2013Federal 2025, Regatas Resistencia contin\u00faa apostando y armando el equipo para el arranque de la competencia el pr\u00f3ximo 15 de agosto. En este marco, en las \u00faltimas horas confirm\u00f3 el regreso de Bruno Galassi, jugador de jerarqu\u00eda y que sin dudas le dar\u00e1 mucho al equipo de Milton Jovanovich. &hellip;<\/p>\n","protected":false},"author":3,"featured_media":23438,"comment_status":"open","ping_status":"open","sticky":false,"template":"","format":"standard","meta":{"footnotes":""},"categories":[3],"tags":[],"class_list":["post-23434","post","type-post","status-publish","format-standard","has-post-thumbnail","hentry","category-basquetbol"],"_links":{"self":[{"href":"https:\/\/www.sportchaco.com.ar\/index.php?rest_route=\/wp\/v2\/posts\/23434","targetHints":{"allow":["GET"]}}],"collection":[{"href":"https:\/\/www.sportchaco.com.ar\/index.php?rest_route=\/wp\/v2\/posts"}],"about":[{"href":"https:\/\/www.sportchaco.com.ar\/index.php?rest_route=\/wp\/v2\/types\/post"}],"author":[{"embeddable":true,"href":"https:\/\/www.sportchaco.com.ar\/index.php?rest_route=\/wp\/v2\/users\/3"}],"replies":[{"embeddable":true,"href":"https:\/\/www.sportchaco.com.ar\/index.php?rest_route=%2Fwp%2Fv2%2Fcomments&post=23434"}],"version-history":[{"count":1,"href":"https:\/\/www.sportchaco.com.ar\/index.php?rest_route=\/wp\/v2\/posts\/23434\/revisions"}],"predecessor-version":[{"id":23436,"href":"https:\/\/www.sportchaco.com.ar\/index.php?rest_route=\/wp\/v2\/posts\/23434\/revisions\/23436"}],"wp:featuredmedia":[{"embeddable":true,"href":"https:\/\/www.sportchaco.com.ar\/index.php?rest_route=\/wp\/v2\/media\/23438"}],"wp:attachment":[{"href":"https:\/\/www.sportchaco.com.ar\/index.php?rest_route=%2Fwp%2Fv2%2Fmedia&parent=23434"}],"wp:term":[{"taxonomy":"category","embeddable":true,"href":"https:\/\/www.sportchaco.com.ar\/index.php?rest_route=%2Fwp%2Fv2%2Fcategories&post=23434"},{"taxonomy":"post_tag","embeddable":true,"href":"https:\/\/www.sportchaco.com.ar\/index.php?rest_route=%2Fwp%2Fv2%2Ftags&post=23434"}],"curies":[{"name":"wp","href":"https:\/\/api.w.org\/{rel}","templated":true}]}}