{"id":23527,"date":"2025-08-11T10:42:52","date_gmt":"2025-08-11T13:42:52","guid":{"rendered":"https:\/\/www.sportchaco.com.ar\/?p=23527"},"modified":"2025-08-11T10:42:52","modified_gmt":"2025-08-11T13:42:52","slug":"lo-de-german-pezzella-es-rotura-de-ligamentos","status":"publish","type":"post","link":"https:\/\/www.sportchaco.com.ar\/?p=23527","title":{"rendered":"Lo de Germ\u00e1n Pezzella es rotura de ligamentos"},"content":{"rendered":"<div class=\"flex flex-col w-full\">\n<div class=\"p-2.5 md:p-0\">\n<h4 class=\"mb-[14px] text-articleTitleMobile md:text-articleTitle font-articleTitle tracking-normal\" data-testid=\"article_title_h1\">\u00a0Germ\u00e1n Pezzella\u00a0sali\u00f3 lesionado y llorando desconsolado ante Independiente, y este domingo se hizo estudios: el parte m\u00e9dico oficial.<\/h4>\n<div class=\"flex justify-between md:mb-[20px]\">\n<div class=\"flex items-center \">\n<div class=\"ml-2.5 text-mediumGray text-articleDateAuthor font-articleDateAuthor tracking-normal\">\n<p>&nbsp;<\/p>\n<\/div>\n<\/div>\n<\/div>\n<\/div>\n<figure class=\"border-solid border-b border-lightGray relative \"><img decoding=\"async\" src=\"https:\/\/www.lanacion.com.ar\/resizer\/v2\/independiente-vs-river-plate-german-pezzella-S5ICD4YMHJDRFF3ZPF4KZHDHUE.JPG?auth=8de11fd739225b9f80150a500220434d9e5ef797fd62c060f0c8cbc945657ce5&amp;width=420&amp;height=280&amp;quality=70&amp;smart=true\" alt=\"Independiente vs River Plate. Germ\u00e1n Pezzella (lesi\u00f3n)\nFecha: 09\/08\/2025\nFecha 4 Torneo Clausura Liga Profesional.\" \/><figcaption class=\"mx-[10px] md:mx-0 mt-2.5 text-[14px] tracking-normal font-articleFigCaption text-articleFigCaption\"><\/figcaption><\/figure>\n<\/div>\n<div id=\"article-body-288572\" class=\"block w-full my-[30px] px-[10px] md:px-0 overflow-hidden font-three text-articleBody md:text-articleBodyDesktop \" data-testid=\"article_body\">\n<p class=\"mb-[20px] md:mb-[30px] break-word\" data-testid=\"paragraph\"><span style=\"color: #000000;\">La peor noticia del\u00a0<a class=\"break-word font-articleLinkText text-articleLinkText hover:text-articleLinkTextHover hover:bg-articleLinkTextHoverBg cursor-pointer border-solid border-b-articleLinkTextHover\" style=\"color: #000000;\" href=\"https:\/\/lapaginamillonaria.com\/copa-de-la-liga-profesional\/river-vs-independiente-en-vivo-horario-tv-y-minuto-a-minuto-por-el-torneo-clausura-2025\" target=\"_blank\" rel=\"noreferrer noopener\">empate 0-0 de River con Independiente<\/a>\u00a0no fue la mala imagen futbol\u00edstica que mostr\u00f3 el equipo y qu\u00e9 dej\u00f3 muy frustrado a Marcelo Gallardo. Si no que fue\u00a0la grave lesi\u00f3n de\u00a0<a class=\"break-word font-articleLinkText text-articleLinkText hover:text-articleLinkTextHover hover:bg-articleLinkTextHoverBg cursor-pointer border-solid border-b-articleLinkTextHover\" style=\"color: #000000;\" href=\"https:\/\/lapaginamillonaria.com\/tema\/german-pezzella\" target=\"_blank\" rel=\"noreferrer noopener\">Germ\u00e1n Pezzella<\/a>: en horas del mediod\u00eda del domingo se confirm\u00f3 el parte m\u00e9dico.<\/span><\/p>\n<p class=\"mb-[20px] md:mb-[30px] break-word\" data-testid=\"paragraph\"><span style=\"color: #000000;\">Sobre el final del primer tiempo, el zaguero le cometi\u00f3 falta a Walter Mazzantti y en esa desafortunada acci\u00f3n qued\u00f3 enganchado y la rodilla le hizo un movimiento por el cual qued\u00f3 tendido.\u00a0R\u00e1pidamente fue atendido y pidi\u00f3 el cambio.\u00a0Al salir,\u00a0<a class=\"break-word font-articleLinkText text-articleLinkText hover:text-articleLinkTextHover hover:bg-articleLinkTextHoverBg cursor-pointer border-solid border-b-articleLinkTextHover\" style=\"color: #000000;\" href=\"https:\/\/lapaginamillonaria.com\/copa-de-la-liga-profesional\/german-pezzella-salio-lesionado-del-partido-vs-independiente-y-encendio-las-alarmas-en-river\" target=\"_blank\" rel=\"noreferrer noopener\">se march\u00f3 llorando desconsolado\u00a0<\/a>y todos los compa\u00f1eros se acercaron a verlo.<\/span><\/p>\n<p class=\"mb-[20px] md:mb-[30px] break-word\" data-testid=\"paragraph\"><span style=\"color: #000000;\">Ese escenario encendi\u00f3 todas las alarmas en el M\u00e1s Grande. Al finalizar el partido, el campe\u00f3n del mundo se retir\u00f3 del estadio caminando con dificultades, pero caminando al fin. Este domingo el plantel de River retom\u00f3 los entrenamientos y\u00a0Pezzella se hizo estudios: estos confirmaron que sufri\u00f3 la rotura del ligamento cruzado anterior de la rodilla izquierda.<\/span><\/p>\n<h2 class=\"mb-[20px] md:mb-[30px] break-word text-articleHeading2Mobile md:text-articleHeading2\"><span style=\"color: #000000;\">Cu\u00e1nto tiempo ser\u00e1 baja Pezzella en River<\/span><\/h2>\n<p class=\"mb-[20px] md:mb-[30px] break-word\" data-testid=\"paragraph\"><span style=\"color: #000000;\">En los pr\u00f3ximos d\u00edas,\u00a0Pezzella deber\u00e1 ser intervenido quir\u00fargicamente. Y con este parte m\u00e9dico,\u00a0el defensor tendr\u00e1 para alrededor de 8 meses recuperaci\u00f3n, entre la rehabilitaci\u00f3n y la puesta a punto f\u00edsica. As\u00ed, se perder\u00e1 todo lo que resta de la temporada y buena parte del primer semestre del a\u00f1o que viene. \u00a1Mucha fuerza, Germ\u00e1n!<\/span><\/p>\n<div class=\"max-w-[550px] block relative mx-auto mb-[20px] md:mb-[30px]\" data-testid=\"image-embed\">\n<p class=\"text-center mt-5 text-[14px] leading-[20px] font-normal\">\n<\/div>\n<h2 class=\"mb-[20px] md:mb-[30px] break-word text-articleHeading2Mobile md:text-articleHeading2\"><span style=\"color: #000000;\">\u00bfRiver puede reemplazar a Pezzella en la lista de la Copa Libertadores?<\/span><\/h2>\n<p class=\"mb-[20px] md:mb-[30px] break-word\" data-testid=\"paragraph\"><span style=\"color: #000000;\">El Millonario ten\u00eda tiempo hasta el viernes a las 18 horas para oficializar los cinco cambios de cara a los octavos de final. Juanfer Quintero, Galarza Fonda, Portillo, Salas y Boselli fueron los que ingresaron.\u00a0El reglamento no permite cambios adicionales por lesiones graves, salvo en el caso de los arqueros.<\/span><\/p>\n<p class=\"mb-[20px] md:mb-[30px] break-word\" data-testid=\"paragraph\"><span style=\"color: #000000;\">El M\u00e1s Grande podr\u00eda hacer un pedido especial y ver si Conmebol le da luz verde para reemplazar a Pezzella por Lautaro Rivero. De lo contrario,\u00a0River reci\u00e9n podr\u00e1 sustituir al campe\u00f3n del mundo en la Libertadores si clasifica a cuartos de final, ya que tendr\u00e1 tres modificaciones m\u00e1s. Fuente P\u00e1gina Millonaria<\/span><\/p>\n<div class=\"light mb-[20px] md:mb-[30px] flex justify-center\" data-testid=\"twitter-embed\">\n<div class=\"w-full max-w-[550px]\">\n<div class=\"react-tweet-theme tweet-container_root__wzLwj\">\n<article class=\"tweet-container_article__jIFmm\">\n<div class=\"tweet-header_header__ZbZwA\">\n<div class=\"tweet-header_author__vXsch\">\n<div class=\"tweet-header_authorVerified__IKR_y\"><\/div>\n<\/div>\n<\/div>\n<p class=\"tweet-body_root__NEuOx\">\n<div class=\"tweet-media_root__Sc0aR tweet-media_rounded__VnikK\">\n<div class=\"tweet-media_mediaWrapper__4ZTZM\">\n<div class=\"tweet-media_mediaContainer__mJMbk\"><\/div>\n<\/div>\n<\/div>\n<div class=\"tweet-info_info__AiKtR\"><\/div>\n<\/article>\n<\/div>\n<\/div>\n<\/div>\n<\/div>\n","protected":false},"excerpt":{"rendered":"<p>\u00a0Germ\u00e1n Pezzella\u00a0sali\u00f3 lesionado y llorando desconsolado ante Independiente, y este domingo se hizo estudios: el parte m\u00e9dico oficial. &nbsp; La peor noticia del\u00a0empate 0-0 de River con Independiente\u00a0no fue la mala imagen futbol\u00edstica que mostr\u00f3 el equipo y qu\u00e9 dej\u00f3 muy frustrado a Marcelo Gallardo. Si no que fue\u00a0la grave lesi\u00f3n de\u00a0Germ\u00e1n Pezzella: en horas &hellip;<\/p>\n","protected":false},"author":2,"featured_media":23528,"comment_status":"open","ping_status":"open","sticky":false,"template":"","format":"standard","meta":{"footnotes":""},"categories":[71],"tags":[],"class_list":["post-23527","post","type-post","status-publish","format-standard","has-post-thumbnail","hentry","category-puro-futbol"],"_links":{"self":[{"href":"https:\/\/www.sportchaco.com.ar\/index.php?rest_route=\/wp\/v2\/posts\/23527","targetHints":{"allow":["GET"]}}],"collection":[{"href":"https:\/\/www.sportchaco.com.ar\/index.php?rest_route=\/wp\/v2\/posts"}],"about":[{"href":"https:\/\/www.sportchaco.com.ar\/index.php?rest_route=\/wp\/v2\/types\/post"}],"author":[{"embeddable":true,"href":"https:\/\/www.sportchaco.com.ar\/index.php?rest_route=\/wp\/v2\/users\/2"}],"replies":[{"embeddable":true,"href":"https:\/\/www.sportchaco.com.ar\/index.php?rest_route=%2Fwp%2Fv2%2Fcomments&post=23527"}],"version-history":[{"count":1,"href":"https:\/\/www.sportchaco.com.ar\/index.php?rest_route=\/wp\/v2\/posts\/23527\/revisions"}],"predecessor-version":[{"id":23529,"href":"https:\/\/www.sportchaco.com.ar\/index.php?rest_route=\/wp\/v2\/posts\/23527\/revisions\/23529"}],"wp:featuredmedia":[{"embeddable":true,"href":"https:\/\/www.sportchaco.com.ar\/index.php?rest_route=\/wp\/v2\/media\/23528"}],"wp:attachment":[{"href":"https:\/\/www.sportchaco.com.ar\/index.php?rest_route=%2Fwp%2Fv2%2Fmedia&parent=23527"}],"wp:term":[{"taxonomy":"category","embeddable":true,"href":"https:\/\/www.sportchaco.com.ar\/index.php?rest_route=%2Fwp%2Fv2%2Fcategories&post=23527"},{"taxonomy":"post_tag","embeddable":true,"href":"https:\/\/www.sportchaco.com.ar\/index.php?rest_route=%2Fwp%2Fv2%2Ftags&post=23527"}],"curies":[{"name":"wp","href":"https:\/\/api.w.org\/{rel}","templated":true}]}}