{"id":23535,"date":"2025-08-11T23:19:42","date_gmt":"2025-08-12T02:19:42","guid":{"rendered":"https:\/\/www.sportchaco.com.ar\/?p=23535"},"modified":"2025-08-11T23:19:38","modified_gmt":"2025-08-12T02:19:38","slug":"efemerides-del-12-de-agosto-2","status":"publish","type":"post","link":"https:\/\/www.sportchaco.com.ar\/?p=23535","title":{"rendered":"Efem\u00e9rides del 12 de agosto"},"content":{"rendered":"<div class=\"container fullwidth-entry-title-wrapper\">\n<div class=\"container-wrapper fullwidth-entry-title\">\n<header class=\"entry-header-outer\">\n<div class=\"entry-header\">\n<h1 class=\"post-title entry-title\"><\/h1>\n<div class=\"single-post-meta post-meta clearfix\"><\/div>\n<\/div>\n<\/header>\n<\/div>\n<\/div>\n<div id=\"content\" class=\"site-content container\">\n<div id=\"main-content-row\" class=\"tie-row main-content-row\">\n<div class=\"main-content tie-col-md-8 tie-col-xs-12\" role=\"main\">\n<article id=\"the-post\" class=\"container-wrapper post-content tie-standard\">\n<div class=\"featured-area\">\n<div class=\"featured-area-inner\">\n<figure class=\"single-featured-image\"><img loading=\"lazy\" decoding=\"async\" class=\"attachment-jannah-image-post size-jannah-image-post wp-post-image\" src=\"https:\/\/www.sportchaco.com.ar\/wp-content\/uploads\/2024\/08\/Omar-Zenoff.jpg\" alt=\"\" width=\"193\" height=\"261\" data-main-img=\"1\" \/><\/figure>\n<\/div>\n<\/div>\n<div class=\"entry-content entry clearfix\">\n<p><strong>Esta es la Efem\u00e9rides del Deporte en el Chaco de un 11 de agosto periodista Luis Dar\u00edo Molodezky.<\/strong><\/p>\n<p><strong>\u00a0<\/strong><\/p>\n<p>&nbsp;<\/p>\n<p><img loading=\"lazy\" decoding=\"async\" class=\"alignnone size-full wp-image-23478 aligncenter\" src=\"https:\/\/www.sportchaco.com.ar\/wp-content\/uploads\/2025\/08\/Luis-2025-marzo-3-2-e1749824875302-300x217-3.jpg\" alt=\"\" width=\"300\" height=\"217\" \/><\/p>\n<p><strong>1947 \/<\/strong>\u00a0Rogelio Villalba y Luis Quiroz, fueron subcampeones en el Argentino de Novicios de boxeo que se disput\u00f3 en Capital Federal. Tambi\u00e9n representaron al Chaco C\u00e9sar Simi, Jos\u00e9 Realini, Osvaldo Micheleu, Jos\u00e9 Santos y Santiago Meza.<\/p>\n<p><strong>1949\u00a0<\/strong>\/ Ante el auge que toma el deporte motor se forman en el Chaco Automoto Club distintas comisiones para atender cuestiones t\u00e9cnicas, de organizaci\u00f3n, seguridad y cronometraje, y as\u00ed aparecen los nombres de Luis Mijaylides, Carlos Shoenemann, Ra\u00fal Carranza, Fortunato Cerrudo, Ram\u00f3n Sequeira, Eduardo Porta, Guido Agazzani, Atlio Bangher, Aldo Agazzani, \u00cdtalo Piovano, Oberdan Piovano, Mario Razzeto,Herminio Piovano, V\u00edctor Tonelli y C\u00e9sar Giuliano.<\/p>\n<p><strong>1950\u00a0<\/strong>(12 y 13 de agosto) \/ Ricardo Risatti se impone en la tercera Vuelta del Chaco a bordo de una Coup\u00e9 V8 a un promedio de 129,281 km\/hora.<\/p>\n<p><strong>1984\u00a0<\/strong>\/ Se presenta en el Aut\u00f3dromo Regional del Nordeste, la F\u00f3rmula 2 Codasur. El triunfo fue para Guillermo\u00a0<em>Yoyo\u00a0<\/em>Maldonado, seguido por Miguel Guerra y Fernando Croceri.<\/p>\n<p><strong>2000\u00a0<\/strong>\/ Primera defensa del t\u00edtulo sudamericano de Javier \u00c1lvarez. En Ciudadela, Buenos Aires, le gana por descalificaci\u00f3n en el octavo asalto a Diego Felipe Jaurena. Pes\u00f3 58,400 kg.<\/p>\n<p><strong>2005\u00a0<\/strong>\/ Javier \u00c1lvarez recupera por tercera vez el t\u00edtulo latino OMB al vencer por puntos en 12 rounds a Ariel Ricardo El\u00edas, pelea disputada en C\u00f3rdoba. El chaque\u00f1o pes\u00f3 58.700 kg.<\/p>\n<p><strong>2007\u00a0<\/strong>\/ La chaque\u00f1a Paola Benav\u00eddez se consagra campeona argentina de boxeo amateur femenino, en la categor\u00eda hasta 52 kilogramos, al vencer en la final a la local mendocina Mara D\u00edaz, por un puntaje de 5 a 0.<\/p>\n<p><strong>2022 \/<\/strong>\u00a0A los 71 a\u00f1os falleci\u00f3 en Las Bre\u00f1as Omar H\u00e9ctor Zenoff, profesor, escritor, periodista, pol\u00edtico y di\u00e1cono permanente de la Iglesia Cat\u00f3lica. Corresponsal y titular de la Agencia de diario Norte desde 1972, fue el primer corresponsal de LT 43 Radio Mocov\u00ed de Charata. Recibi\u00f3 la Cruz de Plata del semanario \u201cEsqui\u00fa\u201d. Fue presidente de la Comisi\u00f3n Central de la Fiesta del Inmigrante entre 1985-1986- Fue comisionado municipal en el trienio 1981-1983. Fue concejal municipal en 1992 hasta 1995. Autor del libro \u201cMemorias de Las Bre\u00f1as y su gente\u201d y un par de novelas.\u00a0 Fue reconocido por la C\u00e1mara de Diputas del Chaco por su trayectoria y por la UNNE declarado profesor honorario. En deportes dej\u00f3 testimonio de los \u00faltimos 40 a\u00f1os de su vida a trav\u00e9s de notas y reportajes. Hab\u00eda nacido el 19 de diciembre de 1950. (Foto portada de Omar Zenoff)<\/p>\n<p>&nbsp;<\/p>\n<\/div>\n<\/article>\n<\/div>\n<\/div>\n<\/div>\n","protected":false},"excerpt":{"rendered":"<p>Esta es la Efem\u00e9rides del Deporte en el Chaco de un 11 de agosto periodista Luis Dar\u00edo Molodezky. \u00a0 &nbsp; 1947 \/\u00a0Rogelio Villalba y Luis Quiroz, fueron subcampeones en el Argentino de Novicios de boxeo que se disput\u00f3 en Capital Federal. Tambi\u00e9n representaron al Chaco C\u00e9sar Simi, Jos\u00e9 Realini, Osvaldo Micheleu, Jos\u00e9 Santos y Santiago &hellip;<\/p>\n","protected":false},"author":2,"featured_media":23536,"comment_status":"open","ping_status":"open","sticky":false,"template":"","format":"standard","meta":{"footnotes":""},"categories":[38,45],"tags":[],"class_list":["post-23535","post","type-post","status-publish","format-standard","has-post-thumbnail","hentry","category-agosto","category-efemerides-dia-por-dia"],"_links":{"self":[{"href":"https:\/\/www.sportchaco.com.ar\/index.php?rest_route=\/wp\/v2\/posts\/23535","targetHints":{"allow":["GET"]}}],"collection":[{"href":"https:\/\/www.sportchaco.com.ar\/index.php?rest_route=\/wp\/v2\/posts"}],"about":[{"href":"https:\/\/www.sportchaco.com.ar\/index.php?rest_route=\/wp\/v2\/types\/post"}],"author":[{"embeddable":true,"href":"https:\/\/www.sportchaco.com.ar\/index.php?rest_route=\/wp\/v2\/users\/2"}],"replies":[{"embeddable":true,"href":"https:\/\/www.sportchaco.com.ar\/index.php?rest_route=%2Fwp%2Fv2%2Fcomments&post=23535"}],"version-history":[{"count":3,"href":"https:\/\/www.sportchaco.com.ar\/index.php?rest_route=\/wp\/v2\/posts\/23535\/revisions"}],"predecessor-version":[{"id":23568,"href":"https:\/\/www.sportchaco.com.ar\/index.php?rest_route=\/wp\/v2\/posts\/23535\/revisions\/23568"}],"wp:featuredmedia":[{"embeddable":true,"href":"https:\/\/www.sportchaco.com.ar\/index.php?rest_route=\/wp\/v2\/media\/23536"}],"wp:attachment":[{"href":"https:\/\/www.sportchaco.com.ar\/index.php?rest_route=%2Fwp%2Fv2%2Fmedia&parent=23535"}],"wp:term":[{"taxonomy":"category","embeddable":true,"href":"https:\/\/www.sportchaco.com.ar\/index.php?rest_route=%2Fwp%2Fv2%2Fcategories&post=23535"},{"taxonomy":"post_tag","embeddable":true,"href":"https:\/\/www.sportchaco.com.ar\/index.php?rest_route=%2Fwp%2Fv2%2Ftags&post=23535"}],"curies":[{"name":"wp","href":"https:\/\/api.w.org\/{rel}","templated":true}]}}