{"id":23551,"date":"2025-08-11T18:45:09","date_gmt":"2025-08-11T21:45:09","guid":{"rendered":"https:\/\/www.sportchaco.com.ar\/?p=23551"},"modified":"2025-08-11T18:45:09","modified_gmt":"2025-08-11T21:45:09","slug":"villa-san-martin-entre-renovaciones-regresos-refuerzos-y-apuestas","status":"publish","type":"post","link":"https:\/\/www.sportchaco.com.ar\/?p=23551","title":{"rendered":"Villa San Mart\u00edn entre renovaciones, regresos, refuerzos y apuestas"},"content":{"rendered":"<p><strong>11-08-2025<\/strong><\/p>\n<p><img loading=\"lazy\" decoding=\"async\" class=\"aligncenter size-large wp-image-20101\" src=\"https:\/\/www.sportchaco.com.ar\/wp-content\/uploads\/2025\/06\/320x50-1-1024x160.gif\" alt=\"\" width=\"1024\" height=\"160\" srcset=\"https:\/\/www.sportchaco.com.ar\/wp-content\/uploads\/2025\/06\/320x50-1-1024x160.gif 1024w, https:\/\/www.sportchaco.com.ar\/wp-content\/uploads\/2025\/06\/320x50-1-300x47.gif 300w, https:\/\/www.sportchaco.com.ar\/wp-content\/uploads\/2025\/06\/320x50-1-768x120.gif 768w\" sizes=\"auto, (max-width: 1024px) 100vw, 1024px\" \/><\/p>\n<p>De cara a lo que viene siendo la conformaci\u00f3n del nuevo equipo para la temporada 25\/ 26 de la Liga Argentina de B\u00e1squet, Villa San Mart\u00edn contin\u00faa muy activo en el mercado de contrataciones y en las \u00faltimas horas el elenco capitalino y \u00fanico representante chaque\u00f1o en esta categor\u00eda confirm\u00f3 la continuidad de Est\u00e9fano \u201cTato\u201d Simondi, el regreso del joven jugador y de \u201ccuna tricolor\u201d Emir P\u00e9rez Barrios, la fuerte apuesta en la zona pintada del brasilero R\u00f3mulo Gusmao, como as\u00ed tambi\u00e9n la llegada del joven base Santiago Rath.<\/p>\n<p><strong>Tomar revancha<br \/>\n<\/strong>Una de las renovaciones y nuevamente apuesta de Villa San Mart\u00edn es la de Est\u00e9fano Simondi, quien defender\u00e1 los colores del elenco capitalino por 3\u00b0 temporada (23\/ 24, 24\/ 25 y ahora 25\/26). \u201cEstoy muy contento de continuar en el club, con las mejores expectativas de tomarse revancha y conformar un lindo grupo para dejar a Villa San Mart\u00edn en lo m\u00e1s alto\u201d, remarc\u00f3 el ala \u2013 pivote de 28 a\u00f1os y de 2,01 metros de altura.<\/p>\n<figure class=\"wp-block-image size-full\"><a href=\"https:\/\/baskettotal.com.ar\/wp-content\/uploads\/2025\/08\/ESTEFANO-SIMONDI.jpg\"><img loading=\"lazy\" decoding=\"async\" class=\"lazy wp-image-28160 lazy-loaded\" src=\"https:\/\/baskettotal.com.ar\/wp-content\/uploads\/2025\/08\/ESTEFANO-SIMONDI.jpg\" sizes=\"auto, (max-width: 520px) 100vw, 520px\" srcset=\"https:\/\/baskettotal.com.ar\/wp-content\/uploads\/2025\/08\/ESTEFANO-SIMONDI.jpg 520w, https:\/\/baskettotal.com.ar\/wp-content\/uploads\/2025\/08\/ESTEFANO-SIMONDI-200x300.jpg 200w\" alt=\"\" width=\"520\" height=\"780\" data-lazy-type=\"image\" data-lazy-src=\"https:\/\/baskettotal.com.ar\/wp-content\/uploads\/2025\/08\/ESTEFANO-SIMONDI.jpg\" data-lazy-srcset=\"https:\/\/baskettotal.com.ar\/wp-content\/uploads\/2025\/08\/ESTEFANO-SIMONDI.jpg 520w, https:\/\/baskettotal.com.ar\/wp-content\/uploads\/2025\/08\/ESTEFANO-SIMONDI-200x300.jpg 200w\" data-lazy-sizes=\"(max-width: 520px) 100vw, 520px\" \/><\/a><figcaption class=\"wp-element-caption\"><em><strong>Foto: Soledad Mordacini (Villa San Mart\u00edn)<\/strong><\/em><\/figcaption><\/figure>\n<p><strong>Vuelta a casa<\/strong><br \/>\nOtra de las fuertes apuestas de Villa San Mart\u00edn tiene que ver con un gran y joven jugador, de \u201ccuna tricolor\u201d y que regresa al club que lo vio nacer, Emir P\u00e9rez Barrios, afirmando que \u201clas expectativas y sensaciones son buenas en lo personal, hay un sentimiento especial porque Villa San Mart\u00edn es mi casa, el club que me vio crecer, que me ense\u00f1\u00f3 a querer este deporte y tener la posibilidad de defender otra vez esta camiseta es algo muy especial para mi\u201d, remarc\u00f3 el jugador de 20 a\u00f1os, mide 1,88 metros, en 2021 fue a jugar a Obras cuando era U17 y se desempe\u00f1a en las posiciones de base\/ escolta. Experiencia en Liga Nacional y de Desarrollo.<\/p>\n<figure class=\"wp-block-image size-large\"><a href=\"https:\/\/baskettotal.com.ar\/wp-content\/uploads\/2025\/08\/1-EMIR-PEREZ-BARRIOS.jpg\"><img loading=\"lazy\" decoding=\"async\" class=\"lazy wp-image-28161 lazy-loaded\" src=\"https:\/\/baskettotal.com.ar\/wp-content\/uploads\/2025\/08\/1-EMIR-PEREZ-BARRIOS-1024x705.jpg\" sizes=\"auto, (max-width: 1024px) 100vw, 1024px\" srcset=\"https:\/\/baskettotal.com.ar\/wp-content\/uploads\/2025\/08\/1-EMIR-PEREZ-BARRIOS-1024x705.jpg 1024w, https:\/\/baskettotal.com.ar\/wp-content\/uploads\/2025\/08\/1-EMIR-PEREZ-BARRIOS-300x207.jpg 300w, https:\/\/baskettotal.com.ar\/wp-content\/uploads\/2025\/08\/1-EMIR-PEREZ-BARRIOS-768x529.jpg 768w, https:\/\/baskettotal.com.ar\/wp-content\/uploads\/2025\/08\/1-EMIR-PEREZ-BARRIOS.jpg 1040w\" alt=\"\" width=\"1024\" height=\"705\" data-lazy-type=\"image\" data-lazy-src=\"https:\/\/baskettotal.com.ar\/wp-content\/uploads\/2025\/08\/1-EMIR-PEREZ-BARRIOS-1024x705.jpg\" data-lazy-srcset=\"https:\/\/baskettotal.com.ar\/wp-content\/uploads\/2025\/08\/1-EMIR-PEREZ-BARRIOS-1024x705.jpg 1024w, https:\/\/baskettotal.com.ar\/wp-content\/uploads\/2025\/08\/1-EMIR-PEREZ-BARRIOS-300x207.jpg 300w, https:\/\/baskettotal.com.ar\/wp-content\/uploads\/2025\/08\/1-EMIR-PEREZ-BARRIOS-768x529.jpg 768w, https:\/\/baskettotal.com.ar\/wp-content\/uploads\/2025\/08\/1-EMIR-PEREZ-BARRIOS.jpg 1040w\" data-lazy-sizes=\"(max-width: 1024px) 100vw, 1024px\" \/><\/a><\/figure>\n<p><strong>La ficha extranjera<\/strong><br \/>\nNuevamente Villa San Mart\u00edn vuelve a apostar por la ficha extranjera (no contrat\u00f3 la \u00faltima temporada) y en las \u00faltimas horas confirm\u00f3 la llegada del brasilero R\u00f3mulo Gusmao Costa, oriundo de la ciudad de Brasilia, de 29 a\u00f1os de edad, mide 2, 08 metros y se desempe\u00f1a en la posici\u00f3n de pivote. \u201cLlego con muchas ganas de seguir mi evoluci\u00f3n como jugador y ayudar a Villa San Mart\u00edn con mucha entrega y buscando con el equipo en lo que sea posible para ganar los partidos\u201d, fueron las primeras palabras del jugador quien viene de defender los colores de Hispano Americano en la Liga Argentina durante la \u00faltima temporada.<a href=\"https:\/\/baskettotal.com.ar\/wp-content\/uploads\/2025\/08\/RATH.jpg\"><img loading=\"lazy\" decoding=\"async\" class=\"lazy wp-image-28162 lazy-loaded aligncenter\" src=\"https:\/\/baskettotal.com.ar\/wp-content\/uploads\/2025\/08\/RATH.jpg\" sizes=\"auto, (max-width: 520px) 100vw, 520px\" srcset=\"https:\/\/baskettotal.com.ar\/wp-content\/uploads\/2025\/08\/RATH.jpg 520w, https:\/\/baskettotal.com.ar\/wp-content\/uploads\/2025\/08\/RATH-200x300.jpg 200w\" alt=\"\" width=\"520\" height=\"780\" data-lazy-type=\"image\" data-lazy-src=\"https:\/\/baskettotal.com.ar\/wp-content\/uploads\/2025\/08\/RATH.jpg\" data-lazy-srcset=\"https:\/\/baskettotal.com.ar\/wp-content\/uploads\/2025\/08\/RATH.jpg 520w, https:\/\/baskettotal.com.ar\/wp-content\/uploads\/2025\/08\/RATH-200x300.jpg 200w\" data-lazy-sizes=\"(max-width: 520px) 100vw, 520px\" \/> \u00a0 \u00a0 \u00a0 \u00a0 \u00a0 \u00a0 \u00a0 \u00a0 \u00a0 \u00a0 \u00a0 \u00a0 \u00a0 \u00a0 \u00a0 \u00a0 \u00a0 <\/a><em><strong>Foto: Soledad Mordacini (Villa San Mart\u00edn)<\/strong><\/em><\/p>\n<p><strong>Progreso grupal e individual<\/strong><br \/>\nY finalmente, la llegada del base Santiago Rath tambi\u00e9n es una fuerte apuesta del \u201cTricolor\u201d de Resistencia es el joven base Santiago Rath, tambi\u00e9n de 20 a\u00f1os de edad, mide 1,83 metros y viene de jugar en Hind\u00fa Club, aunque vale remarcar que ya cuenta con experiencia en Liga Nacional y de Desarrollo con OTC con un paso elite en el b\u00e1squet nacional. \u201cMis expectativas van hacer llegar lo m\u00e1s lejos posible en los torneos que me toquen jugar y progresar individualmente como grupalmente\u201d, manifest\u00f3 Rath.<\/p>\n<p><img loading=\"lazy\" decoding=\"async\" class=\"aligncenter size-full wp-image-20567\" src=\"https:\/\/www.sportchaco.com.ar\/wp-content\/uploads\/2025\/06\/250x250.gif\" alt=\"\" width=\"522\" height=\"521\" \/><\/p>\n","protected":false},"excerpt":{"rendered":"<p>11-08-2025 De cara a lo que viene siendo la conformaci\u00f3n del nuevo equipo para la temporada 25\/ 26 de la Liga Argentina de B\u00e1squet, Villa San Mart\u00edn contin\u00faa muy activo en el mercado de contrataciones y en las \u00faltimas horas el elenco capitalino y \u00fanico representante chaque\u00f1o en esta categor\u00eda confirm\u00f3 la continuidad de Est\u00e9fano &hellip;<\/p>\n","protected":false},"author":3,"featured_media":23552,"comment_status":"open","ping_status":"open","sticky":false,"template":"","format":"standard","meta":{"footnotes":""},"categories":[3],"tags":[],"class_list":["post-23551","post","type-post","status-publish","format-standard","has-post-thumbnail","hentry","category-basquetbol"],"_links":{"self":[{"href":"https:\/\/www.sportchaco.com.ar\/index.php?rest_route=\/wp\/v2\/posts\/23551","targetHints":{"allow":["GET"]}}],"collection":[{"href":"https:\/\/www.sportchaco.com.ar\/index.php?rest_route=\/wp\/v2\/posts"}],"about":[{"href":"https:\/\/www.sportchaco.com.ar\/index.php?rest_route=\/wp\/v2\/types\/post"}],"author":[{"embeddable":true,"href":"https:\/\/www.sportchaco.com.ar\/index.php?rest_route=\/wp\/v2\/users\/3"}],"replies":[{"embeddable":true,"href":"https:\/\/www.sportchaco.com.ar\/index.php?rest_route=%2Fwp%2Fv2%2Fcomments&post=23551"}],"version-history":[{"count":1,"href":"https:\/\/www.sportchaco.com.ar\/index.php?rest_route=\/wp\/v2\/posts\/23551\/revisions"}],"predecessor-version":[{"id":23553,"href":"https:\/\/www.sportchaco.com.ar\/index.php?rest_route=\/wp\/v2\/posts\/23551\/revisions\/23553"}],"wp:featuredmedia":[{"embeddable":true,"href":"https:\/\/www.sportchaco.com.ar\/index.php?rest_route=\/wp\/v2\/media\/23552"}],"wp:attachment":[{"href":"https:\/\/www.sportchaco.com.ar\/index.php?rest_route=%2Fwp%2Fv2%2Fmedia&parent=23551"}],"wp:term":[{"taxonomy":"category","embeddable":true,"href":"https:\/\/www.sportchaco.com.ar\/index.php?rest_route=%2Fwp%2Fv2%2Fcategories&post=23551"},{"taxonomy":"post_tag","embeddable":true,"href":"https:\/\/www.sportchaco.com.ar\/index.php?rest_route=%2Fwp%2Fv2%2Ftags&post=23551"}],"curies":[{"name":"wp","href":"https:\/\/api.w.org\/{rel}","templated":true}]}}