{"id":23579,"date":"2025-08-12T18:37:32","date_gmt":"2025-08-12T21:37:32","guid":{"rendered":"https:\/\/www.sportchaco.com.ar\/?p=23579"},"modified":"2025-08-13T11:55:38","modified_gmt":"2025-08-13T14:55:38","slug":"fin-de-semana-cargado-de-ascenso","status":"publish","type":"post","link":"https:\/\/www.sportchaco.com.ar\/?p=23579","title":{"rendered":"Fin de semana cargado de ascenso"},"content":{"rendered":"<p><strong>12-08-2025<\/strong><\/p>\n<p><img loading=\"lazy\" decoding=\"async\" class=\"aligncenter wp-image-20490 size-full\" src=\"https:\/\/www.sportchaco.com.ar\/wp-content\/uploads\/2025\/06\/728x90-1.gif\" alt=\"\" width=\"1518\" height=\"189\" \/><\/p>\n<p>Los dirigentes del ascenso de la Liga Chaque\u00f1a de F\u00fatbol establecieron d\u00edas y horarios para el desarrollo de la 18\u00aa fecha del torneo Oficial de la Primera B.<\/p>\n<p>La misma ir\u00e1 desde el viernes hasta el domingo. El l\u00edder del campeonato, Parque Patricios, abrir\u00e1 la jornada cuando reciba a V\u00e9lez en cancha de Villa Alvear.<\/p>\n<p>Adem\u00e1s, este mi\u00e9rcoles se completar\u00e1 el partido entre Los L\u00edricos y FC Barber\u00e1n de la 17\u00aa fecha con los 50 minutos restantes.<\/p>\n<p><b><strong>TORNEO OFICIAL \u00abADRI\u00c1N DAR\u00cdO PARRA\u00bb<br \/>\nMi\u00e9rcoles 13-08<br \/>\n<\/strong><\/b>A las 15:45; Los L\u00edricos 0 &#8211; FC Barber\u00e1n 2, en Indep. Tirol <em>(partido pendiente de la 17\u00aa fecha)<\/em><br \/>\n<em>*A jugarse 50 minutos<\/em><\/p>\n<p><strong>TODA LA 19\u00aa FECHA<br \/>\nViernes 15-08<\/strong><br \/>\nA las 15:30; Parque Patricios \u2013 V\u00e9lez, en Alvear<\/p>\n<p><strong>S\u00e1bado 16-08<\/strong><br \/>\nA las 15:30; Confraternidad &#8211; Camioneros, en Defensores<br \/>\nA las 15:30; UPCP \u2013 Banfield, en Regional<br \/>\nA las 15:30; Chaco Hebr\u00f3n \u2013 Dep. Sameep<br \/>\nA las 15:30; Dep. Esperanza \u2013 C. E. de Comercio, en V\u00e9lez<\/p>\n<p><strong>Domingo 17-08<\/strong><br \/>\nA las 15:30; Dep. G\u00fciraldes \u2013 Centauro FC, en Regional<br \/>\nA las 15:30; Los L\u00edricos \u2013 DEF, en Indep. Tirol<br \/>\nA las 16; Dogos \u2013 Dep. Zona Sur, en Chaco Hebr\u00f3n<br \/>\nA las 15:30; Uni\u00f3n del Sur \u2013 Municipales<\/p>\n<p>Bariloche FC &#8211; San Fernando <em>(suspendido)<br \/>\n*Bariloche FC se dio de baja de la Liga Chaque\u00f1a\u00a0<\/em><\/p>\n<p>FC Barber\u00e1n\u00a0\u2013 Dep. Barber\u00e1n <em>(suspendido)<br \/>\n*Dep. Barber\u00e1n lo dieron de baja de la Liga Chaque\u00f1a\u00a0<\/em><\/p>\n<p><strong>Libre:<\/strong> Canallas del Sur<\/p>\n<p><strong>POSICIONES<\/strong><br \/>\nParque Patricios 42<br \/>\nC. E. de Comercio 39<br \/>\nLos L\u00edricos 37\u00a0<em>(a)<\/em><br \/>\nUPCP 35<br \/>\nDep. Esperanza 33<br \/>\nDep. G\u00fciraldes 33<br \/>\nCanallas del Sur 28<br \/>\nSan Fernando 28<br \/>\nBanfield 27<br \/>\nDep. Sameep 22<br \/>\nMunicipales 22<br \/>\nUni\u00f3n del Sur 22<br \/>\nDep. Zona Sur 21<br \/>\nDogos 21<br \/>\nFC Barber\u00e1n 20\u00a0<em>(a)<\/em><br \/>\nV\u00e9lez 20<br \/>\nConfraternidad 19<br \/>\nCamioneros 18<br \/>\nDEF 14<br \/>\nDep. Barber\u00e1n 14<em>*<\/em><br \/>\nChaco Hebr\u00f3n 14<br \/>\nCentauro FC 10<br \/>\nBariloche FC 6<em>*<\/em><br \/>\n<em>(a) Partido suspendido a los 43PT (0-2 a favor de FC Barber\u00e1n) por golpe de un jugador de Los Liricos. Define el Tribunal de Disciplina.<br \/>\n*Se dieron de baja del torneo<br \/>\n*Todos los equipos que enfrenten a Dep. Barber\u00e1n y Bariloche FC se adjudicar\u00e1n los tres puntos<\/em><\/p>\n<p><em><strong>Foto: <\/strong><strong>Fhotos Flaqaa\u00a0<\/strong><\/em><\/p>\n<p><em><img loading=\"lazy\" decoding=\"async\" class=\"aligncenter wp-image-20488 size-full\" src=\"https:\/\/www.sportchaco.com.ar\/wp-content\/uploads\/2025\/06\/BANNER-WEB-CHACO-JUEGA_300x250.gif\" alt=\"\" width=\"626\" height=\"522\" \/><\/em><\/p>\n","protected":false},"excerpt":{"rendered":"<p>12-08-2025 Los dirigentes del ascenso de la Liga Chaque\u00f1a de F\u00fatbol establecieron d\u00edas y horarios para el desarrollo de la 18\u00aa fecha del torneo Oficial de la Primera B. La misma ir\u00e1 desde el viernes hasta el domingo. El l\u00edder del campeonato, Parque Patricios, abrir\u00e1 la jornada cuando reciba a V\u00e9lez en cancha de Villa &hellip;<\/p>\n","protected":false},"author":3,"featured_media":23580,"comment_status":"open","ping_status":"open","sticky":false,"template":"","format":"standard","meta":{"footnotes":""},"categories":[5],"tags":[],"class_list":["post-23579","post","type-post","status-publish","format-standard","has-post-thumbnail","hentry","category-futbol"],"_links":{"self":[{"href":"https:\/\/www.sportchaco.com.ar\/index.php?rest_route=\/wp\/v2\/posts\/23579","targetHints":{"allow":["GET"]}}],"collection":[{"href":"https:\/\/www.sportchaco.com.ar\/index.php?rest_route=\/wp\/v2\/posts"}],"about":[{"href":"https:\/\/www.sportchaco.com.ar\/index.php?rest_route=\/wp\/v2\/types\/post"}],"author":[{"embeddable":true,"href":"https:\/\/www.sportchaco.com.ar\/index.php?rest_route=\/wp\/v2\/users\/3"}],"replies":[{"embeddable":true,"href":"https:\/\/www.sportchaco.com.ar\/index.php?rest_route=%2Fwp%2Fv2%2Fcomments&post=23579"}],"version-history":[{"count":6,"href":"https:\/\/www.sportchaco.com.ar\/index.php?rest_route=\/wp\/v2\/posts\/23579\/revisions"}],"predecessor-version":[{"id":23670,"href":"https:\/\/www.sportchaco.com.ar\/index.php?rest_route=\/wp\/v2\/posts\/23579\/revisions\/23670"}],"wp:featuredmedia":[{"embeddable":true,"href":"https:\/\/www.sportchaco.com.ar\/index.php?rest_route=\/wp\/v2\/media\/23580"}],"wp:attachment":[{"href":"https:\/\/www.sportchaco.com.ar\/index.php?rest_route=%2Fwp%2Fv2%2Fmedia&parent=23579"}],"wp:term":[{"taxonomy":"category","embeddable":true,"href":"https:\/\/www.sportchaco.com.ar\/index.php?rest_route=%2Fwp%2Fv2%2Fcategories&post=23579"},{"taxonomy":"post_tag","embeddable":true,"href":"https:\/\/www.sportchaco.com.ar\/index.php?rest_route=%2Fwp%2Fv2%2Ftags&post=23579"}],"curies":[{"name":"wp","href":"https:\/\/api.w.org\/{rel}","templated":true}]}}