{"id":23582,"date":"2025-08-12T18:47:55","date_gmt":"2025-08-12T21:47:55","guid":{"rendered":"https:\/\/www.sportchaco.com.ar\/?p=23582"},"modified":"2025-08-12T19:07:00","modified_gmt":"2025-08-12T22:07:00","slug":"pre-federal-2025-hindu-suma-fichas-y-en-las-ultimas-horas-confirmo-el-regreso-de-mateo-didier","status":"publish","type":"post","link":"https:\/\/www.sportchaco.com.ar\/?p=23582","title":{"rendered":"Hind\u00fa suma fichas y en las \u00faltimas horas confirm\u00f3 el regreso de Mateo Didier"},"content":{"rendered":"<div id=\"right-content\" class=\"relative\">\n<div id=\"content-area\" class=\"left relative\">\n<div id=\"tps_slideContainer_28176\" class=\"theiaPostSlider_slides\">\n<p><strong>12-08-2025<\/strong><\/p>\n<p><img loading=\"lazy\" decoding=\"async\" class=\"aligncenter size-full wp-image-9640\" src=\"https:\/\/www.sportchaco.com.ar\/wp-content\/uploads\/2024\/05\/gob-obras-marzo-apaisado.gif\" alt=\"\" width=\"940\" height=\"90\" \/><\/p>\n<p>De cara al arranque del Pre \u2013 Federal 2025, el pr\u00f3ximo 15 de agosto, como as\u00ed tambi\u00e9n el Torneo Clausura de Resistencia, Hind\u00fa Club se encuentra trabajando para esta doble competencia y en las \u00faltimas horas confirm\u00f3 el regreso del alero perimetral Mateo Didier, quien ya defendi\u00f3 los colores del \u201cb\u00f3lido verde\u201d en 2024, siendo campe\u00f3n provincial.<\/p>\n<p><img loading=\"lazy\" decoding=\"async\" class=\"aligncenter\" src=\"https:\/\/baskettotal.com.ar\/wp-content\/uploads\/2025\/08\/DIDIER-488x600.jpeg\" alt=\"\" width=\"488\" height=\"600\" \/><\/p>\n<p>\u201cMi regreso al club significa una nueva oportunidad para crecer como jugador y como persona, ya que el plantel renovado trae aire fresco, nuevas ideas y un ambiente competitivo que quiero aprovechar al m\u00e1ximo\u201d, remarcando, \u201cquiero aprovechar al m\u00e1ximo para seguir desarroll\u00e1ndome y disfrutar del proceso\u201d, expres\u00f3 Mateo Didier, de 21 a\u00f1os de edad, que se desempe\u00f1a en la posici\u00f3n de alero y mide 1,93 metros.<\/p>\n<p><em><strong>Foto: Marcelo G\u00f3mez<\/strong><\/em><\/p>\n<p><img loading=\"lazy\" decoding=\"async\" class=\"aligncenter  wp-image-9571\" src=\"https:\/\/www.sportchaco.com.ar\/wp-content\/uploads\/2024\/05\/gob-salud-marzo-apaisado-2-1.gif\" alt=\"\" width=\"377\" height=\"377\" \/><\/p>\n<\/div>\n<\/div>\n<\/div>\n","protected":false},"excerpt":{"rendered":"<p>12-08-2025 De cara al arranque del Pre \u2013 Federal 2025, el pr\u00f3ximo 15 de agosto, como as\u00ed tambi\u00e9n el Torneo Clausura de Resistencia, Hind\u00fa Club se encuentra trabajando para esta doble competencia y en las \u00faltimas horas confirm\u00f3 el regreso del alero perimetral Mateo Didier, quien ya defendi\u00f3 los colores del \u201cb\u00f3lido verde\u201d en 2024, &hellip;<\/p>\n","protected":false},"author":2,"featured_media":23584,"comment_status":"open","ping_status":"open","sticky":false,"template":"","format":"standard","meta":{"footnotes":""},"categories":[3],"tags":[],"class_list":["post-23582","post","type-post","status-publish","format-standard","has-post-thumbnail","hentry","category-basquetbol"],"_links":{"self":[{"href":"https:\/\/www.sportchaco.com.ar\/index.php?rest_route=\/wp\/v2\/posts\/23582","targetHints":{"allow":["GET"]}}],"collection":[{"href":"https:\/\/www.sportchaco.com.ar\/index.php?rest_route=\/wp\/v2\/posts"}],"about":[{"href":"https:\/\/www.sportchaco.com.ar\/index.php?rest_route=\/wp\/v2\/types\/post"}],"author":[{"embeddable":true,"href":"https:\/\/www.sportchaco.com.ar\/index.php?rest_route=\/wp\/v2\/users\/2"}],"replies":[{"embeddable":true,"href":"https:\/\/www.sportchaco.com.ar\/index.php?rest_route=%2Fwp%2Fv2%2Fcomments&post=23582"}],"version-history":[{"count":3,"href":"https:\/\/www.sportchaco.com.ar\/index.php?rest_route=\/wp\/v2\/posts\/23582\/revisions"}],"predecessor-version":[{"id":23600,"href":"https:\/\/www.sportchaco.com.ar\/index.php?rest_route=\/wp\/v2\/posts\/23582\/revisions\/23600"}],"wp:featuredmedia":[{"embeddable":true,"href":"https:\/\/www.sportchaco.com.ar\/index.php?rest_route=\/wp\/v2\/media\/23584"}],"wp:attachment":[{"href":"https:\/\/www.sportchaco.com.ar\/index.php?rest_route=%2Fwp%2Fv2%2Fmedia&parent=23582"}],"wp:term":[{"taxonomy":"category","embeddable":true,"href":"https:\/\/www.sportchaco.com.ar\/index.php?rest_route=%2Fwp%2Fv2%2Fcategories&post=23582"},{"taxonomy":"post_tag","embeddable":true,"href":"https:\/\/www.sportchaco.com.ar\/index.php?rest_route=%2Fwp%2Fv2%2Ftags&post=23582"}],"curies":[{"name":"wp","href":"https:\/\/api.w.org\/{rel}","templated":true}]}}