{"id":23583,"date":"2025-08-12T18:57:03","date_gmt":"2025-08-12T21:57:03","guid":{"rendered":"https:\/\/www.sportchaco.com.ar\/?p=23583"},"modified":"2025-08-12T18:57:03","modified_gmt":"2025-08-12T21:57:03","slug":"se-realizo-la-3a-edicion-del-dia-del-nino-forevista","status":"publish","type":"post","link":"https:\/\/www.sportchaco.com.ar\/?p=23583","title":{"rendered":"Se realiz\u00f3 la 3\u00aa edici\u00f3n del D\u00eda del Ni\u00f1o Forevista"},"content":{"rendered":"<p><strong>12-08-2025<\/strong><\/p>\n<p><img loading=\"lazy\" decoding=\"async\" class=\"aligncenter size-full wp-image-20491\" src=\"https:\/\/www.sportchaco.com.ar\/wp-content\/uploads\/2025\/06\/PARQUE-SOLAR_720x90-01.gif\" alt=\"\" width=\"720\" height=\"90\" \/><\/p>\n<p>Este domingo, bajo un sol radiante, los peque\u00f1os forevistas disfrutaron de una tarde inolvidable: juegos, golosinas, risas y nuevos amigos que, estamos seguros, ser\u00e1n For Ever.<\/p>\n<p>Nuestro reconocimiento se extiende tambi\u00e9n a los medios de comunicaci\u00f3n que hicieron posible la difusi\u00f3n y llegada del evento a toda la comunidad, a la Polic\u00eda del Chaco por su colaboraci\u00f3n, y, por supuesto, a las familias que estuvieron detr\u00e1s, apoyando y haciendo posible la organizaci\u00f3n.<\/p>\n<p>Desde nuestro espacio de hinchas y socios de Chaco For Ever, comprometidos con el fortalecimiento de las bases de nuestra familia albinegra y del sentido de pertenencia que nos une, queremos expresar nuestro profundo agradecimiento a cada par, familia, amigo, emprendedor y marca que, un a\u00f1o m\u00e1s, confi\u00f3 en este proyecto que crece y se afianza aliment\u00e1ndose de la felicidad de nuestros ni\u00f1os y ni\u00f1as; expresaron desde ForEver+Social.<\/p>\n<p><img loading=\"lazy\" decoding=\"async\" class=\"aligncenter  wp-image-21791\" src=\"https:\/\/www.sportchaco.com.ar\/wp-content\/uploads\/2025\/07\/120x200.gif\" alt=\"\" width=\"279\" height=\"465\" \/><\/p>\n","protected":false},"excerpt":{"rendered":"<p>12-08-2025 Este domingo, bajo un sol radiante, los peque\u00f1os forevistas disfrutaron de una tarde inolvidable: juegos, golosinas, risas y nuevos amigos que, estamos seguros, ser\u00e1n For Ever. Nuestro reconocimiento se extiende tambi\u00e9n a los medios de comunicaci\u00f3n que hicieron posible la difusi\u00f3n y llegada del evento a toda la comunidad, a la Polic\u00eda del Chaco &hellip;<\/p>\n","protected":false},"author":3,"featured_media":23589,"comment_status":"open","ping_status":"open","sticky":false,"template":"","format":"standard","meta":{"footnotes":""},"categories":[44],"tags":[],"class_list":["post-23583","post","type-post","status-publish","format-standard","has-post-thumbnail","hentry","category-varios"],"_links":{"self":[{"href":"https:\/\/www.sportchaco.com.ar\/index.php?rest_route=\/wp\/v2\/posts\/23583","targetHints":{"allow":["GET"]}}],"collection":[{"href":"https:\/\/www.sportchaco.com.ar\/index.php?rest_route=\/wp\/v2\/posts"}],"about":[{"href":"https:\/\/www.sportchaco.com.ar\/index.php?rest_route=\/wp\/v2\/types\/post"}],"author":[{"embeddable":true,"href":"https:\/\/www.sportchaco.com.ar\/index.php?rest_route=\/wp\/v2\/users\/3"}],"replies":[{"embeddable":true,"href":"https:\/\/www.sportchaco.com.ar\/index.php?rest_route=%2Fwp%2Fv2%2Fcomments&post=23583"}],"version-history":[{"count":1,"href":"https:\/\/www.sportchaco.com.ar\/index.php?rest_route=\/wp\/v2\/posts\/23583\/revisions"}],"predecessor-version":[{"id":23594,"href":"https:\/\/www.sportchaco.com.ar\/index.php?rest_route=\/wp\/v2\/posts\/23583\/revisions\/23594"}],"wp:featuredmedia":[{"embeddable":true,"href":"https:\/\/www.sportchaco.com.ar\/index.php?rest_route=\/wp\/v2\/media\/23589"}],"wp:attachment":[{"href":"https:\/\/www.sportchaco.com.ar\/index.php?rest_route=%2Fwp%2Fv2%2Fmedia&parent=23583"}],"wp:term":[{"taxonomy":"category","embeddable":true,"href":"https:\/\/www.sportchaco.com.ar\/index.php?rest_route=%2Fwp%2Fv2%2Fcategories&post=23583"},{"taxonomy":"post_tag","embeddable":true,"href":"https:\/\/www.sportchaco.com.ar\/index.php?rest_route=%2Fwp%2Fv2%2Ftags&post=23583"}],"curies":[{"name":"wp","href":"https:\/\/api.w.org\/{rel}","templated":true}]}}