{"id":23592,"date":"2025-08-12T18:57:41","date_gmt":"2025-08-12T21:57:41","guid":{"rendered":"https:\/\/www.sportchaco.com.ar\/?p=23592"},"modified":"2025-08-12T19:49:42","modified_gmt":"2025-08-12T22:49:42","slug":"rugby-tres-saenzpenenses-convocadas-a-las-yaguarete","status":"publish","type":"post","link":"https:\/\/www.sportchaco.com.ar\/?p=23592","title":{"rendered":"Tres saenzpe\u00f1enses convocadas a las \u00abYaguaret\u00e9\u00bb"},"content":{"rendered":"<article id=\"post-50196\" class=\"post-50196 post type-post status-publish format-standard has-post-thumbnail hentry category-polideportivo category-rugby\">\n<header class=\"entry-header clearfix\">\n<h6 class=\"entry-title\">12-08-2025<\/h6>\n<\/header>\n<div class=\"entry-thumbnail\"><\/div>\n<div class=\"entry-content clearfix\">\n<p><img loading=\"lazy\" decoding=\"async\" class=\"aligncenter size-large wp-image-20161\" src=\"https:\/\/www.sportchaco.com.ar\/wp-content\/uploads\/2025\/06\/BANNER-WEB-CHACO-JUEGA_720x90-1024x128.gif\" alt=\"\" width=\"1024\" height=\"128\" srcset=\"https:\/\/www.sportchaco.com.ar\/wp-content\/uploads\/2025\/06\/BANNER-WEB-CHACO-JUEGA_720x90-1024x128.gif 1024w, https:\/\/www.sportchaco.com.ar\/wp-content\/uploads\/2025\/06\/BANNER-WEB-CHACO-JUEGA_720x90-300x38.gif 300w, https:\/\/www.sportchaco.com.ar\/wp-content\/uploads\/2025\/06\/BANNER-WEB-CHACO-JUEGA_720x90-768x96.gif 768w\" sizes=\"auto, (max-width: 1024px) 100vw, 1024px\" \/><\/p>\n<p>Las tres jugadoras de Las \u00c1guilas Rugby Club fueron ratificadas por el cuerpo t\u00e9cnico albicelestes por el nivel que vienen teniendo, y recibieron una vez m\u00e1s la convocatoria para integrar los seleccionados argentinos en la modalidad seven, en el marco de la preparaci\u00f3n que encaran en el predio de Casa Puma, en Buenos Aires, para los compromisos futuros.<\/p>\n<p><img loading=\"lazy\" decoding=\"async\" class=\"attachment-content-single size-content-single wp-post-image\" src=\"https:\/\/www.ecodeportivo.com.ar\/img\/2025\/08\/cristal-talia-zaira1-777x437.jpg\" sizes=\"auto, (max-width: 777px) 100vw, 777px\" srcset=\"https:\/\/www.ecodeportivo.com.ar\/img\/2025\/08\/cristal-talia-zaira1-777x437.jpg 777w, https:\/\/www.ecodeportivo.com.ar\/img\/2025\/08\/cristal-talia-zaira1-300x168.jpg 300w, https:\/\/www.ecodeportivo.com.ar\/img\/2025\/08\/cristal-talia-zaira1-1024x574.jpg 1024w, https:\/\/www.ecodeportivo.com.ar\/img\/2025\/08\/cristal-talia-zaira1-180x101.jpg 180w, https:\/\/www.ecodeportivo.com.ar\/img\/2025\/08\/cristal-talia-zaira1-260x146.jpg 260w, https:\/\/www.ecodeportivo.com.ar\/img\/2025\/08\/cristal-talia-zaira1-373x210.jpg 373w, https:\/\/www.ecodeportivo.com.ar\/img\/2025\/08\/cristal-talia-zaira1-120x67.jpg 120w\" alt=\"\" width=\"777\" height=\"437\" \/><\/p>\n<p>En el seleccionado mayor se hallan Cristal Escalante y Talia Rodich, que dese el domingo y hasta ma\u00f1ana estar\u00e1n a las \u00f3rdenes de los entrenadores para consolidar el gran trabajo que se viene realizando en el rugby femenino de nuestro pa\u00eds; mientras que Zaira Gonz\u00e1lez se halla en el combinado juvenil que competir\u00e1 en los Juegos Panamericanos Juniors de Asunci\u00f3n.<\/p>\n<div id=\"attachment_50198\" class=\"wp-caption alignnone\">\n<p><a href=\"https:\/\/www.ecodeportivo.com.ar\/img\/2025\/08\/cristal-talia-zaira.jpg\"><img loading=\"lazy\" decoding=\"async\" class=\"wp-image-50198 size-full\" src=\"https:\/\/www.ecodeportivo.com.ar\/img\/2025\/08\/cristal-talia-zaira.jpg\" sizes=\"auto, (max-width: 1260px) 100vw, 1260px\" srcset=\"https:\/\/www.ecodeportivo.com.ar\/img\/2025\/08\/cristal-talia-zaira.jpg 1260w, https:\/\/www.ecodeportivo.com.ar\/img\/2025\/08\/cristal-talia-zaira-300x180.jpg 300w, https:\/\/www.ecodeportivo.com.ar\/img\/2025\/08\/cristal-talia-zaira-1024x614.jpg 1024w, https:\/\/www.ecodeportivo.com.ar\/img\/2025\/08\/cristal-talia-zaira-768x461.jpg 768w\" alt=\"\" width=\"1260\" height=\"756\" aria-describedby=\"caption-attachment-50198\" \/><\/a><\/p>\n<p id=\"caption-attachment-50198\" class=\"wp-caption-text\">Cristal Escalante y Talia Rodich (mayores), adem\u00e1s de Zaira Gonz\u00e1lez (juveniles) fueron convocadas para las Yaguaret\u00e9s<\/p>\n<\/div>\n<p><strong>\u00a0El plantel mayor<br \/>\n<\/strong>Adem\u00e1s de Talia Rodich y Cristal Escalante, fueron convocadas para la selecci\u00f3n mayor Nahir Arga\u00f1araz y Andrea Moreno (Aguar\u00e1 Guaz\u00fa, Tucum\u00e1n), Julieta Arroyo (Caranchos), Dolores Berti (Universitario, C\u00f3rdoba), Virginia Br\u00edgido (C\u00f3rdoba Athletic), Carolina Charamone y Roc\u00edo Osorio (La Plata RC), Antonella Crosetto, Clarise Krauss y Araceli Oviedo (Club Tabor\u00edn, C\u00f3rdoba).<\/p>\n<p>Tambi\u00e9n integran la n\u00f3mina Candela Delgado, Azul Medina y Teresa Romero (Cardenales, Tucum\u00e1n), Sof\u00eda Gonz\u00e1lez (Casa de Padua, URBA), Milagros Lecuona (Centro Naval, URBA), Guadalupe Palero (Universitario, Cuyo), Paula Pedrozo (La Salle, URBA), Atonella Reding (Ecuag\u00fce, Entre R\u00edos) y Mar\u00eda Taladrid (La Plata RC, URBA).<\/p>\n<p><img loading=\"lazy\" decoding=\"async\" class=\"aligncenter size-large wp-image-17160\" src=\"https:\/\/www.sportchaco.com.ar\/wp-content\/uploads\/2025\/03\/gob-makalle-821x1024.jpg\" alt=\"\" width=\"821\" height=\"1024\" srcset=\"https:\/\/www.sportchaco.com.ar\/wp-content\/uploads\/2025\/03\/gob-makalle-821x1024.jpg 821w, https:\/\/www.sportchaco.com.ar\/wp-content\/uploads\/2025\/03\/gob-makalle-240x300.jpg 240w, https:\/\/www.sportchaco.com.ar\/wp-content\/uploads\/2025\/03\/gob-makalle-768x958.jpg 768w, https:\/\/www.sportchaco.com.ar\/wp-content\/uploads\/2025\/03\/gob-makalle-1231x1536.jpg 1231w, https:\/\/www.sportchaco.com.ar\/wp-content\/uploads\/2025\/03\/gob-makalle.jpg 1440w\" sizes=\"auto, (max-width: 821px) 100vw, 821px\" \/><\/p>\n<\/div>\n<\/article>\n","protected":false},"excerpt":{"rendered":"<p>12-08-2025 Las tres jugadoras de Las \u00c1guilas Rugby Club fueron ratificadas por el cuerpo t\u00e9cnico albicelestes por el nivel que vienen teniendo, y recibieron una vez m\u00e1s la convocatoria para integrar los seleccionados argentinos en la modalidad seven, en el marco de la preparaci\u00f3n que encaran en el predio de Casa Puma, en Buenos Aires, &hellip;<\/p>\n","protected":false},"author":2,"featured_media":23593,"comment_status":"open","ping_status":"open","sticky":false,"template":"","format":"standard","meta":{"footnotes":""},"categories":[7],"tags":[],"class_list":["post-23592","post","type-post","status-publish","format-standard","has-post-thumbnail","hentry","category-rugby"],"_links":{"self":[{"href":"https:\/\/www.sportchaco.com.ar\/index.php?rest_route=\/wp\/v2\/posts\/23592","targetHints":{"allow":["GET"]}}],"collection":[{"href":"https:\/\/www.sportchaco.com.ar\/index.php?rest_route=\/wp\/v2\/posts"}],"about":[{"href":"https:\/\/www.sportchaco.com.ar\/index.php?rest_route=\/wp\/v2\/types\/post"}],"author":[{"embeddable":true,"href":"https:\/\/www.sportchaco.com.ar\/index.php?rest_route=\/wp\/v2\/users\/2"}],"replies":[{"embeddable":true,"href":"https:\/\/www.sportchaco.com.ar\/index.php?rest_route=%2Fwp%2Fv2%2Fcomments&post=23592"}],"version-history":[{"count":3,"href":"https:\/\/www.sportchaco.com.ar\/index.php?rest_route=\/wp\/v2\/posts\/23592\/revisions"}],"predecessor-version":[{"id":23610,"href":"https:\/\/www.sportchaco.com.ar\/index.php?rest_route=\/wp\/v2\/posts\/23592\/revisions\/23610"}],"wp:featuredmedia":[{"embeddable":true,"href":"https:\/\/www.sportchaco.com.ar\/index.php?rest_route=\/wp\/v2\/media\/23593"}],"wp:attachment":[{"href":"https:\/\/www.sportchaco.com.ar\/index.php?rest_route=%2Fwp%2Fv2%2Fmedia&parent=23592"}],"wp:term":[{"taxonomy":"category","embeddable":true,"href":"https:\/\/www.sportchaco.com.ar\/index.php?rest_route=%2Fwp%2Fv2%2Fcategories&post=23592"},{"taxonomy":"post_tag","embeddable":true,"href":"https:\/\/www.sportchaco.com.ar\/index.php?rest_route=%2Fwp%2Fv2%2Ftags&post=23592"}],"curies":[{"name":"wp","href":"https:\/\/api.w.org\/{rel}","templated":true}]}}