{"id":23597,"date":"2025-08-12T19:12:05","date_gmt":"2025-08-12T22:12:05","guid":{"rendered":"https:\/\/www.sportchaco.com.ar\/?p=23597"},"modified":"2025-08-12T19:14:25","modified_gmt":"2025-08-12T22:14:25","slug":"todo-a-nuevo-en-charata-para-el-zonal","status":"publish","type":"post","link":"https:\/\/www.sportchaco.com.ar\/?p=23597","title":{"rendered":"Todo a nuevo en Charata para el Zonal"},"content":{"rendered":"<header class=\"entry-header clearfix\">\n<h6 class=\"entry-title\">12-08-2025<\/h6>\n<\/header>\n<div class=\"xdj266r x14z9mp xat24cr x1lziwak x1vvkbs x126k92a\">\n<h6 dir=\"auto\">Luego de m\u00e1s de diez a\u00f1os sin actividad, Charata volver\u00e1 a vibrar con el rugir de los motores. La Federaci\u00f3n Chaque\u00f1a de Automovilismo Deportivo, confirm\u00f3 que el s\u00e1bado y domingo se correr\u00e1 la tercera fecha del calendario del Zonal. El evento reunir\u00e1 a casi 50 pilotos en las categor\u00edas Clase Uno, Clase Dos y TC Chaque\u00f1o. Con importantes mejoras en infraestructura y grandes expectativas de p\u00fablico, la competencia promete ser una verdadera fiesta del deporte motor en el sudoeste chaque\u00f1o.<\/h6>\n<\/div>\n<div class=\"x14z9mp xat24cr x1lziwak x1vvkbs xtlvy1s x126k92a\">\n<div dir=\"auto\"><\/div>\n<\/div>\n<div class=\"entry-thumbnail\"><img loading=\"lazy\" decoding=\"async\" class=\"attachment-content-single size-content-single wp-post-image\" src=\"https:\/\/www.ecodeportivo.com.ar\/img\/2025\/07\/charata-circuito-777x437.jpg\" sizes=\"auto, (max-width: 777px) 100vw, 777px\" srcset=\"https:\/\/www.ecodeportivo.com.ar\/img\/2025\/07\/charata-circuito-777x437.jpg 777w, https:\/\/www.ecodeportivo.com.ar\/img\/2025\/07\/charata-circuito-180x101.jpg 180w, https:\/\/www.ecodeportivo.com.ar\/img\/2025\/07\/charata-circuito-260x146.jpg 260w, https:\/\/www.ecodeportivo.com.ar\/img\/2025\/07\/charata-circuito-373x210.jpg 373w, https:\/\/www.ecodeportivo.com.ar\/img\/2025\/07\/charata-circuito-120x67.jpg 120w\" alt=\"\" width=\"777\" height=\"437\" \/><\/div>\n<div class=\"entry-content clearfix\">\n<p>&nbsp;<\/p>\n<p>&nbsp;<\/p>\n<p>Charata volver\u00e1 al ruedo con el Campeonato Zonal de Automovilismo. La reinauguraci\u00f3n ser\u00e1 el 16 y 17 de agosto con la tercera fecha del calendario fiscalizado por la Federaci\u00f3n Chaque\u00f1a de Automovilismo Deportivo. La dirigencia trabaja en todos los detalles con la finalidad de presentar un predio \u00f3ptimo para cada protagonista.<\/p>\n<p><img decoding=\"async\" src=\"https:\/\/scontent.fcnq2-2.fna.fbcdn.net\/v\/t39.30808-6\/530243863_10231729344197219_7071358748863958515_n.jpg?stp=dst-jpg_p180x540_tt6&amp;_nc_cat=104&amp;ccb=1-7&amp;_nc_sid=aa7b47&amp;_nc_eui2=AeGSqo1shbQMlPZSRdtj7iXz4BCX_ZAlQa7gEJf9kCVBrmkdBxyza3_fFhBuq1adoXQ&amp;_nc_ohc=iIwUfSapCfcQ7kNvwGnwNax&amp;_nc_oc=Adm-SVpzf5aMNKgFtEYV0QQGfDXwNCvWs10BwnesLhtFJmWYC2EvWTQGK40sw7k-cB8&amp;_nc_zt=23&amp;_nc_ht=scontent.fcnq2-2.fna&amp;_nc_gid=qOuFh75_tso_zeKpdhDEag&amp;oh=00_AfXcDfKT1vP_J7gUi6y3M1OKFT9wC_CKtgtjuuJnI2lL3g&amp;oe=68A18356\" alt=\"Puede ser una imagen de 1 persona, veh\u00edculo todoterreno y texto que dice &quot;El Gringo Dlonlsl, Antonlo Jelnlcky Coco Gomez Luna equipo ponen Charata Chaco en lo m\u00e1s alto. \u7f8e\u7f8e\u795e\u7406 Circuito panor\u00e1mico AUTO CLUB Enrique C\u00e1ndido Dinisi JUMAAGRICOT ENRIQUE CANDIDO DIONISI CAMPEON 1980 F\u00d3RMULA CHAQUENA EQUIPO&quot; ECHO COMPETICION&quot;. COMPET TICION&quot;- Preparador! Lconardo &quot;C\u03ac&quot; Gomez Luna HISTORIA Y PASION \u179f\u1792\u1793\u17b7 ECHO MTDCUE EI Enrique C\u00e1ndida Dionisi \u307b \u65b0\u91cd\u653f\u8005 e EnriqueCindiduDionisi-1010s\/1972 Candida Dionisi \u202210\/09\/1972 \uc11d\uc218 RAUTODROMO NRIQUEGringoDIOMS\/)&quot;\" \/><\/p>\n<\/div>\n<p><strong class=\"html-strong xdj266r x14z9mp xat24cr x1lziwak xexx8yu xyri2b x18d9i69 x1c1uobl x1hl2dhg x16tdsg8 x1vvkbs x1s688f\">Merecido reconocimiento a su historia deportiva para Enrique C\u00e1ndido \u201cEl Gringo\u201d Dionisi, quien escribiera grandes p\u00e1ginas de aquel glorioso Zonal 7. El Circuito Panor\u00e1mico del Charata Auto Club, llevar\u00e1 su nombre para siempre en la reinauguraci\u00f3n los d\u00edas 16 y 17 de Agosto, fecha por el campeonato zonal de automovilismo. Colagge de Julio Carauni<\/strong><\/p>\n<div class=\"entry-content clearfix\">\n<p>En di\u00e1logo con\u00a0<strong>Eco Deportivo Radio<\/strong>, el presidente del Charata Auto Club, Felipe Cavallaro, manifest\u00f3 que hace m\u00e1s de un mes que est\u00e1n trabajando en el circuito, y que en ese lapso los experimentados pilotos Nelson Frontalini y Alexis Mochen los acompa\u00f1aron y midieron una extensi\u00f3n de 3.400 metros, con 14 metros de ancho.<\/p>\n<p>Seg\u00fan inform\u00f3 el dirigente, la largada ser\u00e1 en la recta que tiene 700 metros y est\u00e1 ubicada frente a boxes, y en tal sentido manifest\u00f3 que ser\u00e1n vueltas menos en todas las categor\u00edas para las competencias y eso se lo va a presentar en el R.P.P. a la Federaci\u00f3n.<\/p>\n<p><a href=\"https:\/\/www.ecodeportivo.com.ar\/img\/2025\/07\/cavallaro-felipe.jpg\"><img loading=\"lazy\" decoding=\"async\" class=\"alignnone size-full wp-image-49852\" src=\"https:\/\/www.ecodeportivo.com.ar\/img\/2025\/07\/cavallaro-felipe.jpg\" sizes=\"auto, (max-width: 1260px) 100vw, 1260px\" srcset=\"https:\/\/www.ecodeportivo.com.ar\/img\/2025\/07\/cavallaro-felipe.jpg 1260w, https:\/\/www.ecodeportivo.com.ar\/img\/2025\/07\/cavallaro-felipe-300x180.jpg 300w, https:\/\/www.ecodeportivo.com.ar\/img\/2025\/07\/cavallaro-felipe-1024x614.jpg 1024w, https:\/\/www.ecodeportivo.com.ar\/img\/2025\/07\/cavallaro-felipe-768x461.jpg 768w\" alt=\"\" width=\"1260\" height=\"756\" \/><\/a><\/p>\n<p>En cuanto a la continuidad del calendario del Zonal opin\u00f3 que tambi\u00e9n organizar\u00e1n la cuarta fecha, y que la intenci\u00f3n es hacer el cierre del campeonato para octubre, teniendo en cuenta que es el mes de los festejos del aniversario de la ciudad.<\/p>\n<p>Sobre los trabajos que se realizaron en parque cerrado enumer\u00f3 que \u201cse colocaron containers de doce metros de largo, con dos metros y medio aproximadamente de ancho para reuni\u00f3n de pilotos, un primer piso para prensa y un segundo para cronometraje y la deportiva\u201d.<\/p>\n<p>\u201cAdem\u00e1s dos containers m\u00e1s para ba\u00f1os de damas y caballeros y uno para la cantina. Hemos constru\u00eddo un galp\u00f3n de doce metros por doce metros, con piso de cemento y bancos para la parte t\u00e9cnica. All\u00ed se van a desarmar los motores. Todo con luces led\u201d, precis\u00f3 el titular del club organizador.<\/p>\n<p><a href=\"https:\/\/www.ecodeportivo.com.ar\/img\/2025\/07\/containers-charata.jpg\"><img loading=\"lazy\" decoding=\"async\" class=\"alignnone size-full wp-image-49856\" src=\"https:\/\/www.ecodeportivo.com.ar\/img\/2025\/07\/containers-charata.jpg\" sizes=\"auto, (max-width: 1260px) 100vw, 1260px\" srcset=\"https:\/\/www.ecodeportivo.com.ar\/img\/2025\/07\/containers-charata.jpg 1260w, https:\/\/www.ecodeportivo.com.ar\/img\/2025\/07\/containers-charata-300x195.jpg 300w, https:\/\/www.ecodeportivo.com.ar\/img\/2025\/07\/containers-charata-1024x666.jpg 1024w, https:\/\/www.ecodeportivo.com.ar\/img\/2025\/07\/containers-charata-768x499.jpg 768w\" alt=\"\" width=\"1260\" height=\"819\" \/><\/a><\/p>\n<p>En referencia a la probabilidad de poder girar en el circuito, coment\u00f3 que la idea es para fines de julio o la primera semana de agosto poder habilitar la pista con todos los requisitos obligatorios y permitir a los pilotos que vayan a probar sus m\u00e1quinas.<\/p>\n<p>\u201cEn Charata contamos con siete Fiat 128, Daniel Salas que va estar en la Clase 1, en la categor\u00eda TC Chaque\u00f1o habr\u00e1 cinco pilotos locales, estar\u00eda retornando Alexis Moschen y \u201cManzanita\u201d Joglar\u201d, adelant\u00f3 Cavallaro sobre los corredores que podr\u00edan sumarse para la reinauguraci\u00f3n del hist\u00f3rico trazado de la Perla del Oeste.<\/p>\n<p><a href=\"https:\/\/www.ecodeportivo.com.ar\/img\/2025\/07\/cabinas-charata.jpg\"><img loading=\"lazy\" decoding=\"async\" class=\"alignnone size-full wp-image-49855\" src=\"https:\/\/www.ecodeportivo.com.ar\/img\/2025\/07\/cabinas-charata.jpg\" sizes=\"auto, (max-width: 1260px) 100vw, 1260px\" srcset=\"https:\/\/www.ecodeportivo.com.ar\/img\/2025\/07\/cabinas-charata.jpg 1260w, https:\/\/www.ecodeportivo.com.ar\/img\/2025\/07\/cabinas-charata-300x180.jpg 300w, https:\/\/www.ecodeportivo.com.ar\/img\/2025\/07\/cabinas-charata-1024x614.jpg 1024w, https:\/\/www.ecodeportivo.com.ar\/img\/2025\/07\/cabinas-charata-768x461.jpg 768w\" alt=\"\" width=\"1260\" height=\"756\" \/><\/a><\/p>\n<p><strong>\u00a0 El pavimento, pr\u00f3ximo objetivo<\/strong><\/p>\n<p>El presidente del Charata Auto Club destac\u00f3 que \u201cse est\u00e1 trabajando para que a futuro se pueda pavimentar\u201d, y en tal sentido inform\u00f3 que \u201cse coordin\u00f3 con Vialidad Provincial para que nos haga el nivel del suelo y con aportes de la provincia y capitales privados tener concretada esa obra\u201d.<\/p>\n<p>\u201cEstamos trabajando con todo para en un futuro poder tener el asfalto. Charata tiene mucha gente fierrera y que colabora. Estoy muy agradecido con ellos\u201d, dijo en un alto de su tarea para que el automovilismo zonal recupere una plaza importante luego de un tiempo prudencial de ausencia.<\/p>\n<p>Se viene el tercer cap\u00edtulo del 2025. Ser\u00e1 en el sudoeste chaque\u00f1o en d\u00f3nde la adrenalina estar\u00e1 en el circuito de mayor extensi\u00f3n que tendr\u00e1 en la actualidad el automovilismo regional. Pasaron 14 a\u00f1os, pero la pasi\u00f3n sigue intacta.<\/p>\n<p><a href=\"https:\/\/www.ecodeportivo.com.ar\/img\/2025\/07\/charata-nocturno.jpg\"><img loading=\"lazy\" decoding=\"async\" class=\"alignnone size-full wp-image-49854\" src=\"https:\/\/www.ecodeportivo.com.ar\/img\/2025\/07\/charata-nocturno.jpg\" sizes=\"auto, (max-width: 1260px) 100vw, 1260px\" srcset=\"https:\/\/www.ecodeportivo.com.ar\/img\/2025\/07\/charata-nocturno.jpg 1260w, https:\/\/www.ecodeportivo.com.ar\/img\/2025\/07\/charata-nocturno-300x180.jpg 300w, https:\/\/www.ecodeportivo.com.ar\/img\/2025\/07\/charata-nocturno-1024x614.jpg 1024w, https:\/\/www.ecodeportivo.com.ar\/img\/2025\/07\/charata-nocturno-768x461.jpg 768w\" alt=\"\" width=\"1260\" height=\"756\" \/><\/a><\/p>\n<p><strong>CARLOS GOMEZ LUNA<\/strong><\/p>\n<p>Pasaron 14 a\u00f1os para volver a este lugar que nos d\u00eda tantas satisfacciones y ya desde el a\u00f1o\u00a0 pasado con un grupo de amigos decidimos volver a intentarlo y es as\u00ed son los sue\u00f1os que se cristalizan en una realidad hermosa\u201d, resumi\u00f3 Carlos G\u00f3mez Luna.<\/p>\n<div>\n<div>\n<p>Sobre el circuito dijo que\u00a0 \u00a0\u201cAc\u00e1 se ha cambiado todo el dibujo, se ha hecho un trazado mucho m\u00e1s largo, hoy\u00a0 estamos entre los 2200 y 2300 metros. Es m\u00e1s r\u00e1pido, va a desarrollar una velocidad mayor que la anterior, y entonces estamos trrabjandop mucho con el temas de seguridad m\u00e1s que nada.<\/p>\n<div>\n<div>\n<p>Las instalaciones, est\u00e1n hechas a nivel nacional, todas las medidas de Parque Cerrado, la parte de comisario deportivo, prensa, secretar\u00eda, ba\u00f1os instalados en container para damas, separado para hombres, es decir,\u00a0 iluminaci\u00f3n para la noche, cosa que la gente que se queda ac\u00e1 para pernoctar va a tener iluminaci\u00f3n tambi\u00e9n en todos los boxes.\u201d, detall\u00f3 que se ha construido un cerco perimetral, que es de resguardo, \u201cpero que no hemos logrado terminar, es decir, hemos hecho toda una parte porque la idea es que como est\u00e1 hecho el circuito, podamos girar para los dos lados.<\/p>\n<div>\n<div>\n<p>Ahora vamos a girar en sentido contrario del reloj en esta oportunidad, porque nos falta hacer unos 60 metros m\u00e1s o menos de tapial para seguridad.<\/p>\n<div>\n<p>Hay muchas novedades que en el paso de los d\u00edas iremos dando a conocer o la gente misma que se llegue hasta el aut\u00f3dromo se dar\u00e1 cuenta de que estamos a plenos y las actividades no paran\u201d.<\/p>\n<div>\n<div>\n<p>Pronto, se realizar\u00e1, en un acto oficial el nombramiento \u201cmuy merecido, de alguien que hizo mucho por nuestro automovilismo, un justo reconocimiento al \u201cGringo\u201d Enrique Candido Dionisi.<\/p>\n<div>\n<div>Un hist\u00f3rico en ese este deporte alguien que fue mi compa\u00f1ero cuando corr\u00eda en la Formula Renault, un tipazo, un emblema al paso de los tiempos\u201d, destac\u00f3<\/div>\n<\/div>\n<\/div>\n<\/div>\n<\/div>\n<\/div>\n<\/div>\n<\/div>\n<\/div>\n<\/div>\n<\/div>\n<\/div>\n","protected":false},"excerpt":{"rendered":"<p>12-08-2025 Luego de m\u00e1s de diez a\u00f1os sin actividad, Charata volver\u00e1 a vibrar con el rugir de los motores. La Federaci\u00f3n Chaque\u00f1a de Automovilismo Deportivo, confirm\u00f3 que el s\u00e1bado y domingo se correr\u00e1 la tercera fecha del calendario del Zonal. El evento reunir\u00e1 a casi 50 pilotos en las categor\u00edas Clase Uno, Clase Dos y &hellip;<\/p>\n","protected":false},"author":2,"featured_media":23599,"comment_status":"open","ping_status":"open","sticky":false,"template":"","format":"standard","meta":{"footnotes":""},"categories":[2],"tags":[],"class_list":["post-23597","post","type-post","status-publish","format-standard","has-post-thumbnail","hentry","category-automovilismo"],"_links":{"self":[{"href":"https:\/\/www.sportchaco.com.ar\/index.php?rest_route=\/wp\/v2\/posts\/23597","targetHints":{"allow":["GET"]}}],"collection":[{"href":"https:\/\/www.sportchaco.com.ar\/index.php?rest_route=\/wp\/v2\/posts"}],"about":[{"href":"https:\/\/www.sportchaco.com.ar\/index.php?rest_route=\/wp\/v2\/types\/post"}],"author":[{"embeddable":true,"href":"https:\/\/www.sportchaco.com.ar\/index.php?rest_route=\/wp\/v2\/users\/2"}],"replies":[{"embeddable":true,"href":"https:\/\/www.sportchaco.com.ar\/index.php?rest_route=%2Fwp%2Fv2%2Fcomments&post=23597"}],"version-history":[{"count":3,"href":"https:\/\/www.sportchaco.com.ar\/index.php?rest_route=\/wp\/v2\/posts\/23597\/revisions"}],"predecessor-version":[{"id":23603,"href":"https:\/\/www.sportchaco.com.ar\/index.php?rest_route=\/wp\/v2\/posts\/23597\/revisions\/23603"}],"wp:featuredmedia":[{"embeddable":true,"href":"https:\/\/www.sportchaco.com.ar\/index.php?rest_route=\/wp\/v2\/media\/23599"}],"wp:attachment":[{"href":"https:\/\/www.sportchaco.com.ar\/index.php?rest_route=%2Fwp%2Fv2%2Fmedia&parent=23597"}],"wp:term":[{"taxonomy":"category","embeddable":true,"href":"https:\/\/www.sportchaco.com.ar\/index.php?rest_route=%2Fwp%2Fv2%2Fcategories&post=23597"},{"taxonomy":"post_tag","embeddable":true,"href":"https:\/\/www.sportchaco.com.ar\/index.php?rest_route=%2Fwp%2Fv2%2Ftags&post=23597"}],"curies":[{"name":"wp","href":"https:\/\/api.w.org\/{rel}","templated":true}]}}