{"id":23612,"date":"2025-08-12T21:47:55","date_gmt":"2025-08-13T00:47:55","guid":{"rendered":"https:\/\/www.sportchaco.com.ar\/?p=23612"},"modified":"2025-08-12T22:26:56","modified_gmt":"2025-08-13T01:26:56","slug":"record-de-velocidad-en-bicicleta","status":"publish","type":"post","link":"https:\/\/www.sportchaco.com.ar\/?p=23612","title":{"rendered":"R\u00e9cord de velocidad en bicicleta"},"content":{"rendered":"<p><em>En 1961, el ciclista franc\u00e9s ya hab\u00eda superado su marca de 175,609 km\/h establecida diez a\u00f1os antes, logrando un r\u00e9cord de 186,625 km\/h. Sin embargo, Meiffret quer\u00eda m\u00e1s y pas\u00f3 todo el invierno modificando su bicicleta para superar la barrera de los 200 km\/h.<\/em><\/p>\n<p><em>\u00a0<\/em><\/p>\n<p><em>La bici era de construcci\u00f3n propia, con cuadro reforzado y llantas de madera, impulsada por un plato delantero gigante de 175 dientes y un pi\u00f1\u00f3n de 17 dientes en la rueda trasera. Esta relaci\u00f3n de engranajes le permit\u00eda recorrer 16 metros con un solo giro de los pedales.<\/em><\/p>\n<p><em>\u00a0<\/em><\/p>\n<p><em>Para lograr el r\u00e9cord, nuestro intr\u00e9pido ciclista necesitar\u00eda luchar contra el la resistencia aerodin\u00e1mica, por lo que se decidi\u00f3 a usar un coche para generara el rebufo necesario para establecer la nueva marca. No ser\u00eda cualquier coche, sino uno a la altura del r\u00e9cord que estaba a punto de batirse, el Mercedes-Benz 300 SL \u2018Gullwing\u2019\u00a0<\/em><\/p>\n<p><em>\u00a0<\/em><\/p>\n<p><em>Afortunadamente, esta historia tiene un final feliz, ya que el ciclista franc\u00e9s pudo establecer el r\u00e9cord de velocidad. Con la fuerza de sus piernas, Me<\/em><\/p>\n","protected":false},"excerpt":{"rendered":"<p>En 1961, el ciclista franc\u00e9s ya hab\u00eda superado su marca de 175,609 km\/h establecida diez a\u00f1os antes, logrando un r\u00e9cord de 186,625 km\/h. Sin embargo, Meiffret quer\u00eda m\u00e1s y pas\u00f3 todo el invierno modificando su bicicleta para superar la barrera de los 200 km\/h. \u00a0 La bici era de construcci\u00f3n propia, con cuadro reforzado y &hellip;<\/p>\n","protected":false},"author":2,"featured_media":23615,"comment_status":"open","ping_status":"open","sticky":false,"template":"","format":"standard","meta":{"footnotes":""},"categories":[51],"tags":[],"class_list":["post-23612","post","type-post","status-publish","format-standard","has-post-thumbnail","hentry","category-ciclismo"],"_links":{"self":[{"href":"https:\/\/www.sportchaco.com.ar\/index.php?rest_route=\/wp\/v2\/posts\/23612","targetHints":{"allow":["GET"]}}],"collection":[{"href":"https:\/\/www.sportchaco.com.ar\/index.php?rest_route=\/wp\/v2\/posts"}],"about":[{"href":"https:\/\/www.sportchaco.com.ar\/index.php?rest_route=\/wp\/v2\/types\/post"}],"author":[{"embeddable":true,"href":"https:\/\/www.sportchaco.com.ar\/index.php?rest_route=\/wp\/v2\/users\/2"}],"replies":[{"embeddable":true,"href":"https:\/\/www.sportchaco.com.ar\/index.php?rest_route=%2Fwp%2Fv2%2Fcomments&post=23612"}],"version-history":[{"count":1,"href":"https:\/\/www.sportchaco.com.ar\/index.php?rest_route=\/wp\/v2\/posts\/23612\/revisions"}],"predecessor-version":[{"id":23613,"href":"https:\/\/www.sportchaco.com.ar\/index.php?rest_route=\/wp\/v2\/posts\/23612\/revisions\/23613"}],"wp:featuredmedia":[{"embeddable":true,"href":"https:\/\/www.sportchaco.com.ar\/index.php?rest_route=\/wp\/v2\/media\/23615"}],"wp:attachment":[{"href":"https:\/\/www.sportchaco.com.ar\/index.php?rest_route=%2Fwp%2Fv2%2Fmedia&parent=23612"}],"wp:term":[{"taxonomy":"category","embeddable":true,"href":"https:\/\/www.sportchaco.com.ar\/index.php?rest_route=%2Fwp%2Fv2%2Fcategories&post=23612"},{"taxonomy":"post_tag","embeddable":true,"href":"https:\/\/www.sportchaco.com.ar\/index.php?rest_route=%2Fwp%2Fv2%2Ftags&post=23612"}],"curies":[{"name":"wp","href":"https:\/\/api.w.org\/{rel}","templated":true}]}}