{"id":23616,"date":"2025-08-12T22:33:08","date_gmt":"2025-08-13T01:33:08","guid":{"rendered":"https:\/\/www.sportchaco.com.ar\/?p=23616"},"modified":"2025-08-13T07:11:16","modified_gmt":"2025-08-13T10:11:16","slug":"pre-federal-2025-a-regatas-llego-maglier-y-volvio-hoferek","status":"publish","type":"post","link":"https:\/\/www.sportchaco.com.ar\/?p=23616","title":{"rendered":"Regatas sum\u00f3 a Maglier y volvi\u00f3 Hoferek"},"content":{"rendered":"<article class=\"post-28184 post type-post status-publish format-standard has-post-thumbnail hentry category-provinciales tag-portada\">\n<div id=\"post-content-wrapper\" class=\"relative\">\n<div id=\"post-area\" class=\"left relative\">\n<h6 class=\"story-title entry-title\">12-08-2025<\/h6>\n<h6><img loading=\"lazy\" decoding=\"async\" class=\"aligncenter size-large wp-image-6730\" src=\"https:\/\/www.sportchaco.com.ar\/wp-content\/uploads\/2024\/03\/aviso-colegios-acostado-1-1024x171.jpg\" alt=\"\" width=\"1024\" height=\"171\" srcset=\"https:\/\/www.sportchaco.com.ar\/wp-content\/uploads\/2024\/03\/aviso-colegios-acostado-1-1024x171.jpg 1024w, https:\/\/www.sportchaco.com.ar\/wp-content\/uploads\/2024\/03\/aviso-colegios-acostado-1-300x50.jpg 300w, https:\/\/www.sportchaco.com.ar\/wp-content\/uploads\/2024\/03\/aviso-colegios-acostado-1-768x128.jpg 768w, https:\/\/www.sportchaco.com.ar\/wp-content\/uploads\/2024\/03\/aviso-colegios-acostado-1.jpg 1200w\" sizes=\"auto, (max-width: 1024px) 100vw, 1024px\" \/><\/h6>\n<p>&nbsp;<\/p>\n<p>De cara al arranque del provincial Pre \u2013 Federal 2025, Regatas Resistencia contin\u00faa trabajando en la pretemporada y en las \u00faltimas horas confirm\u00f3 a su equipo de Primera la llegada del pivote de jerarqu\u00eda Brian Maglier y el regreso de otro muy buen jugador como Federico Hoferek.<\/p>\n<p>De esta manera, con estos \u00faltimos nombres, recordando que hace pocos d\u00edas confirm\u00f3 otro regreso como el de Bruno Galassi, tambi\u00e9n para plasmar su juego en la zona pintada. Vale recordar que Regatas cuenta con un equipo largo, intenso y completo, con nombres como el de Carlos Banegas, Fernando Margosa, Alexis Garc\u00eda, Fabricio Djurdjevic, Juan Johnston y Gonzalo Garc\u00eda, dentro de un grupo consolidado en gran manera, que hacen que sin dudas los dirigidos por Milton Jovanovich prometan ser uno de los animadores del certamen provincial de Primera.<\/p>\n<div id=\"right-content\" class=\"relative\">\n<div id=\"content-area\" class=\"left relative\">\n<div id=\"tps_slideContainer_28184\" class=\"theiaPostSlider_slides\">\n<p><img loading=\"lazy\" decoding=\"async\" class=\" lazyloaded aligncenter\" src=\"https:\/\/baskettotal.com.ar\/wp-content\/uploads\/2025\/08\/IMG-20250811-WA0200.jpg\" alt=\"\" width=\"386\" height=\"579\" data-src=\"https:\/\/baskettotal.com.ar\/wp-content\/uploads\/2025\/08\/IMG-20250811-WA0200.jpg\" \/><\/p>\n<p>Regatas Resistencia, en este Pre \u2013 Federal 2025 debutar\u00e1 el pr\u00f3ximo viernes 15 ante su par de Social de Las Bre\u00f1as, en lo que ser\u00e1 un juego correspondiente al grupo \u201cA\u201d. Tambi\u00e9n conforman este grupo Don Bosco (Resistencia) Acci\u00f3n (S\u00e1enz Pe\u00f1a), Cultural (Santa Silvina), H\u00e9rcules (Charata) y Social (Las Bre\u00f1as).<\/p>\n<p><strong>\u201cSiento que puedo aportar\u201d<\/strong><br \/>\nCon respecto al debut en el Pre \u2013 Federal 2025 de Primera, una de las piezas de jerarqu\u00eda que se sum\u00f3 fue Braian Maglier, afirmando que \u201clas expectativas son buenas, porque es un grupo que viene trabajando unto hace mucho tiempo y siento que puedo aportar desde mi lado y acoplarme r\u00e1pido al estilo de juego de Regatas\u201d.<\/p>\n<p>\u201c<strong>Me siento con la madurez necesaria para afrontar este nuevo desaf\u00edo\u201d<\/strong><br \/>\nPor su parte, Federico Hoferek, de 27 a\u00f1os, que mide 1,95 metros y se desempe\u00f1a en la posici\u00f3n de la \u2013 pivote, se mostr\u00f3 \u201cmuy feliz de volver al club en el que me form\u00e9 como jugador y como persona, para ser parte de este nuevo proyecto, remarcando, \u201ccon Mauro La Regina y Dimas Segovia compart\u00ed equipo desde muy chico, y hoy que est\u00e9n al frente de la dirigencia, hizo que todo sea mucho m\u00e1s f\u00e1cil para mi regreso al club\u201d.<a href=\"https:\/\/baskettotal.com.ar\/wp-content\/uploads\/2025\/08\/1000687100.jpg\"><img loading=\"lazy\" decoding=\"async\" class=\"lazy lazy-loaded aligncenter wp-image-28185\" src=\"https:\/\/baskettotal.com.ar\/wp-content\/uploads\/2025\/08\/1000687100.jpg\" sizes=\"auto, (max-width: 722px) 100vw, 722px\" srcset=\"https:\/\/baskettotal.com.ar\/wp-content\/uploads\/2025\/08\/1000687100.jpg 722w, https:\/\/baskettotal.com.ar\/wp-content\/uploads\/2025\/08\/1000687100-278x300.jpg 278w\" alt=\"\" width=\"722\" height=\"780\" data-lazy-type=\"image\" data-lazy-src=\"https:\/\/baskettotal.com.ar\/wp-content\/uploads\/2025\/08\/1000687100.jpg\" data-lazy-srcset=\"https:\/\/baskettotal.com.ar\/wp-content\/uploads\/2025\/08\/1000687100.jpg 722w, https:\/\/baskettotal.com.ar\/wp-content\/uploads\/2025\/08\/1000687100-278x300.jpg 278w\" data-lazy-sizes=\"(max-width: 722px) 100vw, 722px\" \/><\/a><\/p>\n<p><strong>Federico Hoferek<br \/>\n<\/strong>Continuando, \u201cahora me toca a m\u00ed ser el mayor y me siento con la madurez necesaria para afrontar este nuevo desaf\u00edo. Adem\u00e1s, con mis compa\u00f1eros ya tuve la oportunidad de compartir cancha en distintos procesos en Regatas, as\u00ed que s\u00e9 que el grupo humano va a ser excelente, remarcando un aspecto clave, \u201cser\u00e1 la primera vez que comparta equipo con mi hermano. Despu\u00e9s de enfrentarnos esta temporada, ahora nos tocar\u00e1 jugar juntos y eso tiene un valor especial\u201d, finaliz\u00f3.<\/p>\n<\/div>\n<p><img loading=\"lazy\" decoding=\"async\" class=\"aligncenter size-large wp-image-9746\" src=\"https:\/\/www.sportchaco.com.ar\/wp-content\/uploads\/2024\/05\/Mosquitos-aviso-819x1024.jpeg\" alt=\"\" width=\"819\" height=\"1024\" srcset=\"https:\/\/www.sportchaco.com.ar\/wp-content\/uploads\/2024\/05\/Mosquitos-aviso-819x1024.jpeg 819w, https:\/\/www.sportchaco.com.ar\/wp-content\/uploads\/2024\/05\/Mosquitos-aviso-240x300.jpeg 240w, https:\/\/www.sportchaco.com.ar\/wp-content\/uploads\/2024\/05\/Mosquitos-aviso-768x960.jpeg 768w, https:\/\/www.sportchaco.com.ar\/wp-content\/uploads\/2024\/05\/Mosquitos-aviso.jpeg 1080w\" sizes=\"auto, (max-width: 819px) 100vw, 819px\" \/><\/p>\n<\/div>\n<\/div>\n<\/div>\n<\/div>\n<\/article>\n","protected":false},"excerpt":{"rendered":"<p>12-08-2025 &nbsp; De cara al arranque del provincial Pre \u2013 Federal 2025, Regatas Resistencia contin\u00faa trabajando en la pretemporada y en las \u00faltimas horas confirm\u00f3 a su equipo de Primera la llegada del pivote de jerarqu\u00eda Brian Maglier y el regreso de otro muy buen jugador como Federico Hoferek. De esta manera, con estos \u00faltimos &hellip;<\/p>\n","protected":false},"author":2,"featured_media":23643,"comment_status":"open","ping_status":"open","sticky":false,"template":"","format":"standard","meta":{"footnotes":""},"categories":[3],"tags":[],"class_list":["post-23616","post","type-post","status-publish","format-standard","has-post-thumbnail","hentry","category-basquetbol"],"_links":{"self":[{"href":"https:\/\/www.sportchaco.com.ar\/index.php?rest_route=\/wp\/v2\/posts\/23616","targetHints":{"allow":["GET"]}}],"collection":[{"href":"https:\/\/www.sportchaco.com.ar\/index.php?rest_route=\/wp\/v2\/posts"}],"about":[{"href":"https:\/\/www.sportchaco.com.ar\/index.php?rest_route=\/wp\/v2\/types\/post"}],"author":[{"embeddable":true,"href":"https:\/\/www.sportchaco.com.ar\/index.php?rest_route=\/wp\/v2\/users\/2"}],"replies":[{"embeddable":true,"href":"https:\/\/www.sportchaco.com.ar\/index.php?rest_route=%2Fwp%2Fv2%2Fcomments&post=23616"}],"version-history":[{"count":4,"href":"https:\/\/www.sportchaco.com.ar\/index.php?rest_route=\/wp\/v2\/posts\/23616\/revisions"}],"predecessor-version":[{"id":23644,"href":"https:\/\/www.sportchaco.com.ar\/index.php?rest_route=\/wp\/v2\/posts\/23616\/revisions\/23644"}],"wp:featuredmedia":[{"embeddable":true,"href":"https:\/\/www.sportchaco.com.ar\/index.php?rest_route=\/wp\/v2\/media\/23643"}],"wp:attachment":[{"href":"https:\/\/www.sportchaco.com.ar\/index.php?rest_route=%2Fwp%2Fv2%2Fmedia&parent=23616"}],"wp:term":[{"taxonomy":"category","embeddable":true,"href":"https:\/\/www.sportchaco.com.ar\/index.php?rest_route=%2Fwp%2Fv2%2Fcategories&post=23616"},{"taxonomy":"post_tag","embeddable":true,"href":"https:\/\/www.sportchaco.com.ar\/index.php?rest_route=%2Fwp%2Fv2%2Ftags&post=23616"}],"curies":[{"name":"wp","href":"https:\/\/api.w.org\/{rel}","templated":true}]}}