{"id":23620,"date":"2025-08-12T22:43:19","date_gmt":"2025-08-13T01:43:19","guid":{"rendered":"https:\/\/www.sportchaco.com.ar\/?p=23620"},"modified":"2025-08-13T06:56:04","modified_gmt":"2025-08-13T09:56:04","slug":"23620","status":"publish","type":"post","link":"https:\/\/www.sportchaco.com.ar\/?p=23620","title":{"rendered":"Los planteles del Pre\u2013Federal 2025 de Primera"},"content":{"rendered":"<p class=\"story-title entry-title\"><strong><span style=\"font-size: 16px;\">12-08-2025<\/span><\/strong><\/p>\n<div id=\"right-content\" class=\"relative\">\n<div id=\"content-area\" class=\"left relative\">\n<div id=\"feat-img-reg\" class=\"relative\"><img loading=\"lazy\" decoding=\"async\" class=\"aligncenter size-large wp-image-19472\" src=\"https:\/\/www.sportchaco.com.ar\/wp-content\/uploads\/2025\/05\/Red-de-empeleos-1200x200-1-1024x171.gif\" alt=\"\" width=\"1024\" height=\"171\" srcset=\"https:\/\/www.sportchaco.com.ar\/wp-content\/uploads\/2025\/05\/Red-de-empeleos-1200x200-1-1024x171.gif 1024w, https:\/\/www.sportchaco.com.ar\/wp-content\/uploads\/2025\/05\/Red-de-empeleos-1200x200-1-300x50.gif 300w, https:\/\/www.sportchaco.com.ar\/wp-content\/uploads\/2025\/05\/Red-de-empeleos-1200x200-1-768x128.gif 768w, https:\/\/www.sportchaco.com.ar\/wp-content\/uploads\/2025\/05\/Red-de-empeleos-1200x200-1-1536x256.gif 1536w, https:\/\/www.sportchaco.com.ar\/wp-content\/uploads\/2025\/05\/Red-de-empeleos-1200x200-1-2048x341.gif 2048w\" sizes=\"auto, (max-width: 1024px) 100vw, 1024px\" \/><\/div>\n<div><\/div>\n<div class=\"relative\">Los 12 clubes que desde el pr\u00f3ximo viernes iniciar\u00e1n su camino en una nueva edici\u00f3n del Torneo Provincial de Mayores \u201cPre Federal 2025\u201d, han confirmado oficialmente sus respectivos planteles. El certamen organizado por la Federaci\u00f3n Chaque\u00f1a de B\u00e1squetbol est\u00e1 a la vista, con participaci\u00f3n de representantes de las tres asociaciones afiliadas.<\/div>\n<div><\/div>\n<div id=\"tps_slideContainer_28181\" class=\"theiaPostSlider_slides\">\n<p>La primera jornada tiene en la Zona \u201cA\u201d los partidos de Acci\u00f3n con Cultural de Santa Sylvina; Regatas Resistencia frente a Social Las Bre\u00f1as; y Don Bosco ante H\u00e9rcules de Charata; y en la Zona \u201cB\u201d se medir\u00e1n Alvear en Villa \u00c1ngela con Juventud de Villa Centenario; Espa\u00f1ola de Charata ante el campe\u00f3n Hind\u00fa; y Don Orione en Barranqueras frente a Progresista.<\/p>\n<p><strong>Los planteles de cada grupo<br \/>\n<\/strong><strong>ZONA \u201cA\u201d<br \/>\n<\/strong><strong>Don Bosco (Resistencia)<br \/>\n<\/strong><em>Mayores:<\/em>\u00a0Fabricio Alvarenga; Franco Andreatta Brihuega; Facundo G\u00f3mez Brocal; Juan Cruz Cequeira; Facundo C\u00f3rdoba; Lucas Coronel; Uriel Garc\u00eda Cabr\u00e9; Marcos Gauna; Nahuel Hena\u00edn; Iv\u00e1n Lugo; Juan Ram\u00edrez; Mauricio Maderna.<\/p>\n<p><em>Juveniles:<\/em>\u00a0Lautaro Andreatta Brihuega; Gael Barraza; Ian Camnasio Kalyna; Juan Diego Colman; Juan Ignacio Gemetro; Briant L\u00f3pez; Santiago Mart\u00ednez; Ricardo Quiroga; Francisco Santander; Thiago Sin\u00f3polis; Juan Ignacio Spilere; Enzo Zacar\u00edas Del R\u00edo.<\/p>\n<p><em>Director T\u00e9cnico:<\/em>\u00a0Juan Marcos Ferraris.<\/p>\n<p><strong>Regatas (Resistencia)<br \/>\n<\/strong><em>Mayores:<\/em>\u00a0Carlos Banegas Riquelme; Maximiliano Barrios; Fabricio Djurdjevic; Bruno Galassi; Alexis Garc\u00eda; Federico Hoferek; Gonzalo Garc\u00eda; Ramiro G\u00f3mez; Fernando Margosa; \u00c1lbaro Magallanes; Braian Maglier; Liam Zeinsteger.<\/p>\n<p><em>Juveniles:<\/em>\u00a0Lautaro De B\u00f3rtoli; Conrado Eschoyez Silvestrini; Santiago Checura; Facundo G\u00f3mez Insaurralde; Genaro Hoferek; Juan F. Johnston Persoglia; Eliseo Llano; Lautaro Oviedo; Tiago Sosa; Tom\u00e1s Tehant; Facundo Veloso Hug; Emanuel Wendler.<\/p>\n<p><em>Director T\u00e9cnico:<\/em>\u00a0Milton Jovanovich.<\/p>\n<p><img loading=\"lazy\" decoding=\"async\" class=\"aligncenter wp-image-23621 size-full\" src=\"https:\/\/www.sportchaco.com.ar\/wp-content\/uploads\/2025\/08\/Maxi-Barrios.jpg\" alt=\"\" width=\"1440\" height=\"841\" srcset=\"https:\/\/www.sportchaco.com.ar\/wp-content\/uploads\/2025\/08\/Maxi-Barrios.jpg 1440w, https:\/\/www.sportchaco.com.ar\/wp-content\/uploads\/2025\/08\/Maxi-Barrios-300x175.jpg 300w, https:\/\/www.sportchaco.com.ar\/wp-content\/uploads\/2025\/08\/Maxi-Barrios-1024x598.jpg 1024w, https:\/\/www.sportchaco.com.ar\/wp-content\/uploads\/2025\/08\/Maxi-Barrios-768x449.jpg 768w\" sizes=\"auto, (max-width: 1440px) 100vw, 1440px\" \/><strong>\u00a0<\/strong><\/p>\n<p><strong>Acci\u00f3n (S\u00e1enz Pe\u00f1a)<br \/>\n<\/strong><em>Mayores:<\/em>\u00a0Agust\u00edn \u00c1lvarez; Juan Pablo Escobar; Emanuel Fortuni; Marcos Leiva; Cristian Ortiz; Sebasti\u00e1n Ramos; Julio Ruiz; Mat\u00edas Sosa; Alexis Villamayor; Brian Villamayor.<\/p>\n<p><em>Juveniles:<\/em>\u00a0Maximiliano Barroso Mencia; Juan Cruz Ferraro; Santiago Gauna; Leandro G\u00f3mez; Agust\u00edn Iglesias; Santino Kunze; Franco Romuszewski Ma\u00f1anes.<\/p>\n<p><em>Director T\u00e9cnico:<\/em>\u00a0Ariel \u00c1lvarez.<\/p>\n<p><strong>Centro Cultural (Santa Sylvina)<br \/>\n<\/strong><em>Mayores:<\/em>\u00a0Carlos Araujo; Lautaro Arold; Enri Conrradi; Eli\u00e1n L\u00f3pez; Alan Popler; Mat\u00edas Sosa; Aldo St\u00e1cul; Lautaro Torres.<\/p>\n<p><em>Juveniles:<\/em>\u00a0Facundo Abayay; Lautaro Ayala; Nicol\u00e1s Ayala; Mat\u00edas Bruhn; Oziel Czombos; Juan Bautista Ledesma; Ian Czyz; Teo Czyz; Kevin King M\u00e9dula; Gast\u00f3n Valenzuela; Santiago Viera.<\/p>\n<p><em>Director T\u00e9cnico:<\/em>\u00a0Enzo Ram\u00edrez \u2013 Giuliana Britto.<\/p>\n<p><strong>H\u00e9rcules (Charata)<br \/>\n<\/strong><em>Mayores:<\/em>\u00a0Mateo Aizenstein; Carlos Carrocino; Gabriel Frencia; Marino Frontalinni; Jorge Maluk.<\/p>\n<p><em>Juveniles:<\/em>\u00a0Gabriel Campoya; Nicol\u00e1s Alisio; C\u00e9sar Federico Cativa; C\u00e9sar Nicol\u00e1s Cativa; Gonzalo Espa\u00f1ol; Math\u00edas Kisur; Rodrigo Leguizam\u00f3n; Valent\u00edn Libre S\u00e1nchez; Gast\u00f3n Maldonado; Bautista Pagliero Carinelli; Facundo Pereyra; Ignacio Torrente; Lucas Varela; Mauro W\u00fcrfel; Ian Za\u00edn Stival.<\/p>\n<p><em>Director T\u00e9cnico:<\/em>\u00a0Mauro Aleksandrowicz.<\/p>\n<p><strong>Social (Las Bre\u00f1as)<br \/>\n<\/strong><\/p>\n<p><em>Mayores:<\/em>\u00a0Marcelo Casares; Juan Cruz D\u00edaz; Antonino Forte; Mrcelo Montenegro; Sebasti\u00e1n Ledesma; Gustavo Lencinas; Gustavo Mansila; Hugo Reynoso.<\/p>\n<p><em>Juveniles:<\/em>\u00a0\u00c1ngel Angeloff; Andr\u00e9s Chabrill\u00f3n; Fabricio Cortez; Valent\u00edn Haicenag; Ian Kucharuk Cur; Octavio Nazzetta; Gonzalo Pikaluk; Conrado Seifert; Bautista Sova; Ivo Ya\u00f1uk.<\/p>\n<p><em>Director T\u00e9cnico:<\/em>\u00a0Miguel Pikaluk.<\/p>\n<p><img loading=\"lazy\" decoding=\"async\" class=\" lazyloaded aligncenter\" src=\"https:\/\/baskettotal.com.ar\/wp-content\/uploads\/2025\/08\/social-LB25-1000x600.jpg\" alt=\"\" width=\"1000\" height=\"600\" data-src=\"https:\/\/baskettotal.com.ar\/wp-content\/uploads\/2025\/08\/social-LB25-1000x600.jpg\" \/><\/p>\n<p><strong>ZONA \u201cB\u201d<br \/>\n<\/strong><strong>Hind\u00fa (Resistencia)<br \/>\n<\/strong><em>Mayores:<\/em>\u00a0Gonzalo \u00c1lvarez; Dardo Centanaro; Facundo De Jes\u00fas; Mateo Didier; Juan Pablo Dip; Mateo Flores; Lucas Mart\u00ednez; Diego Picardi; M\u00e1ximo Rath.<\/p>\n<p><em>Juveniles:<\/em>\u00a0M\u00e1ximo Bernad; Tom\u00e1s Checura; Oscar Colman; Alejandro Fant\u00edn Fern\u00e1ndez; Juan Ignacio Far\u00eda S\u00e1nchez; Alejandro Fern\u00e1ndez Velazco; Willians Gim\u00e9nez; \u00c1lvaro Lange; Uriel Medina Guadalupe; Juan Ignacio P\u00e9rez; Mat\u00edas Sabadini Vittorello; Rodrigo Valussi; Dylan Zitterkopf.<\/p>\n<p><em>Director T\u00e9cnico:<\/em>\u00a0Luis Cequeira.<\/p>\n<p><strong>Juventud de Villa Centenario (Resistencia)<br \/>\n<\/strong><em>Mayores:<\/em>\u00a0Rodrigo Aceval; Lautaro Alonso Encinas; Maximiliano Aranda; Jos\u00e9 Guillermo Borja Ball\u00f3n; Sebasti\u00e1n Carabajal; Javier Esp\u00edndola; Alejandro Garc\u00eda Luque; Gerardo Izasiz; Gast\u00f3n Latorre; Renzo N\u00f3bile; Lautaro Ram\u00edrez Valenzuela; Lucas Sandoval; Gustavo Rosso; Diego Torres; Horacio Torres;<\/p>\n<p><em>Juveniles:<\/em>\u00a0Franco Enciso Bernald; Joaqu\u00edn Enciso Bernald; Alan Guerra; Franco Niz; Agust\u00edn Prieto Fern\u00e1ndez; Luciano Salas; Joaqu\u00edn Sotelo; Tiago Rosso; Federico Vicedo.<\/p>\n<p><em>Director T\u00e9cnico:<\/em>\u00a0Fernando Rosso.<\/p>\n<p><strong>Don Orione (Barranqueras)<br \/>\n<\/strong><em>Mayores:<\/em>\u00a0Manuel Abarca; Gustavo Alcaraz Senguer; Mauro Baneki; Juan Pablo Borja Ball\u00f3n; Franco Dell Orto; Alejandro G\u00f3mez Brocal; Juan Segundo Koster; Leandro La Red Alarc\u00f3n; Nahuel M\u00e9ndez; Lautaro Picton; Juan Francisco Sequeira;<\/p>\n<p><em>Juveniles:<\/em>\u00a0H\u00e9ctor Capelli; Thiago Enciso; Josu\u00e9 Fern\u00e1ndez; Tob\u00edas Gim\u00e9nez Billordo; Ramiro Grenda Ram\u00edrez; Mauricio Ocentink; Juan Augusto Prado Godoy; Mat\u00edas Rosales Torres; Rodrigo Ruiz D\u00edaz;<\/p>\n<p><em>Director T\u00e9cnico:<\/em>\u00a0Jos\u00e9 Alejandro Acosta \u2013 Roberto Sol\u00eds.<\/p>\n<p><strong>Uni\u00f3n Progresista (Villa \u00c1ngela)<br \/>\n<\/strong><em>Mayores:<\/em>\u00a0Marcos Areco; Walter Lezcano; Emiliano Lipreri; Pedro Pegoraro; Exequiel Rubio; Luciano Sandoval; Juan Pablo Wall.<\/p>\n<p><em>Juveniles:<\/em>\u00a0Valentino Almir\u00f3n; Roberto Ar\u00e9valo Soto; Ciro Avalle; Pablo Cabral; Lucas Ch\u00e1vez; Mateo Di Toto; Lighuen Diancoff Kraeff; Fabricio Ertle; Juan Ferrando; Ciro Labeque; Mateo Sosa Kapusi; Eli\u00e1n Sandoval; Renzo Wlozovitz; Bautista Zanellato.<\/p>\n<p><em>Director T\u00e9cnico:<\/em>\u00a0Ra\u00fal Quiroz.<\/p>\n<p><strong>Alvear (Villa \u00c1ngela)<br \/>\n<\/strong><em>Mayores:<\/em>\u00a0Brian Altamirano; Facundo Andrada; Santiago Barreto; Mart\u00edn Cequeira; Luciano Colman; Bruno Fern\u00e1ndez; Joel Moreira; N\u00e9stor Palacio; Jos\u00e9 Piris; Facundo Rothlisberger; Adri\u00e1n Rubio; Eduardo Spalla; \u00c1ngelo Tribosky; Alexander Villalba Arzamendia; Juan Cruz Villanueva; Ernesto Zago.<\/p>\n<p><em>Juveniles:<\/em>\u00a0Juan Bautista Bre; Valent\u00edn Gudi\u00f1o; Leroy Mojica; Maximiliano Pathier Veronilli; Juan Manuel P\u00e9rez; Augusto Vel\u00e1zquez; Pablo Vidal.<\/p>\n<p><em>Director T\u00e9cnico:<\/em>\u00a0Joaqu\u00edn Vega.<\/p>\n<p><strong>Asoc. Espa\u00f1ola (Charata)<br \/>\n<\/strong><em>Mayores:<\/em>\u00a0Marcos \u00c1lvarez; Mart\u00edn Arrudi; Lucas Camnasio Valtkincoff; Cristian Carabajal; Maximiliano D\u00edaz; Emmanuel Frugoni Zavala; Hugo Loto; Alexander Nizetich; Emiliano Paz; Leonardo Rodr\u00edguez; Nicol\u00e1s Sequeira; Federico Tapponnier.<\/p>\n<p><em>Juveniles:<\/em>\u00a0Bruno Buralli; Lautaro Basualdo; Owen Ceweluk; Francisco Galv\u00e1n; Bautista Ju\u00e1rez; Ian Juszszuk; Mart\u00edn Rodr\u00edguez; Lautaro Pereyra; Tom\u00e1s Sgolacchia; Facundo Sollberg; Agust\u00edn Stachiotti; Luis Tapia Gonz\u00e1lez.<\/p>\n<p><em>Director T\u00e9cnico:<\/em>\u00a0Claudio Sollberg.<\/p>\n<p>&nbsp;<\/p>\n<p><strong><em>Fuente:\u00a0Prensa Federaci\u00f3n Chaque\u00f1a de B\u00e1squetbol<\/em><\/strong><\/p>\n<p><img loading=\"lazy\" decoding=\"async\" class=\"aligncenter size-full wp-image-19354\" src=\"https:\/\/www.sportchaco.com.ar\/wp-content\/uploads\/2025\/05\/BANNER-WEB-Qdenga-250x250-1.gif\" alt=\"\" width=\"521\" height=\"521\" \/><\/p>\n<\/div>\n<\/div>\n<\/div>\n","protected":false},"excerpt":{"rendered":"<p>12-08-2025 Los 12 clubes que desde el pr\u00f3ximo viernes iniciar\u00e1n su camino en una nueva edici\u00f3n del Torneo Provincial de Mayores \u201cPre Federal 2025\u201d, han confirmado oficialmente sus respectivos planteles. El certamen organizado por la Federaci\u00f3n Chaque\u00f1a de B\u00e1squetbol est\u00e1 a la vista, con participaci\u00f3n de representantes de las tres asociaciones afiliadas. La primera jornada &hellip;<\/p>\n","protected":false},"author":2,"featured_media":23624,"comment_status":"open","ping_status":"open","sticky":false,"template":"","format":"standard","meta":{"footnotes":""},"categories":[3],"tags":[],"class_list":["post-23620","post","type-post","status-publish","format-standard","has-post-thumbnail","hentry","category-basquetbol"],"_links":{"self":[{"href":"https:\/\/www.sportchaco.com.ar\/index.php?rest_route=\/wp\/v2\/posts\/23620","targetHints":{"allow":["GET"]}}],"collection":[{"href":"https:\/\/www.sportchaco.com.ar\/index.php?rest_route=\/wp\/v2\/posts"}],"about":[{"href":"https:\/\/www.sportchaco.com.ar\/index.php?rest_route=\/wp\/v2\/types\/post"}],"author":[{"embeddable":true,"href":"https:\/\/www.sportchaco.com.ar\/index.php?rest_route=\/wp\/v2\/users\/2"}],"replies":[{"embeddable":true,"href":"https:\/\/www.sportchaco.com.ar\/index.php?rest_route=%2Fwp%2Fv2%2Fcomments&post=23620"}],"version-history":[{"count":6,"href":"https:\/\/www.sportchaco.com.ar\/index.php?rest_route=\/wp\/v2\/posts\/23620\/revisions"}],"predecessor-version":[{"id":23638,"href":"https:\/\/www.sportchaco.com.ar\/index.php?rest_route=\/wp\/v2\/posts\/23620\/revisions\/23638"}],"wp:featuredmedia":[{"embeddable":true,"href":"https:\/\/www.sportchaco.com.ar\/index.php?rest_route=\/wp\/v2\/media\/23624"}],"wp:attachment":[{"href":"https:\/\/www.sportchaco.com.ar\/index.php?rest_route=%2Fwp%2Fv2%2Fmedia&parent=23620"}],"wp:term":[{"taxonomy":"category","embeddable":true,"href":"https:\/\/www.sportchaco.com.ar\/index.php?rest_route=%2Fwp%2Fv2%2Fcategories&post=23620"},{"taxonomy":"post_tag","embeddable":true,"href":"https:\/\/www.sportchaco.com.ar\/index.php?rest_route=%2Fwp%2Fv2%2Ftags&post=23620"}],"curies":[{"name":"wp","href":"https:\/\/api.w.org\/{rel}","templated":true}]}}