{"id":23627,"date":"2025-08-12T22:59:55","date_gmt":"2025-08-13T01:59:55","guid":{"rendered":"https:\/\/www.sportchaco.com.ar\/?p=23627"},"modified":"2025-08-12T23:02:22","modified_gmt":"2025-08-13T02:02:22","slug":"velez-saco-un-empate-de-fortaleza","status":"publish","type":"post","link":"https:\/\/www.sportchaco.com.ar\/?p=23627","title":{"rendered":"V\u00e9lez sac\u00f3 un empate de Fortaleza"},"content":{"rendered":"<h5><\/h5>\n<h5><\/h5>\n<h4><strong>V\u00e9lez se llev\u00f3 un empate de Fortaleza y demostr\u00f3 que con m\u00e1s juego lo puede definir en casa. <\/strong><span style=\"font-size: 24px; font-weight: bold;\">El Fort\u00edn empat\u00f3 sin goles en su visita al conjunto brasile\u00f1o y ahora buscar\u00e1 sacar pasaje a cuartos de final en Liniers.<\/span><\/h4>\n<div class=\"columns\" data-tadevel-template=\"web\/article-columns\">\n<div class=\"column-main\">\n<div class=\"live-event-football\" data-tadevel-template=\"web\/live-event-football\">\n<div class=\"teams\">\n<div class=\"live-event-football-item local\">\n<div class=\"name\"><\/div>\n<div class=\"shield\">Fortaleza\u00a0 0 &#8211; 0<img loading=\"lazy\" decoding=\"async\" class=\"img\" src=\"https:\/\/srt-app.tadevel-cdn.com\/hostname\/www.cba24n.com.ar\/api\/v1\/resizer?format=png&amp;src=https%3A%2F%2Ftservices.tadevelapps.com%2Ftservices%2Fv1%2Flive-events%2Fasset%2F4b6fe2c91b0ff2b78c36e1485350bbfe%3Furl%3DU2FsdGVkX18UvYHKpVF2aZg4KkIFCYOqNu5kmAKHGd15B0D83YHmLlR0wkKrOacuCcA%252FdHVYImBLBwiEVdBqQw%253D%253D&amp;v=da77c61c8e6cad2081dd46e3d2835350&amp;s=ac1a4eb2524ade8be1f1af25f5466292\" alt=\"V\u00e9lez Sarsfield\" width=\"25\" height=\"25\" data-tadevel-template=\"web\/img\" \/>V\u00e9lez Sarsfield<\/div>\n<\/div>\n<\/div>\n<\/div>\n<figure class=\"multimedia\" data-url=\"https:\/\/www.youtube.com\/watch?v=L4odRgeyPog\" data-html=\"\" data-tadevel-template=\"web\/multimedia\" data-type=\"video\">\n<div class=\"content\">\n<div class=\"sizer\" data-sizer=\"aspect-ratio\" data-tadevel-template=\"web\/aspect-ratio\">\n<div class=\"backdrop\" data-tadevel-template=\"web\/backdrop\">\n<div class=\"facade\" data-facade-target=\"\" data-tadevel-template=\"web\/multimedia-facade\"><\/div>\n<\/div>\n<\/div>\n<\/div><figcaption class=\"caption\">\n<div class=\"description\"><\/div>\n<div class=\"description\"><\/div>\n<\/figcaption><\/figure>\n<div class=\"article-body\" data-tadevel-template=\"web\/article-body\">\n<div class=\"article-body-content\">\n<p>V\u00e9lez empat\u00f3 sin goles ante Fortaleza en el Est\u00e1dio Governador Pl\u00e1cido Aderaldo Castelo de Brasil, por la ida de los octavos de final de la Copa Libertadores.<\/p>\n<p>El Fort\u00edn llegaba golpeado tras la derrota ante San Lorenzo, pero en la noche del martes mostr\u00f3 otra cara. Aunque\u00a0<strong>desperdici\u00f3 unos \u00faltimos minutos con un hombre m\u00e1s tras la expulsi\u00f3n de Matheus Rossetto, V\u00e9lez se trajo un buen resultado<\/strong>. Tanto Rodrigo Aliendro como Baeza jugaron a la altura y eso el equipo lo sinti\u00f3. La falta de gol del delantero Braian Romero, que a\u00fan no puede destaparse, sigue golpeando al equipo de Guillermo Barros Schelotto.<\/p>\n<p>Es un buen resultado que le permite al equipo argentino definir todo la pr\u00f3xima semana en el Estadio Amalfitani. Se jugar\u00e1 el pr\u00f3ximo\u00a0<strong>martes 19 de agosto<\/strong>\u00a0a las\u00a0<strong>19:00 horas. El ganador de la llave ir\u00e1 con el ganador del duelo entre Racing y Pe\u00f1arol de Uruguay.<\/strong><\/p>\n<\/div>\n<p><iframe loading=\"lazy\" title=\"EL FORT\u00cdN SE TRAJO UN EMPATE DE BRASIL ANTE EL TRICOLOR | Fortaleza 0-0 V\u00e9lez | RESUMEN\" width=\"500\" height=\"281\" src=\"https:\/\/www.youtube.com\/embed\/L4odRgeyPog?feature=oembed\" frameborder=\"0\" allow=\"accelerometer; autoplay; clipboard-write; encrypted-media; gyroscope; picture-in-picture; web-share\" referrerpolicy=\"strict-origin-when-cross-origin\" allowfullscreen><\/iframe><\/p>\n<\/div>\n<\/div>\n<\/div>\n","protected":false},"excerpt":{"rendered":"<p>V\u00e9lez se llev\u00f3 un empate de Fortaleza y demostr\u00f3 que con m\u00e1s juego lo puede definir en casa. El Fort\u00edn empat\u00f3 sin goles en su visita al conjunto brasile\u00f1o y ahora buscar\u00e1 sacar pasaje a cuartos de final en Liniers. Fortaleza\u00a0 0 &#8211; 0V\u00e9lez Sarsfield V\u00e9lez empat\u00f3 sin goles ante Fortaleza en el Est\u00e1dio Governador &hellip;<\/p>\n","protected":false},"author":2,"featured_media":23628,"comment_status":"open","ping_status":"open","sticky":false,"template":"","format":"standard","meta":{"footnotes":""},"categories":[6],"tags":[],"class_list":["post-23627","post","type-post","status-publish","format-standard","has-post-thumbnail","hentry","category-internacionales"],"_links":{"self":[{"href":"https:\/\/www.sportchaco.com.ar\/index.php?rest_route=\/wp\/v2\/posts\/23627","targetHints":{"allow":["GET"]}}],"collection":[{"href":"https:\/\/www.sportchaco.com.ar\/index.php?rest_route=\/wp\/v2\/posts"}],"about":[{"href":"https:\/\/www.sportchaco.com.ar\/index.php?rest_route=\/wp\/v2\/types\/post"}],"author":[{"embeddable":true,"href":"https:\/\/www.sportchaco.com.ar\/index.php?rest_route=\/wp\/v2\/users\/2"}],"replies":[{"embeddable":true,"href":"https:\/\/www.sportchaco.com.ar\/index.php?rest_route=%2Fwp%2Fv2%2Fcomments&post=23627"}],"version-history":[{"count":1,"href":"https:\/\/www.sportchaco.com.ar\/index.php?rest_route=\/wp\/v2\/posts\/23627\/revisions"}],"predecessor-version":[{"id":23629,"href":"https:\/\/www.sportchaco.com.ar\/index.php?rest_route=\/wp\/v2\/posts\/23627\/revisions\/23629"}],"wp:featuredmedia":[{"embeddable":true,"href":"https:\/\/www.sportchaco.com.ar\/index.php?rest_route=\/wp\/v2\/media\/23628"}],"wp:attachment":[{"href":"https:\/\/www.sportchaco.com.ar\/index.php?rest_route=%2Fwp%2Fv2%2Fmedia&parent=23627"}],"wp:term":[{"taxonomy":"category","embeddable":true,"href":"https:\/\/www.sportchaco.com.ar\/index.php?rest_route=%2Fwp%2Fv2%2Fcategories&post=23627"},{"taxonomy":"post_tag","embeddable":true,"href":"https:\/\/www.sportchaco.com.ar\/index.php?rest_route=%2Fwp%2Fv2%2Ftags&post=23627"}],"curies":[{"name":"wp","href":"https:\/\/api.w.org\/{rel}","templated":true}]}}