{"id":23651,"date":"2025-08-13T11:01:47","date_gmt":"2025-08-13T14:01:47","guid":{"rendered":"https:\/\/www.sportchaco.com.ar\/?p=23651"},"modified":"2025-08-13T11:03:53","modified_gmt":"2025-08-13T14:03:53","slug":"23651","status":"publish","type":"post","link":"https:\/\/www.sportchaco.com.ar\/?p=23651","title":{"rendered":"Esc\u00e1ndalo en el ciclismo de los Juegos Panamericanos Junior tras pol\u00e9mica descalificaci\u00f3n"},"content":{"rendered":"<div class=\"col-body md:col-[1_\/_4]\">\n<header class=\"mb-5 md:max-w-[750px] lg:mb-8\">\n<h1 class=\"mt-2 text-[1.625rem] font-bold leading-tight md:text-[2rem]\"><\/h1>\n<div class=\"\">\n<div class=\"flex items-start justify-between mt-3\">\n<div class=\"flex items-start\">\n<div class=\"inline-block\">\n<div class=\"text-xs text-muted md:text-sm\"><\/div>\n<\/div>\n<\/div>\n<\/div>\n<\/div>\n<\/header>\n<div class=\"\">\n<div class=\"\">\n<div class=\"-mx-4 mb-5 max-w-[750px] md:mx-0\">\n<div class=\"mx-4 md:mx-0\" aria-hidden=\"true\">\n<div class=\"relative text-sm pr-2.5 text-tertiary\">\n<div><\/div>\n<\/div>\n<\/div>\n<\/div>\n<\/div>\n<\/div>\n<\/div>\n<div class=\"col-body\">\n<div class=\"\" data-article-body=\"true\">\n<p class=\"mb-4 text-lg md:leading-8 break-words\">Asunci\u00f3n.- La descalificaci\u00f3n del ciclista argentino <strong>Mateo Kalejman,\u00a0<\/strong>quien hab\u00eda ganado con autoridad la medalla de oro en la contrarreloj individual masculina en los Juegos Panamericanos Junior en Asunci\u00f3n, desat\u00f3 este lunes la primera pol\u00e9mica de la competencia.<\/p>\n<p class=\"mb-4 text-lg md:leading-8 break-words\">Kalejman, de 20 a\u00f1os, se impuso el domingo en la prueba con un tiempo de 47:38.82 minutos, muy por delante del colombiano Samuel Fl\u00f3rez, quien complet\u00f3 el recorrido en 49:09.13 minutos y termin\u00f3 en la segunda posici\u00f3n, y del mexicano Jos\u00e9 Antonio Prieto, tercero, quien registr\u00f3 49:23.25 minutos.<\/p>\n<p class=\"mb-4 text-lg md:leading-8 break-words\">Pero, apenas horas despu\u00e9s, las autoridades de esta disciplina descalificaron al argentino y lo despojaron del metal dorado\u00a0<strong>por supuestas irregularidades en la inclinaci\u00f3n de la silla de su bicicleta,\u00a0<\/strong>lo que dio inicio a la primera pol\u00e9mica de las justas asuncenas.<\/p>\n<p><img decoding=\"async\" src=\"https:\/\/s.yimg.com\/ny\/api\/res\/1.2\/xRDyv9b6MICZLNAdmDp9jw--\/YXBwaWQ9aGlnaGxhbmRlcjt3PTk2MDtoPTY0MDtjZj13ZWJw\/https:\/\/media.zenfs.com\/es\/efe.es\/013e6948b515b3f7ef9edf7cef9328fe\" \/><\/p>\n<h3 id=\"me-descalificaron-injustamente\" class=\"mb-4 text-lg font-bold\" data-jump-link-target=\"\">\u00abMe descalificaron injustamente\u00bb<\/h3>\n<p class=\"mb-4 text-lg md:leading-8 break-words\">Un d\u00eda despu\u00e9s de la competici\u00f3n, Kalejman, originario de la provincia de San Juan, descarg\u00f3 ante medios de su pa\u00eds la frustraci\u00f3n que le produjo la decisi\u00f3n.<\/p>\n<div class=\"max-md:faux-bleed mb-4 bg-marshmallow pb-5 dark:bg-ramones md:invisible md:mb-0 md:h-0 md:overflow-hidden md:pb-0\"><\/div>\n<div class=\"mb-4 hidden pb-5 md:block\">\n<div class=\"py-2 text-center text-xs uppercase\"><\/div>\n<div class=\"flex w-full flex-nowrap justify-center\">\n<div id=\"_R_29jckr8lb2mav5ubsddbH1_\" class=\"flex ad-container\"><\/div>\n<\/div>\n<\/div>\n<p class=\"mb-4 text-lg md:leading-8 break-words\">\u00abMe descalificaron injustamente, fue un absurdo total. Gan\u00e9 la medalla de oro y me la quitaron\u201d, dijo el joven ciclista en una entrevista con el canal Am\u00e9rica TV.<\/p>\n<figure class=\"relative mb-4\">\n<div class=\"relative\"><img loading=\"lazy\" decoding=\"async\" class=\"rounded-lg\" src=\"https:\/\/s.yimg.com\/ny\/api\/res\/1.2\/UvCvIvT7l7D_SjyDNDHM7A--\/YXBwaWQ9aGlnaGxhbmRlcjt3PTk2MDtoPTY0MDtjZj13ZWJw\/https:\/\/media.zenfs.com\/es\/efe.es\/b922bb36ed601a93c74e85f3ad325390\" alt=\"\" width=\"960\" height=\"640\" data-nimg=\"1\" \/><button class=\"group absolute bottom-3 right-3 size-10 md:size-[50px] lg:inset-0 lg:size-full lg:bg-transparent\" aria-label=\"Vista de imagen m\u00e1s grande\" data-ylk=\"elm:expand;itc:1;sec:image-lightbox;slk:lightbox-open;\" data-rapid_p=\"5\" data-v9y=\"1\"><\/button><\/div>\n<\/figure>\n<p class=\"mb-4 text-lg md:leading-8 break-words\">Seg\u00fan Kalejman, campe\u00f3n en la categor\u00eda sub-23 del Panamericano de Ruta que se disput\u00f3 en Punta del Este (Uruguay), su bicicleta hab\u00eda sido revisada cinco veces antes de comenzar la prueba, incluso con la presencia de un delegado argentino.<\/p>\n<p class=\"mb-4 text-lg md:leading-8 break-words\">\u00abDespu\u00e9s de la carrera vi c\u00f3mo le pegaban al asiento con fuerza para decir que estaba flojo. Es una locura total, no cabe en ninguna cabeza\u00bb, relat\u00f3 Kalejman.<\/p>\n<h3 id=\"protesta-argentina\" class=\"mb-4 text-lg font-bold\" data-jump-link-target=\"\">Protesta argentina<\/h3>\n<p class=\"mb-4 text-lg md:leading-8 break-words\">Tanto la Uni\u00f3n Ciclista Argentina como el Comit\u00e9 Ol\u00edmpico de ese pa\u00eds protestaron la decisi\u00f3n de los jueces de ASU2025, mientras que el propio Kalejman se\u00f1al\u00f3 a Colombia de estar detr\u00e1s de la decisi\u00f3n de los jueces en ASU2025.<\/p>\n<div class=\"max-md:faux-bleed mb-4 bg-marshmallow pb-5 dark:bg-ramones md:invisible md:mb-0 md:h-0 md:overflow-hidden md:pb-0\">\n<div class=\"py-2 text-center text-xs uppercase\"><\/div>\n<div class=\"flex w-full flex-nowrap justify-center\"><\/div>\n<\/div>\n<div class=\"mb-4 hidden pb-5 md:block\"><\/div>\n<\/div>\n<\/div>\n","protected":false},"excerpt":{"rendered":"<p>Asunci\u00f3n.- La descalificaci\u00f3n del ciclista argentino Mateo Kalejman,\u00a0quien hab\u00eda ganado con autoridad la medalla de oro en la contrarreloj individual masculina en los Juegos Panamericanos Junior en Asunci\u00f3n, desat\u00f3 este lunes la primera pol\u00e9mica de la competencia. Kalejman, de 20 a\u00f1os, se impuso el domingo en la prueba con un tiempo de 47:38.82 minutos, muy &hellip;<\/p>\n","protected":false},"author":2,"featured_media":23654,"comment_status":"open","ping_status":"open","sticky":false,"template":"","format":"standard","meta":{"footnotes":""},"categories":[51],"tags":[],"class_list":["post-23651","post","type-post","status-publish","format-standard","has-post-thumbnail","hentry","category-ciclismo"],"_links":{"self":[{"href":"https:\/\/www.sportchaco.com.ar\/index.php?rest_route=\/wp\/v2\/posts\/23651","targetHints":{"allow":["GET"]}}],"collection":[{"href":"https:\/\/www.sportchaco.com.ar\/index.php?rest_route=\/wp\/v2\/posts"}],"about":[{"href":"https:\/\/www.sportchaco.com.ar\/index.php?rest_route=\/wp\/v2\/types\/post"}],"author":[{"embeddable":true,"href":"https:\/\/www.sportchaco.com.ar\/index.php?rest_route=\/wp\/v2\/users\/2"}],"replies":[{"embeddable":true,"href":"https:\/\/www.sportchaco.com.ar\/index.php?rest_route=%2Fwp%2Fv2%2Fcomments&post=23651"}],"version-history":[{"count":3,"href":"https:\/\/www.sportchaco.com.ar\/index.php?rest_route=\/wp\/v2\/posts\/23651\/revisions"}],"predecessor-version":[{"id":23656,"href":"https:\/\/www.sportchaco.com.ar\/index.php?rest_route=\/wp\/v2\/posts\/23651\/revisions\/23656"}],"wp:featuredmedia":[{"embeddable":true,"href":"https:\/\/www.sportchaco.com.ar\/index.php?rest_route=\/wp\/v2\/media\/23654"}],"wp:attachment":[{"href":"https:\/\/www.sportchaco.com.ar\/index.php?rest_route=%2Fwp%2Fv2%2Fmedia&parent=23651"}],"wp:term":[{"taxonomy":"category","embeddable":true,"href":"https:\/\/www.sportchaco.com.ar\/index.php?rest_route=%2Fwp%2Fv2%2Fcategories&post=23651"},{"taxonomy":"post_tag","embeddable":true,"href":"https:\/\/www.sportchaco.com.ar\/index.php?rest_route=%2Fwp%2Fv2%2Ftags&post=23651"}],"curies":[{"name":"wp","href":"https:\/\/api.w.org\/{rel}","templated":true}]}}