{"id":23657,"date":"2025-08-13T11:08:13","date_gmt":"2025-08-13T14:08:13","guid":{"rendered":"https:\/\/www.sportchaco.com.ar\/?p=23657"},"modified":"2025-08-13T11:08:35","modified_gmt":"2025-08-13T14:08:35","slug":"23657","status":"publish","type":"post","link":"https:\/\/www.sportchaco.com.ar\/?p=23657","title":{"rendered":"Monica Seles  sufre miastenia grave, una enfermedad neuromuscular"},"content":{"rendered":"<div class=\"col-body md:col-header\">\n<header class=\"mb-5 md:max-w-[750px] lg:mb-8\">\n<div class=\"text-sm font-semibold\">13-08-2025<\/div>\n<div class=\"max-w-screen-sm\">\n<div class=\"flex items-start justify-between max-w-screen-sm mt-3\">\n<div class=\"ml-3 flex items-center\">\n<div class=\"relative inline-flex h-[32px] items-center\"><\/div>\n<\/div>\n<\/div>\n<\/div>\n<\/header>\n<\/div>\n<div class=\"col-body\">\n<div class=\"\" data-article-body=\"true\">\n<p class=\"mb-4 text-lg md:leading-8 break-words\">Londres.- La ex tenista M\u00f3nica Seles, ganadora de nueve Grand Slams, ha desvelado que sufre desde hace tres a\u00f1os &#8216;miastenia grave&#8217;, una enfermedad neuromuscular que debilita los m\u00fasculos.<\/p>\n<p class=\"mb-4 text-lg md:leading-8 break-words\">A sus 51 a\u00f1os, la jugadora de origen yugoslavo pero nacionalizada estadounidense decidi\u00f3 contar su enfermedad a escasos d\u00edas de que comience el US Open para dar visibilidad sobre esta condici\u00f3n.<\/p>\n<figure class=\"relative mb-4\">\n<div class=\"relative\"><img loading=\"lazy\" decoding=\"async\" class=\"rounded-lg\" src=\"https:\/\/s.yimg.com\/ny\/api\/res\/1.2\/kWnxdmEeBYK2fs3AvWgEqg--\/YXBwaWQ9aGlnaGxhbmRlcjt3PTk2MDtoPTYzOTtjZj13ZWJw\/https:\/\/media.zenfs.com\/es\/efe.es\/9d2b05a41a92aebbf6c0928181852d14\" alt=\"\" width=\"960\" height=\"639\" data-nimg=\"1\" \/><button class=\"group absolute bottom-3 right-3 size-10 md:size-[50px] lg:inset-0 lg:size-full lg:bg-transparent\" aria-label=\"Vista de imagen m\u00e1s grande\" data-ylk=\"elm:expand;itc:1;sec:image-lightbox;slk:lightbox-open;\" data-rapid_p=\"3\" data-v9y=\"1\"><\/button><\/div>\n<\/figure>\n<p class=\"mb-4 text-lg md:leading-8 break-words\">\u00abEstaba jugando al tenis con unos ni\u00f1os o con unos familiares y fall\u00e9 una bola. Era como que ve\u00eda dos pelotas. Eran s\u00edntomas que no pod\u00eda ignorar. Me llev\u00f3 tiempo absorberlos y poder hablar abiertamente sobre ello, porque es algo muy dif\u00edcil. Me afecta en el d\u00eda a d\u00eda mucho\u00bb, dijo Seles en una entrevista con Associated Press.<\/p>\n<div class=\"max-md:faux-bleed mb-4 bg-marshmallow pb-5 dark:bg-ramones md:invisible md:mb-0 md:h-0 md:overflow-hidden md:pb-0\"><\/div>\n<div class=\"mb-4 hidden pb-5 md:block\">\n<div class=\"py-2 text-center text-xs uppercase\"><\/div>\n<div class=\"flex w-full flex-nowrap justify-center\">\n<div id=\"_r_g_\" class=\"flex ad-container\"><\/div>\n<\/div>\n<\/div>\n<p class=\"mb-4 text-lg md:leading-8 break-words\">Seles gan\u00f3 ocho Grand Slams entre los 16 y los 19 a\u00f1os, pero sufri\u00f3 un ataque con cuchillo en Hamburgo en 1993, mientras disputaba un partido, que le dej\u00f3 fuera de las pistas durante dos a\u00f1os, y solo gan\u00f3 un grande m\u00e1s despu\u00e9s de ese incidente. Se retir\u00f3 definitivamente en 2003, con 53 t\u00edtulos en su palmar\u00e9s y 178 semanas en lo m\u00e1s alto de la clasificaci\u00f3n.<\/p>\n<p class=\"mb-4 text-lg md:leading-8 break-words\">La &#8216;miastenia grave&#8217; no tiene cura.<\/p>\n<p class=\"mb-4 text-lg md:leading-8 break-words\">Fuente Yahoo.com<\/p>\n<\/div>\n<\/div>\n","protected":false},"excerpt":{"rendered":"<p>13-08-2025 Londres.- La ex tenista M\u00f3nica Seles, ganadora de nueve Grand Slams, ha desvelado que sufre desde hace tres a\u00f1os &#8216;miastenia grave&#8217;, una enfermedad neuromuscular que debilita los m\u00fasculos. A sus 51 a\u00f1os, la jugadora de origen yugoslavo pero nacionalizada estadounidense decidi\u00f3 contar su enfermedad a escasos d\u00edas de que comience el US Open para &hellip;<\/p>\n","protected":false},"author":2,"featured_media":23658,"comment_status":"open","ping_status":"open","sticky":false,"template":"","format":"standard","meta":{"footnotes":""},"categories":[46],"tags":[],"class_list":["post-23657","post","type-post","status-publish","format-standard","has-post-thumbnail","hentry","category-tenis"],"_links":{"self":[{"href":"https:\/\/www.sportchaco.com.ar\/index.php?rest_route=\/wp\/v2\/posts\/23657","targetHints":{"allow":["GET"]}}],"collection":[{"href":"https:\/\/www.sportchaco.com.ar\/index.php?rest_route=\/wp\/v2\/posts"}],"about":[{"href":"https:\/\/www.sportchaco.com.ar\/index.php?rest_route=\/wp\/v2\/types\/post"}],"author":[{"embeddable":true,"href":"https:\/\/www.sportchaco.com.ar\/index.php?rest_route=\/wp\/v2\/users\/2"}],"replies":[{"embeddable":true,"href":"https:\/\/www.sportchaco.com.ar\/index.php?rest_route=%2Fwp%2Fv2%2Fcomments&post=23657"}],"version-history":[{"count":2,"href":"https:\/\/www.sportchaco.com.ar\/index.php?rest_route=\/wp\/v2\/posts\/23657\/revisions"}],"predecessor-version":[{"id":23660,"href":"https:\/\/www.sportchaco.com.ar\/index.php?rest_route=\/wp\/v2\/posts\/23657\/revisions\/23660"}],"wp:featuredmedia":[{"embeddable":true,"href":"https:\/\/www.sportchaco.com.ar\/index.php?rest_route=\/wp\/v2\/media\/23658"}],"wp:attachment":[{"href":"https:\/\/www.sportchaco.com.ar\/index.php?rest_route=%2Fwp%2Fv2%2Fmedia&parent=23657"}],"wp:term":[{"taxonomy":"category","embeddable":true,"href":"https:\/\/www.sportchaco.com.ar\/index.php?rest_route=%2Fwp%2Fv2%2Fcategories&post=23657"},{"taxonomy":"post_tag","embeddable":true,"href":"https:\/\/www.sportchaco.com.ar\/index.php?rest_route=%2Fwp%2Fv2%2Ftags&post=23657"}],"curies":[{"name":"wp","href":"https:\/\/api.w.org\/{rel}","templated":true}]}}