{"id":23673,"date":"2025-08-13T17:18:46","date_gmt":"2025-08-13T20:18:46","guid":{"rendered":"https:\/\/www.sportchaco.com.ar\/?p=23673"},"modified":"2025-08-13T18:54:56","modified_gmt":"2025-08-13T21:54:56","slug":"se-derrumbo-el-techo-del-estadio-de-regatas-corrientes","status":"publish","type":"post","link":"https:\/\/www.sportchaco.com.ar\/?p=23673","title":{"rendered":"Se derrumb\u00f3 el techo del estadio de Regatas Corrientes"},"content":{"rendered":"<p><strong>13-08-2025<\/strong><\/p>\n<p><img loading=\"lazy\" decoding=\"async\" class=\"aligncenter size-large wp-image-20253\" src=\"https:\/\/www.sportchaco.com.ar\/wp-content\/uploads\/2025\/06\/Campo-720x90-13-1024x128.gif\" alt=\"\" width=\"1024\" height=\"128\" srcset=\"https:\/\/www.sportchaco.com.ar\/wp-content\/uploads\/2025\/06\/Campo-720x90-13-1024x128.gif 1024w, https:\/\/www.sportchaco.com.ar\/wp-content\/uploads\/2025\/06\/Campo-720x90-13-300x38.gif 300w, https:\/\/www.sportchaco.com.ar\/wp-content\/uploads\/2025\/06\/Campo-720x90-13-768x96.gif 768w\" sizes=\"auto, (max-width: 1024px) 100vw, 1024px\" \/><\/p>\n<p><span style=\"font-size: 16px; font-weight: 400;\">En horas de la siesta de este mi\u00e9rcoles, parte del techo del estadio Jos\u00e9 Jorge Contte, perteneciente al club Regatas Corrientes, se desplom\u00f3 provocando importantes da\u00f1os materiales.<\/span><\/p>\n<div class=\"banner wline space-bottom\">Seg\u00fan las primeras informaciones, no se registraron personas heridas, aunque habr\u00eda un posible riesgo de nuevos desprendimientos en el lugar.<\/div>\n<div class=\"fotos-y-videos\">\n<div class=\"tab-content\"><\/div>\n<\/div>\n<div class=\"cuerpo\">\n<p><img decoding=\"async\" class=\"aligncenter\" src=\"https:\/\/www.datachaco.com\/content\/bucket\/6\/181016w790h413c.jpg.webp\" \/><\/p>\n<\/div>\n<div class=\"cuerpo\">\n<p>Testigos relataron que el incidente ocurri\u00f3 mientras familias acompa\u00f1aban a sus hijos a las actividades programadas en el club. De inmediato, autoridades de la instituci\u00f3n y personal de emergencia se presentaron en el predio para evaluar la magnitud del da\u00f1o y coordinar medidas de seguridad.<\/p>\n<p><img decoding=\"async\" src=\"https:\/\/scontent.fcnq2-1.fna.fbcdn.net\/v\/t39.30808-6\/531511323_10241649938490949_2921641122130784619_n.jpg?_nc_cat=105&amp;ccb=1-7&amp;_nc_sid=127cfc&amp;_nc_eui2=AeErvobEWDYykgTSm6vdwunxH-ELLEap_C8f4QssRqn8L4N4s7PYvuJtudGVwIGD4P4&amp;_nc_ohc=oRYDqib78BgQ7kNvwGjx6LH&amp;_nc_oc=AdnyGxl4C073hd1vokWOgj-zDYLqgpAbST33OL6jpPqKQx2xuToAmMNor8Y9oHBA9_c&amp;_nc_zt=23&amp;_nc_ht=scontent.fcnq2-1.fna&amp;_nc_gid=hX5zecZF03dW2XbUhEdflg&amp;oh=00_AfU-MRB6z0YmGjtdKCGuDE-SOUWkeH1-CIMNeohK0D4rLw&amp;oe=68A2B789\" alt=\"No hay ninguna descripci\u00f3n de la foto disponible.\" \/><br \/>\nLas pericias t\u00e9cnicas buscar\u00e1n determinar las causas del colapso y establecer si exist\u00edan fallas estructurales previas.<\/p>\n<p><img decoding=\"async\" class=\"aligncenter\" src=\"https:\/\/scontent.fcnq2-2.fna.fbcdn.net\/v\/t39.30808-6\/532531820_10241649937850933_6523590616500828356_n.jpg?_nc_cat=109&amp;ccb=1-7&amp;_nc_sid=127cfc&amp;_nc_eui2=AeH3RcR1vKiUxS2J7VeqZf5UDOJdgoaa88IM4l2Chprzwuk3eVpkBDY8458sWokI_dw&amp;_nc_ohc=ac97380KkzsQ7kNvwFVf4kH&amp;_nc_oc=Adli8vx5BBL4pL1RwOt2p9NJLx_RRvAU4OVbLOfJ6LJZXidXWVMnQrQvr-RNvo1SBKc&amp;_nc_zt=23&amp;_nc_ht=scontent.fcnq2-2.fna&amp;_nc_gid=mwTkClEv7FK3cq0PnQHUmw&amp;oh=00_AfVcRC_5splr16xlTib_B5F2SXZiDu5yfNO6BaeqrZbOWw&amp;oe=68A2CE97\" alt=\"No hay ninguna descripci\u00f3n de la foto disponible.\" \/><\/p>\n<p>Una de las profesoras presentes relat\u00f3 el momento del colapso: \u201cYo estaba en plena clase de gimnasia en el segundo turno, que doy de tres a cuatro, y se escuch\u00f3 un estruendo ya en la primera hora. Con la m\u00fasica fuerte no le di mucha importancia, pero despu\u00e9s nos dijeron que ten\u00edamos que evacuar y tuvimos que salir de todos los sectores\u201d.<\/p>\n<p>Adem\u00e1s, agreg\u00f3 que la zona del Parque Mitre qued\u00f3 restringida por seguridad de las personas.\u00a0<em><strong>\u201cTodas las disciplinas debieron evacuar y ahora est\u00e1n cerrando todo el parque. Parece que se raj\u00f3 la pileta tambi\u00e9n y se cay\u00f3 todo el muro del costado\u201d<\/strong><\/em>, asegur\u00f3 la\u00a0testigo.<\/p>\n<p><img loading=\"lazy\" decoding=\"async\" class=\"aligncenter wp-image-23674 size-full\" src=\"https:\/\/www.sportchaco.com.ar\/wp-content\/uploads\/2025\/08\/techo-3.jpg\" alt=\"\" width=\"1600\" height=\"900\" srcset=\"https:\/\/www.sportchaco.com.ar\/wp-content\/uploads\/2025\/08\/techo-3.jpg 1600w, https:\/\/www.sportchaco.com.ar\/wp-content\/uploads\/2025\/08\/techo-3-300x169.jpg 300w, https:\/\/www.sportchaco.com.ar\/wp-content\/uploads\/2025\/08\/techo-3-1024x576.jpg 1024w, https:\/\/www.sportchaco.com.ar\/wp-content\/uploads\/2025\/08\/techo-3-768x432.jpg 768w, https:\/\/www.sportchaco.com.ar\/wp-content\/uploads\/2025\/08\/techo-3-1536x864.jpg 1536w, https:\/\/www.sportchaco.com.ar\/wp-content\/uploads\/2025\/08\/techo-3-390x220.jpg 390w\" sizes=\"auto, (max-width: 1600px) 100vw, 1600px\" \/><\/p>\n<\/div>\n","protected":false},"excerpt":{"rendered":"<p>13-08-2025 En horas de la siesta de este mi\u00e9rcoles, parte del techo del estadio Jos\u00e9 Jorge Contte, perteneciente al club Regatas Corrientes, se desplom\u00f3 provocando importantes da\u00f1os materiales. Seg\u00fan las primeras informaciones, no se registraron personas heridas, aunque habr\u00eda un posible riesgo de nuevos desprendimientos en el lugar. Testigos relataron que el incidente ocurri\u00f3 mientras &hellip;<\/p>\n","protected":false},"author":2,"featured_media":23674,"comment_status":"open","ping_status":"open","sticky":false,"template":"","format":"standard","meta":{"footnotes":""},"categories":[44],"tags":[],"class_list":["post-23673","post","type-post","status-publish","format-standard","has-post-thumbnail","hentry","category-varios"],"_links":{"self":[{"href":"https:\/\/www.sportchaco.com.ar\/index.php?rest_route=\/wp\/v2\/posts\/23673","targetHints":{"allow":["GET"]}}],"collection":[{"href":"https:\/\/www.sportchaco.com.ar\/index.php?rest_route=\/wp\/v2\/posts"}],"about":[{"href":"https:\/\/www.sportchaco.com.ar\/index.php?rest_route=\/wp\/v2\/types\/post"}],"author":[{"embeddable":true,"href":"https:\/\/www.sportchaco.com.ar\/index.php?rest_route=\/wp\/v2\/users\/2"}],"replies":[{"embeddable":true,"href":"https:\/\/www.sportchaco.com.ar\/index.php?rest_route=%2Fwp%2Fv2%2Fcomments&post=23673"}],"version-history":[{"count":6,"href":"https:\/\/www.sportchaco.com.ar\/index.php?rest_route=\/wp\/v2\/posts\/23673\/revisions"}],"predecessor-version":[{"id":23683,"href":"https:\/\/www.sportchaco.com.ar\/index.php?rest_route=\/wp\/v2\/posts\/23673\/revisions\/23683"}],"wp:featuredmedia":[{"embeddable":true,"href":"https:\/\/www.sportchaco.com.ar\/index.php?rest_route=\/wp\/v2\/media\/23674"}],"wp:attachment":[{"href":"https:\/\/www.sportchaco.com.ar\/index.php?rest_route=%2Fwp%2Fv2%2Fmedia&parent=23673"}],"wp:term":[{"taxonomy":"category","embeddable":true,"href":"https:\/\/www.sportchaco.com.ar\/index.php?rest_route=%2Fwp%2Fv2%2Fcategories&post=23673"},{"taxonomy":"post_tag","embeddable":true,"href":"https:\/\/www.sportchaco.com.ar\/index.php?rest_route=%2Fwp%2Fv2%2Ftags&post=23673"}],"curies":[{"name":"wp","href":"https:\/\/api.w.org\/{rel}","templated":true}]}}