{"id":23676,"date":"2025-08-13T17:29:03","date_gmt":"2025-08-13T20:29:03","guid":{"rendered":"https:\/\/www.sportchaco.com.ar\/?p=23676"},"modified":"2025-08-13T17:29:03","modified_gmt":"2025-08-13T20:29:03","slug":"sin-techo-para-duplantis-629-metros","status":"publish","type":"post","link":"https:\/\/www.sportchaco.com.ar\/?p=23676","title":{"rendered":"Sin techo para Duplantis, 6,29 metros"},"content":{"rendered":"<div class=\"sc-40c6b9cc-11 gbxcCy\">\n<div class=\"sc-780ccd9c-0 eKDnwQ\">\n<div class=\"sc-780ccd9c-1 ezExAq\">\n<div class=\"sc-780ccd9c-2 ejyPot\">\n<section class=\"sc-40c6b9cc-0 kUIQqq\" data-cy=\"story-title-wrapper\">\n<h1 class=\"sc-a24181f1-0 kGPYgY sc-40c6b9cc-3 lkjORz text--headline1\" data-cy=\"story-header-title\">\u00abMondo\u00bb Duplantis bate el r\u00e9cord mundial por 13\u00aa vez y supera los 6,29 metros en el salto con p\u00e9rtiga<\/h1>\n<h1 class=\"sc-a24181f1-0 kGPYgY sc-40c6b9cc-3 lkjORz text--headline1\" data-cy=\"story-header-title\"><span style=\"font-size: 16px; font-weight: 400;\">El saltador con p\u00e9rtiga sueco <\/span><span style=\"font-size: 16px; font-weight: 400;\">Armand Duplantis alcanz\u00f3 los 6,29 m durante el Memorial Istvan Gyulai en Budapest, Hungr\u00eda. Esta es la decimotercera vez que establece la mejor marca de la historia.<\/span><\/h1>\n<\/section>\n<\/div>\n<\/div>\n<\/div>\n<section class=\"sc-40c6b9cc-1 eXNNnd\" data-cy=\"story-header-wrapper\">\n<div class=\"sc-780ccd9c-0 eKDnwQ\">\n<div class=\"sc-780ccd9c-1 ezExAq\">\n<div class=\"sc-780ccd9c-2 ejyPot\">\n<section class=\"sc-87633a69-0 kwhcuM\">\n<section class=\"sc-eed2f0eb-0 jqaaSa with-credits\">\n<div class=\"sc-60129b98-0 gqVeoB\"><\/div>\n<div class=\"sc-f92e1d24-0 jTcYRm image-caption has-credits single-line\" data-cy=\"caption\">\n<div class=\"sc-f92e1d24-4 hXmkHh\"><strong><span class=\"sc-a24181f1-0 BjHCc sc-f92e1d24-2 karCUu image-credits text--captionS\" data-cy=\"credits\">Foto por: 2025 Getty Images<\/span><\/strong><\/div>\n<\/div>\n<\/section>\n<\/section>\n<\/div>\n<\/div>\n<\/div>\n<\/section>\n<div class=\"sc-780ccd9c-0 eKDnwQ\">\n<div class=\"sc-780ccd9c-1 ezExAq\">\n<div class=\"sc-780ccd9c-2 iQgLXE\">\n<section class=\"sc-40c6b9cc-2 dZUWaf\">\n<div class=\"sc-40c6b9cc-9 bmmUkR\">\n<div class=\"sc-40c6b9cc-12 gNMBhb\"><strong><span class=\"sc-a24181f1-0 jnTNQu sc-40c6b9cc-6 cNtscx text--captionBold\" data-cy=\"ocs-text-module\">Por Gustavo Longo<\/span><\/strong><\/p>\n<section class=\"sc-40c6b9cc-7 jcrJMT\"><strong>Fuente Olimpics.com<\/strong><\/section>\n<section><\/section>\n<\/div>\n<\/div>\n<\/section>\n<\/div>\n<\/div>\n<\/div>\n<\/div>\n<section class=\"sc-c6a0579-0 guHqqd\" data-cy=\"story-parts-wrapper\">\n<div class=\"sc-780ccd9c-0 eKDnwQ\">\n<div class=\"sc-780ccd9c-1 ezExAq\">\n<div class=\"sc-780ccd9c-2 iQgLXE\">\n<div class=\"sc-8b637a0a-0 cUMUOz sc-37cbd500-0 jSlijU text-block\" data-cy=\"text-block-container\">\n<p>E<span style=\"color: #000000;\">n 2023, Budapest, la capital de Hungr\u00eda, vio a\u00a0<a style=\"color: #000000;\" href=\"https:\/\/www.olympics.com\/es\/atletas\/armand-duplantis\">Armand Duplantis<\/a>\u00a0proclamarse campe\u00f3n mundial de\u00a0<a style=\"color: #000000;\" href=\"https:\/\/www.olympics.com\/es\/deportes\/atletismo\/\" data-tracking-payload=\"{&quot;implementation_provider&quot;:&quot;sed&quot;,&quot;content_geography&quot;:&quot;[\\&quot;AF\\&quot;,\\&quot;AX\\&quot;,\\&quot;AL\\&quot;,\\&quot;DZ\\&quot;,\\&quot;AS\\&quot;,\\&quot;AD\\&quot;,\\&quot;AO\\&quot;,\\&quot;AI\\&quot;,\\&quot;AQ\\&quot;,\\&quot;AG\\&quot;,\\&quot;AR\\&quot;,\\&quot;AM\\&quot;,\\&quot;AW\\&quot;,\\&quot;AU\\&quot;,\\&quot;AT\\&quot;,\\&quot;AZ\\&quot;,\\&quot;BS\\&quot;,\\&quot;BH\\&quot;,\\&quot;BD\\&quot;,\\&quot;BB\\&quot;,\\&quot;BY\\&quot;,\\&quot;BE\\&quot;,\\&quot;BZ\\&quot;,\\&quot;BJ\\&quot;,\\&quot;BM\\&quot;,\\&quot;BT\\&quot;,\\&quot;BO\\&quot;,\\&quot;BQ\\&quot;,\\&quot;BA\\&quot;,\\&quot;BW\\&quot;,\\&quot;BV\\&quot;,\\&quot;BR\\&quot;,\\&quot;IO\\&quot;,\\&quot;UM\\&quot;,\\&quot;VG\\&quot;,\\&quot;VI\\&quot;,\\&quot;BN\\&quot;,\\&quot;BG\\&quot;,\\&quot;BF\\&quot;,\\&quot;BI\\&quot;,\\&quot;KH\\&quot;,\\&quot;CM\\&quot;,\\&quot;CA\\&quot;,\\&quot;CV\\&quot;,\\&quot;KY\\&quot;,\\&quot;CF\\&quot;,\\&quot;TD\\&quot;,\\&quot;CL\\&quot;,\\&quot;CN\\&quot;,\\&quot;CX\\&quot;,\\&quot;CC\\&quot;,\\&quot;CO\\&quot;,\\&quot;KM\\&quot;,\\&quot;CG\\&quot;,\\&quot;CD\\&quot;,\\&quot;CK\\&quot;,\\&quot;CR\\&quot;,\\&quot;HR\\&quot;,\\&quot;CU\\&quot;,\\&quot;CW\\&quot;,\\&quot;CY\\&quot;,\\&quot;CZ\\&quot;,\\&quot;DK\\&quot;,\\&quot;DJ\\&quot;,\\&quot;DM\\&quot;,\\&quot;DO\\&quot;,\\&quot;EC\\&quot;,\\&quot;EG\\&quot;,\\&quot;SV\\&quot;,\\&quot;GQ\\&quot;,\\&quot;ER\\&quot;,\\&quot;EE\\&quot;,\\&quot;ET\\&quot;,\\&quot;FK\\&quot;,\\&quot;FO\\&quot;,\\&quot;FJ\\&quot;,\\&quot;FI\\&quot;,\\&quot;FR\\&quot;,\\&quot;GF\\&quot;,\\&quot;PF\\&quot;,\\&quot;TF\\&quot;,\\&quot;GA\\&quot;,\\&quot;GM\\&quot;,\\&quot;GE\\&quot;,\\&quot;DE\\&quot;,\\&quot;GH\\&quot;,\\&quot;GI\\&quot;,\\&quot;GR\\&quot;,\\&quot;GL\\&quot;,\\&quot;GD\\&quot;,\\&quot;GP\\&quot;,\\&quot;GU\\&quot;,\\&quot;GT\\&quot;,\\&quot;GG\\&quot;,\\&quot;GN\\&quot;,\\&quot;GW\\&quot;,\\&quot;GY\\&quot;,\\&quot;HT\\&quot;,\\&quot;HM\\&quot;,\\&quot;VA\\&quot;,\\&quot;HN\\&quot;,\\&quot;HK\\&quot;,\\&quot;HU\\&quot;,\\&quot;IS\\&quot;,\\&quot;IN\\&quot;,\\&quot;ID\\&quot;,\\&quot;CI\\&quot;,\\&quot;IR\\&quot;,\\&quot;IQ\\&quot;,\\&quot;IE\\&quot;,\\&quot;IM\\&quot;,\\&quot;IL\\&quot;,\\&quot;IT\\&quot;,\\&quot;JM\\&quot;,\\&quot;JP\\&quot;,\\&quot;JE\\&quot;,\\&quot;JO\\&quot;,\\&quot;KZ\\&quot;,\\&quot;KE\\&quot;,\\&quot;KI\\&quot;,\\&quot;KW\\&quot;,\\&quot;KG\\&quot;,\\&quot;LA\\&quot;,\\&quot;LV\\&quot;,\\&quot;LB\\&quot;,\\&quot;LS\\&quot;,\\&quot;LR\\&quot;,\\&quot;LY\\&quot;,\\&quot;LI\\&quot;,\\&quot;LT\\&quot;,\\&quot;LU\\&quot;,\\&quot;MO\\&quot;,\\&quot;MK\\&quot;,\\&quot;MG\\&quot;,\\&quot;MW\\&quot;,\\&quot;MY\\&quot;,\\&quot;MV\\&quot;,\\&quot;ML\\&quot;,\\&quot;MT\\&quot;,\\&quot;MH\\&quot;,\\&quot;MQ\\&quot;,\\&quot;MR\\&quot;,\\&quot;MU\\&quot;,\\&quot;YT\\&quot;,\\&quot;MX\\&quot;,\\&quot;FM\\&quot;,\\&quot;MD\\&quot;,\\&quot;MC\\&quot;,\\&quot;MN\\&quot;,\\&quot;ME\\&quot;,\\&quot;MS\\&quot;,\\&quot;MA\\&quot;,\\&quot;MZ\\&quot;,\\&quot;MM\\&quot;,\\&quot;NA\\&quot;,\\&quot;NR\\&quot;,\\&quot;NP\\&quot;,\\&quot;NL\\&quot;,\\&quot;NC\\&quot;,\\&quot;NZ\\&quot;,\\&quot;NI\\&quot;,\\&quot;NE\\&quot;,\\&quot;NG\\&quot;,\\&quot;NU\\&quot;,\\&quot;NF\\&quot;,\\&quot;KP\\&quot;,\\&quot;MP\\&quot;,\\&quot;NO\\&quot;,\\&quot;OM\\&quot;,\\&quot;PK\\&quot;,\\&quot;PW\\&quot;,\\&quot;PS\\&quot;,\\&quot;PA\\&quot;,\\&quot;PG\\&quot;,\\&quot;PY\\&quot;,\\&quot;PE\\&quot;,\\&quot;PH\\&quot;,\\&quot;PN\\&quot;,\\&quot;PL\\&quot;,\\&quot;PT\\&quot;,\\&quot;PR\\&quot;,\\&quot;QA\\&quot;,\\&quot;RE\\&quot;,\\&quot;RO\\&quot;,\\&quot;RU\\&quot;,\\&quot;RW\\&quot;,\\&quot;BL\\&quot;,\\&quot;SH\\&quot;,\\&quot;KN\\&quot;,\\&quot;LC\\&quot;,\\&quot;MF\\&quot;,\\&quot;PM\\&quot;,\\&quot;VC\\&quot;,\\&quot;WS\\&quot;,\\&quot;SM\\&quot;,\\&quot;ST\\&quot;,\\&quot;SA\\&quot;,\\&quot;SN\\&quot;,\\&quot;RS\\&quot;,\\&quot;SC\\&quot;,\\&quot;SL\\&quot;,\\&quot;SG\\&quot;,\\&quot;SX\\&quot;,\\&quot;SK\\&quot;,\\&quot;SI\\&quot;,\\&quot;SB\\&quot;,\\&quot;SO\\&quot;,\\&quot;ZA\\&quot;,\\&quot;GS\\&quot;,\\&quot;KR\\&quot;,\\&quot;SS\\&quot;,\\&quot;ES\\&quot;,\\&quot;LK\\&quot;,\\&quot;SD\\&quot;,\\&quot;SR\\&quot;,\\&quot;SJ\\&quot;,\\&quot;SZ\\&quot;,\\&quot;SE\\&quot;,\\&quot;CH\\&quot;,\\&quot;SY\\&quot;,\\&quot;TW\\&quot;,\\&quot;TJ\\&quot;,\\&quot;TZ\\&quot;,\\&quot;TH\\&quot;,\\&quot;TL\\&quot;,\\&quot;TG\\&quot;,\\&quot;TK\\&quot;,\\&quot;TO\\&quot;,\\&quot;TT\\&quot;,\\&quot;TN\\&quot;,\\&quot;TR\\&quot;,\\&quot;TM\\&quot;,\\&quot;TC\\&quot;,\\&quot;TV\\&quot;,\\&quot;UG\\&quot;,\\&quot;UA\\&quot;,\\&quot;AE\\&quot;,\\&quot;GB\\&quot;,\\&quot;US\\&quot;,\\&quot;UY\\&quot;,\\&quot;UZ\\&quot;,\\&quot;VU\\&quot;,\\&quot;VE\\&quot;,\\&quot;VN\\&quot;,\\&quot;WF\\&quot;,\\&quot;EH\\&quot;,\\&quot;YE\\&quot;,\\&quot;ZM\\&quot;,\\&quot;ZW\\&quot;,\\&quot;XK\\&quot;]&quot;,&quot;content_id&quot;:&quot;2887ba72-1025-4243-b35b-aab3441c21a6&quot;,&quot;content_release_date_local_utc&quot;:&quot;2025-08-12T18:13:42.042Z&quot;,&quot;content_title&quot;:&quot;\\&quot;Mondo\\&quot; Duplantis bate el r\u00e9cord mundial por 13\u00aa vez y supera los 6,29 metros en el salto con p\u00e9rtiga&quot;,&quot;tag&quot;:&quot;[\\&quot;discipline-atletismo\\&quot;,\\&quot;newsclip\\&quot;,\\&quot;gender-male\\&quot;,\\&quot;armand-duplantis\\&quot;]&quot;,&quot;module_type&quot;:&quot;TextBlock&quot;,&quot;module_title&quot;:&quot;\\&quot;Mondo\\&quot; Duplantis bate el r\u00e9cord mundial por 13\u00aa vez y supera los 6,29 metros en el salto con p\u00e9rtiga&quot;,&quot;section_level_1&quot;:&quot;news&quot;,&quot;section_level_2&quot;:&quot;armand-duplantis-bate-record-mundial-por-13-vez&quot;,&quot;discipline&quot;:&quot;discipline-atletismo&quot;,&quot;odf_id&quot;:&quot;ATH&quot;,&quot;module_instance&quot;:&quot;Inline&quot;,&quot;module_id&quot;:null}\" data-tracking=\"click\">salto con p\u00e9rtiga<\/a>. Sin embargo, en aquella ocasi\u00f3n no logr\u00f3 establecer el r\u00e9cord mundial tras fallar en sus tres intentos con 6,23 metros. Casi dos a\u00f1os despu\u00e9s, el 12 de agosto de 2025, la misma ciudad vio a la estrella sueca lograr la mejor marca de la historia una vez m\u00e1s.<\/span><\/p>\n<p><span style=\"color: #000000;\">En el\u00a0Memorial Istvan Gyulai, prueba de oro del\u00a0<em>World Athletics Continental Tour<\/em>,\u00a0&#8216;Mondo&#8217; Duplantis logr\u00f3 una marca de 6,29 metros en su segundo intento. El resultado es un cent\u00edmetro superior al r\u00e9cord que hab\u00eda establecido hace dos meses durante la parada de Estocolmo de la Diamond League 2025.\u00a0Es la decimotercera vez que rompe el r\u00e9cord.<\/span><\/p>\n<p><span style=\"color: #000000;\">El saltador con p\u00e9rtiga ya hab\u00eda asegurado la medalla de oro cuando el griego\u00a0<a style=\"color: #000000;\" href=\"https:\/\/www.olympics.com\/es\/atletas\/emmanouil-karalis\">Emmanouil Karalis<\/a>\u00a0fall\u00f3 en dos intentos la marca de 6,11 metros y termin\u00f3 segundo con 6,02 metros. El australiano\u00a0<a style=\"color: #000000;\" href=\"https:\/\/www.olympics.com\/es\/atletas\/kurtis-marschall\">Kurtis Marschall<\/a>, por su lado, se llev\u00f3 la medalla de bronce con 5,82 metros.<\/span><\/p>\n<p><span style=\"color: #000000;\"><img decoding=\"async\" src=\"https:\/\/media.eitb.eus\/multimedia\/images\/2025\/08\/13\/3618796\/20250813175015_armandduplantispertigarec_foto610x342.jpg\" alt=\"Duplantis fija el r\u00e9cord del mundo de salto con p\u00e9rtiga en 6,29 metros\" \/><\/span><\/p>\n<p><span style=\"color: #000000;\">El resultado en el Memorial Istvan Gyulai fue una especie de redenci\u00f3n para Armand Duplantis en Budapest. El evento se celebr\u00f3 en el\u00a0Centro Atl\u00e9tico Nacional, sede del Campeonato Mundial de Atletismo de 2023. El sueco gan\u00f3 su segundo campeonato mundial, pero no logr\u00f3 superar la barrera de los 6,23 metros que le habr\u00eda dado el r\u00e9cord; la haza\u00f1a llegar\u00eda tres semanas despu\u00e9s.<\/span><\/p>\n<p><span style=\"color: #000000;\">Con otro r\u00e9cord mundial, Duplantis llegar\u00e1 a Tokio, Jap\u00f3n, como una de las principales estrellas del\u00a0Campeonato Mundial de Atletismo de 2025, que se celebrar\u00e1 del 13 al 21 de septiembre. Si supera los 6,30 metros, ser\u00e1 la primera vez en su carrera que establece la mejor marca de salto con p\u00e9rtiga cuatro veces en la misma temporada.<\/span><\/p>\n<p><img decoding=\"async\" src=\"https:\/\/img.olympics.com\/images\/image\/private\/t_s_16_9_g_auto\/t_s_w1460\/f_auto\/primary\/g7law5acndzpzg02uqio\" alt=\"Armand Duplantis of Sweden competes\" \/><\/p>\n<\/div>\n<\/div>\n<\/div>\n<\/div>\n<\/section>\n","protected":false},"excerpt":{"rendered":"<p>\u00abMondo\u00bb Duplantis bate el r\u00e9cord mundial por 13\u00aa vez y supera los 6,29 metros en el salto con p\u00e9rtiga El saltador con p\u00e9rtiga sueco Armand Duplantis alcanz\u00f3 los 6,29 m durante el Memorial Istvan Gyulai en Budapest, Hungr\u00eda. Esta es la decimotercera vez que establece la mejor marca de la historia. Foto por: 2025 Getty &hellip;<\/p>\n","protected":false},"author":2,"featured_media":23677,"comment_status":"open","ping_status":"open","sticky":false,"template":"","format":"standard","meta":{"footnotes":""},"categories":[63],"tags":[],"class_list":["post-23676","post","type-post","status-publish","format-standard","has-post-thumbnail","hentry","category-atletismo"],"_links":{"self":[{"href":"https:\/\/www.sportchaco.com.ar\/index.php?rest_route=\/wp\/v2\/posts\/23676","targetHints":{"allow":["GET"]}}],"collection":[{"href":"https:\/\/www.sportchaco.com.ar\/index.php?rest_route=\/wp\/v2\/posts"}],"about":[{"href":"https:\/\/www.sportchaco.com.ar\/index.php?rest_route=\/wp\/v2\/types\/post"}],"author":[{"embeddable":true,"href":"https:\/\/www.sportchaco.com.ar\/index.php?rest_route=\/wp\/v2\/users\/2"}],"replies":[{"embeddable":true,"href":"https:\/\/www.sportchaco.com.ar\/index.php?rest_route=%2Fwp%2Fv2%2Fcomments&post=23676"}],"version-history":[{"count":1,"href":"https:\/\/www.sportchaco.com.ar\/index.php?rest_route=\/wp\/v2\/posts\/23676\/revisions"}],"predecessor-version":[{"id":23678,"href":"https:\/\/www.sportchaco.com.ar\/index.php?rest_route=\/wp\/v2\/posts\/23676\/revisions\/23678"}],"wp:featuredmedia":[{"embeddable":true,"href":"https:\/\/www.sportchaco.com.ar\/index.php?rest_route=\/wp\/v2\/media\/23677"}],"wp:attachment":[{"href":"https:\/\/www.sportchaco.com.ar\/index.php?rest_route=%2Fwp%2Fv2%2Fmedia&parent=23676"}],"wp:term":[{"taxonomy":"category","embeddable":true,"href":"https:\/\/www.sportchaco.com.ar\/index.php?rest_route=%2Fwp%2Fv2%2Fcategories&post=23676"},{"taxonomy":"post_tag","embeddable":true,"href":"https:\/\/www.sportchaco.com.ar\/index.php?rest_route=%2Fwp%2Fv2%2Ftags&post=23676"}],"curies":[{"name":"wp","href":"https:\/\/api.w.org\/{rel}","templated":true}]}}