{"id":23696,"date":"2025-08-13T21:20:38","date_gmt":"2025-08-14T00:20:38","guid":{"rendered":"https:\/\/www.sportchaco.com.ar\/?p=23696"},"modified":"2025-08-14T18:18:21","modified_gmt":"2025-08-14T21:18:21","slug":"fc-barberan-amplio-su-ventaja-y-se-puso-al-dia","status":"publish","type":"post","link":"https:\/\/www.sportchaco.com.ar\/?p=23696","title":{"rendered":"FC Barber\u00e1n ampli\u00f3 su ventaja y se puso al d\u00eda"},"content":{"rendered":"<p><strong>13-08-2025<\/strong><\/p>\n<p><img loading=\"lazy\" decoding=\"async\" class=\"aligncenter wp-image-20490 size-full\" src=\"https:\/\/www.sportchaco.com.ar\/wp-content\/uploads\/2025\/06\/728x90-1.gif\" alt=\"\" width=\"1518\" height=\"189\" \/><\/p>\n<p>Los L\u00edricos y FC Barber\u00e1n se pusieron al d\u00eda con la 17\u00aa fecha del torneo Oficial de la Primera B de la Liga Chaque\u00f1a. El mismo se hab\u00eda suspendido el pasado 3 de agosto por un golpe en la cabeza del equipo del aeropuerto con un resultado parcial de 2-0 para el \u00abtricolor\u00bb.<\/p>\n<p>En el \u00abAlberto &#8216;toto&#8217; Torresagasti de Puerto Tirol se completaron los restantes 50 minutos. FC Barber\u00e1n termin\u00f3 concretando su triunfo por 4 a 1. De esta manera ambos equipos quedaron al d\u00eda con sus compromisos.<\/p>\n<p>Este viernes se dar\u00e1 inici\u00f3 a la 19\u00aa fecha con el partido entre Parque Patricios y V\u00e9lez en cancha de Villa Alvear. Luego habr\u00e1 partidos s\u00e1bado y domingo.<\/p>\n<p><b><strong>TORNEO OFICIAL \u00abADRI\u00c1N DAR\u00cdO PARRA\u00bb<br \/>\nMi\u00e9rcoles 13-08<br \/>\n<\/strong><\/b>Los L\u00edricos 1 \u2013 FC Barber\u00e1n 4, en Indep. Tirol <em>(partido pendiente de la 17\u00aa fecha)<\/em><br \/>\n<em>*se jugaron 50 minutos<\/em><\/p>\n<p><strong>TODA LA 19\u00aa FECHA<br \/>\nViernes 15-08<\/strong><br \/>\nA las 15:30; Parque Patricios \u2013 V\u00e9lez, en Alvear<\/p>\n<p><strong>S\u00e1bado 16-08<\/strong><br \/>\nA las 15:30; Confraternidad \u2013 Camioneros, en Defensores<br \/>\nA las 15:30; UPCP \u2013 Banfield, en Regional<br \/>\nA las 15:30; Chaco Hebr\u00f3n \u2013 Dep. Sameep<br \/>\nA las 15:30; Dep. Esperanza \u2013 C. E. de Comercio, en V\u00e9lez<\/p>\n<p><strong>Domingo 17-08<\/strong><br \/>\nA las 15:30; Dep. G\u00fciraldes \u2013 Centauro FC, en Regional<br \/>\nA las 15:30; Los L\u00edricos \u2013 DEF, en Indep. Tirol<br \/>\nA las 15:30; Uni\u00f3n del Sur \u2013 Municipales<br \/>\nA las 16; Dogos \u2013 Dep. Zona Sur, en Chaco Hebr\u00f3n<\/p>\n<p>Bariloche FC \u2013 San Fernando\u00a0<em>(suspendido)<br \/>\n*Bariloche FC se dio de baja de la Liga Chaque\u00f1a\u00a0<\/em><\/p>\n<p>FC Barber\u00e1n\u00a0\u2013 Dep. Barber\u00e1n\u00a0<em>(suspendido)<br \/>\n*Dep. Barber\u00e1n lo dieron de baja de la Liga Chaque\u00f1a\u00a0<\/em><\/p>\n<p><strong>Libre:<\/strong>\u00a0Canallas del Sur<\/p>\n<p><strong>POSICIONES<\/strong><br \/>\nParque Patricios 42<br \/>\nC. E. de Comercio 39<br \/>\nLos L\u00edricos 37<br \/>\nUPCP 35<br \/>\nDep. Esperanza 33<br \/>\nDep. G\u00fciraldes 33<br \/>\nCanallas del Sur 28<br \/>\nSan Fernando 28<br \/>\nBanfield 27<br \/>\nFC Barber\u00e1n 23<br \/>\nDep. Sameep 22<br \/>\nMunicipales 22<br \/>\nUni\u00f3n del Sur 22<br \/>\nDep. Zona Sur 21<br \/>\nDogos 21<br \/>\nV\u00e9lez 20<br \/>\nConfraternidad 19<br \/>\nCamioneros 18<br \/>\nDEF 14<br \/>\nDep. Barber\u00e1n 14<em>*<\/em><br \/>\nChaco Hebr\u00f3n 14<br \/>\nCentauro FC 10<br \/>\nBariloche FC 6<em>*<\/em><em><br \/>\n*Se dieron de baja del torneo<br \/>\n*Todos los equipos que enfrenten a Dep. Barber\u00e1n y Bariloche FC se adjudicar\u00e1n los tres puntos<\/em><\/p>\n<p><em><strong>Foto:\u00a0<\/strong><strong>F\u00fatbol Criollo<\/strong><\/em><\/p>\n<p><em><img loading=\"lazy\" decoding=\"async\" class=\"aligncenter wp-image-20488 size-full\" src=\"https:\/\/www.sportchaco.com.ar\/wp-content\/uploads\/2025\/06\/BANNER-WEB-CHACO-JUEGA_300x250.gif\" alt=\"\" width=\"626\" height=\"522\" \/><\/em><\/p>\n","protected":false},"excerpt":{"rendered":"<p>13-08-2025 Los L\u00edricos y FC Barber\u00e1n se pusieron al d\u00eda con la 17\u00aa fecha del torneo Oficial de la Primera B de la Liga Chaque\u00f1a. El mismo se hab\u00eda suspendido el pasado 3 de agosto por un golpe en la cabeza del equipo del aeropuerto con un resultado parcial de 2-0 para el \u00abtricolor\u00bb. En &hellip;<\/p>\n","protected":false},"author":3,"featured_media":23697,"comment_status":"open","ping_status":"open","sticky":false,"template":"","format":"standard","meta":{"footnotes":""},"categories":[5],"tags":[],"class_list":["post-23696","post","type-post","status-publish","format-standard","has-post-thumbnail","hentry","category-futbol"],"_links":{"self":[{"href":"https:\/\/www.sportchaco.com.ar\/index.php?rest_route=\/wp\/v2\/posts\/23696","targetHints":{"allow":["GET"]}}],"collection":[{"href":"https:\/\/www.sportchaco.com.ar\/index.php?rest_route=\/wp\/v2\/posts"}],"about":[{"href":"https:\/\/www.sportchaco.com.ar\/index.php?rest_route=\/wp\/v2\/types\/post"}],"author":[{"embeddable":true,"href":"https:\/\/www.sportchaco.com.ar\/index.php?rest_route=\/wp\/v2\/users\/3"}],"replies":[{"embeddable":true,"href":"https:\/\/www.sportchaco.com.ar\/index.php?rest_route=%2Fwp%2Fv2%2Fcomments&post=23696"}],"version-history":[{"count":2,"href":"https:\/\/www.sportchaco.com.ar\/index.php?rest_route=\/wp\/v2\/posts\/23696\/revisions"}],"predecessor-version":[{"id":23737,"href":"https:\/\/www.sportchaco.com.ar\/index.php?rest_route=\/wp\/v2\/posts\/23696\/revisions\/23737"}],"wp:featuredmedia":[{"embeddable":true,"href":"https:\/\/www.sportchaco.com.ar\/index.php?rest_route=\/wp\/v2\/media\/23697"}],"wp:attachment":[{"href":"https:\/\/www.sportchaco.com.ar\/index.php?rest_route=%2Fwp%2Fv2%2Fmedia&parent=23696"}],"wp:term":[{"taxonomy":"category","embeddable":true,"href":"https:\/\/www.sportchaco.com.ar\/index.php?rest_route=%2Fwp%2Fv2%2Fcategories&post=23696"},{"taxonomy":"post_tag","embeddable":true,"href":"https:\/\/www.sportchaco.com.ar\/index.php?rest_route=%2Fwp%2Fv2%2Ftags&post=23696"}],"curies":[{"name":"wp","href":"https:\/\/api.w.org\/{rel}","templated":true}]}}