{"id":23710,"date":"2025-08-14T16:32:41","date_gmt":"2025-08-14T19:32:41","guid":{"rendered":"https:\/\/www.sportchaco.com.ar\/?p=23710"},"modified":"2025-08-14T16:32:41","modified_gmt":"2025-08-14T19:32:41","slug":"chaco-se-realizo-con-exito-la-clinica-provincial-de-arbitros-y-comisionados","status":"publish","type":"post","link":"https:\/\/www.sportchaco.com.ar\/?p=23710","title":{"rendered":"Chaco: Se realiz\u00f3 con \u00e9xito la \u201cCl\u00ednica Provincial de \u00c1rbitros y Comisionados\u201d"},"content":{"rendered":"<h1 class=\"story-title entry-title\"><span style=\"font-size: 16px; font-weight: 400;\">13-8-2025<\/span><\/h1>\n<div id=\"right-content\" class=\"relative\">\n<div id=\"content-area\" class=\"left relative\">\n<div id=\"feat-img-reg\" class=\"relative\"><\/div>\n<div id=\"left-content-mobi\">\n<div class=\"author-info-mob-wrap\"><span class=\"vcard author\">\u00a0<\/span><\/div>\n<\/div>\n<div id=\"tps_slideContainer_28194\" class=\"theiaPostSlider_slides\">\n<div>\n<p><strong>La charla te\u00f3rica permiti\u00f3 ajustar conceptos y fortalecer aspectos relacionados con la reglamentaci\u00f3n vigente para la competencia en el \u00e1mbito provincial y nacional; y adem\u00e1s se incluy\u00f3 una parte f\u00edsica que tuvo lugar en el estadio Arena Uncaus de S\u00e1enz Pe\u00f1a.<\/strong><\/p>\n<p>&nbsp;<\/p>\n<p>Con la participaci\u00f3n de 54 jueces y comisionados t\u00e9cnicos se realiz\u00f3 en las instalaciones de la Universidad Nacional del Chaco Austral de S\u00e1enz Pe\u00f1a la cl\u00ednica de capacitaci\u00f3n te\u00f3rica y pr\u00e1ctica, que revest\u00eda el car\u00e1cter de obligatoria para quienes van a tomar parte en el Torneo Provincial Pre Federal de<br \/>\nmayores.<\/p>\n<p>La actividad estuvo impulsada y coordinada desde la Escuela de \u00c1rbitros Chaco, que con el ex juega nacional H\u00e9ctor Hugo Wasinger cumpli\u00f3 con la exigente tem\u00e1tica durante toda una jornada y con gran aceptaci\u00f3n de los representantes de las tres asociaciones vinculadas a la Federaci\u00f3n Chaque\u00f1a<br \/>\nde B\u00e1squetbol.<\/p>\n<figure class=\"wp-block-image size-large\"><a href=\"https:\/\/baskettotal.com.ar\/wp-content\/uploads\/2025\/08\/clinica-arbitros-CH1.jpg\"><img loading=\"lazy\" decoding=\"async\" class=\"lazy wp-image-28195 lazy-loaded\" src=\"https:\/\/baskettotal.com.ar\/wp-content\/uploads\/2025\/08\/clinica-arbitros-CH1-1024x614.jpg\" sizes=\"auto, (max-width: 1024px) 100vw, 1024px\" srcset=\"https:\/\/baskettotal.com.ar\/wp-content\/uploads\/2025\/08\/clinica-arbitros-CH1-1024x614.jpg 1024w, https:\/\/baskettotal.com.ar\/wp-content\/uploads\/2025\/08\/clinica-arbitros-CH1-300x180.jpg 300w, https:\/\/baskettotal.com.ar\/wp-content\/uploads\/2025\/08\/clinica-arbitros-CH1-768x461.jpg 768w, https:\/\/baskettotal.com.ar\/wp-content\/uploads\/2025\/08\/clinica-arbitros-CH1-1000x600.jpg 1000w, https:\/\/baskettotal.com.ar\/wp-content\/uploads\/2025\/08\/clinica-arbitros-CH1-400x240.jpg 400w, https:\/\/baskettotal.com.ar\/wp-content\/uploads\/2025\/08\/clinica-arbitros-CH1.jpg 1040w\" alt=\"\" width=\"1024\" height=\"614\" data-lazy-type=\"image\" data-lazy-src=\"https:\/\/baskettotal.com.ar\/wp-content\/uploads\/2025\/08\/clinica-arbitros-CH1-1024x614.jpg\" data-lazy-srcset=\"https:\/\/baskettotal.com.ar\/wp-content\/uploads\/2025\/08\/clinica-arbitros-CH1-1024x614.jpg 1024w, https:\/\/baskettotal.com.ar\/wp-content\/uploads\/2025\/08\/clinica-arbitros-CH1-300x180.jpg 300w, https:\/\/baskettotal.com.ar\/wp-content\/uploads\/2025\/08\/clinica-arbitros-CH1-768x461.jpg 768w, https:\/\/baskettotal.com.ar\/wp-content\/uploads\/2025\/08\/clinica-arbitros-CH1-1000x600.jpg 1000w, https:\/\/baskettotal.com.ar\/wp-content\/uploads\/2025\/08\/clinica-arbitros-CH1-400x240.jpg 400w, https:\/\/baskettotal.com.ar\/wp-content\/uploads\/2025\/08\/clinica-arbitros-CH1.jpg 1040w\" data-lazy-sizes=\"(max-width: 1024px) 100vw, 1024px\" \/><\/a><\/figure>\n<p>La charla te\u00f3rica permiti\u00f3 ajustar conceptos y fortalecer aspectos relacionados con la reglamentaci\u00f3n vigente para la competencia en el \u00e1mbito provincial y nacional; y adem\u00e1s se incluy\u00f3 una parte f\u00edsica que tuvo lugar en el estadio Arena Uncaus de la Ciudad Termal.<\/p>\n<p>En la charla que se realiz\u00f3 en los salones de la casa de altos estudios se expuso tambi\u00e9n sobre control de juego, falta t\u00e9cnica y antideportiva. La evaluaci\u00f3n f\u00edsica consisti\u00f3 en el Test de Navette, con distintas exigencias para cada edad y sexo.<\/p>\n<figure class=\"wp-block-image size-large\"><a href=\"https:\/\/baskettotal.com.ar\/wp-content\/uploads\/2025\/08\/clinica-arbitros-CH2.jpg\"><img loading=\"lazy\" decoding=\"async\" class=\"lazy wp-image-28196 lazy-loaded\" src=\"https:\/\/baskettotal.com.ar\/wp-content\/uploads\/2025\/08\/clinica-arbitros-CH2-1024x614.jpg\" sizes=\"auto, (max-width: 1024px) 100vw, 1024px\" srcset=\"https:\/\/baskettotal.com.ar\/wp-content\/uploads\/2025\/08\/clinica-arbitros-CH2-1024x614.jpg 1024w, https:\/\/baskettotal.com.ar\/wp-content\/uploads\/2025\/08\/clinica-arbitros-CH2-300x180.jpg 300w, https:\/\/baskettotal.com.ar\/wp-content\/uploads\/2025\/08\/clinica-arbitros-CH2-768x461.jpg 768w, https:\/\/baskettotal.com.ar\/wp-content\/uploads\/2025\/08\/clinica-arbitros-CH2-1000x600.jpg 1000w, https:\/\/baskettotal.com.ar\/wp-content\/uploads\/2025\/08\/clinica-arbitros-CH2-400x240.jpg 400w, https:\/\/baskettotal.com.ar\/wp-content\/uploads\/2025\/08\/clinica-arbitros-CH2.jpg 1040w\" alt=\"\" width=\"1024\" height=\"614\" data-lazy-type=\"image\" data-lazy-src=\"https:\/\/baskettotal.com.ar\/wp-content\/uploads\/2025\/08\/clinica-arbitros-CH2-1024x614.jpg\" data-lazy-srcset=\"https:\/\/baskettotal.com.ar\/wp-content\/uploads\/2025\/08\/clinica-arbitros-CH2-1024x614.jpg 1024w, https:\/\/baskettotal.com.ar\/wp-content\/uploads\/2025\/08\/clinica-arbitros-CH2-300x180.jpg 300w, https:\/\/baskettotal.com.ar\/wp-content\/uploads\/2025\/08\/clinica-arbitros-CH2-768x461.jpg 768w, https:\/\/baskettotal.com.ar\/wp-content\/uploads\/2025\/08\/clinica-arbitros-CH2-1000x600.jpg 1000w, https:\/\/baskettotal.com.ar\/wp-content\/uploads\/2025\/08\/clinica-arbitros-CH2-400x240.jpg 400w, https:\/\/baskettotal.com.ar\/wp-content\/uploads\/2025\/08\/clinica-arbitros-CH2.jpg 1040w\" data-lazy-sizes=\"(max-width: 1024px) 100vw, 1024px\" \/><\/a><\/figure>\n<p>FUENTE: Federaci\u00f3n Chaque\u00f1a de B\u00e1squetbol<\/p>\n<\/div>\n<\/div>\n<\/div>\n<\/div>\n","protected":false},"excerpt":{"rendered":"<p>13-8-2025 \u00a0 La charla te\u00f3rica permiti\u00f3 ajustar conceptos y fortalecer aspectos relacionados con la reglamentaci\u00f3n vigente para la competencia en el \u00e1mbito provincial y nacional; y adem\u00e1s se incluy\u00f3 una parte f\u00edsica que tuvo lugar en el estadio Arena Uncaus de S\u00e1enz Pe\u00f1a. &nbsp; Con la participaci\u00f3n de 54 jueces y comisionados t\u00e9cnicos se realiz\u00f3 &hellip;<\/p>\n","protected":false},"author":2,"featured_media":23711,"comment_status":"open","ping_status":"open","sticky":false,"template":"","format":"standard","meta":{"footnotes":""},"categories":[3],"tags":[],"class_list":["post-23710","post","type-post","status-publish","format-standard","has-post-thumbnail","hentry","category-basquetbol"],"_links":{"self":[{"href":"https:\/\/www.sportchaco.com.ar\/index.php?rest_route=\/wp\/v2\/posts\/23710","targetHints":{"allow":["GET"]}}],"collection":[{"href":"https:\/\/www.sportchaco.com.ar\/index.php?rest_route=\/wp\/v2\/posts"}],"about":[{"href":"https:\/\/www.sportchaco.com.ar\/index.php?rest_route=\/wp\/v2\/types\/post"}],"author":[{"embeddable":true,"href":"https:\/\/www.sportchaco.com.ar\/index.php?rest_route=\/wp\/v2\/users\/2"}],"replies":[{"embeddable":true,"href":"https:\/\/www.sportchaco.com.ar\/index.php?rest_route=%2Fwp%2Fv2%2Fcomments&post=23710"}],"version-history":[{"count":2,"href":"https:\/\/www.sportchaco.com.ar\/index.php?rest_route=\/wp\/v2\/posts\/23710\/revisions"}],"predecessor-version":[{"id":23713,"href":"https:\/\/www.sportchaco.com.ar\/index.php?rest_route=\/wp\/v2\/posts\/23710\/revisions\/23713"}],"wp:featuredmedia":[{"embeddable":true,"href":"https:\/\/www.sportchaco.com.ar\/index.php?rest_route=\/wp\/v2\/media\/23711"}],"wp:attachment":[{"href":"https:\/\/www.sportchaco.com.ar\/index.php?rest_route=%2Fwp%2Fv2%2Fmedia&parent=23710"}],"wp:term":[{"taxonomy":"category","embeddable":true,"href":"https:\/\/www.sportchaco.com.ar\/index.php?rest_route=%2Fwp%2Fv2%2Fcategories&post=23710"},{"taxonomy":"post_tag","embeddable":true,"href":"https:\/\/www.sportchaco.com.ar\/index.php?rest_route=%2Fwp%2Fv2%2Ftags&post=23710"}],"curies":[{"name":"wp","href":"https:\/\/api.w.org\/{rel}","templated":true}]}}