{"id":23714,"date":"2025-08-14T16:36:09","date_gmt":"2025-08-14T19:36:09","guid":{"rendered":"https:\/\/www.sportchaco.com.ar\/?p=23714"},"modified":"2025-08-14T18:23:42","modified_gmt":"2025-08-14T21:23:42","slug":"se-lanzo-oficialmente-el-provincial","status":"publish","type":"post","link":"https:\/\/www.sportchaco.com.ar\/?p=23714","title":{"rendered":"Se lanz\u00f3 oficialmente el Provincial"},"content":{"rendered":"<div class=\"xdj266r x14z9mp xat24cr x1lziwak x1vvkbs x126k92a\">\n<div dir=\"auto\"><strong>14-08-2025\u00a0<\/strong><\/div>\n<\/div>\n<div dir=\"auto\"><\/div>\n<div dir=\"auto\"><img loading=\"lazy\" decoding=\"async\" class=\"aligncenter size-large wp-image-18962\" src=\"https:\/\/www.sportchaco.com.ar\/wp-content\/uploads\/2025\/05\/940x90-1-1024x98.gif\" alt=\"\" width=\"1024\" height=\"98\" srcset=\"https:\/\/www.sportchaco.com.ar\/wp-content\/uploads\/2025\/05\/940x90-1-1024x98.gif 1024w, https:\/\/www.sportchaco.com.ar\/wp-content\/uploads\/2025\/05\/940x90-1-300x29.gif 300w, https:\/\/www.sportchaco.com.ar\/wp-content\/uploads\/2025\/05\/940x90-1-768x74.gif 768w, https:\/\/www.sportchaco.com.ar\/wp-content\/uploads\/2025\/05\/940x90-1-1536x147.gif 1536w, https:\/\/www.sportchaco.com.ar\/wp-content\/uploads\/2025\/05\/940x90-1-2048x197.gif 2048w\" sizes=\"auto, (max-width: 1024px) 100vw, 1024px\" \/><\/div>\n<div dir=\"auto\"><\/div>\n<div class=\"x14z9mp xat24cr x1lziwak x1vvkbs xtlvy1s x126k92a\">\n<div dir=\"auto\">La presentaci\u00f3n fue realizada en el Sal\u00f3n Obligado de Casa de Gobierno y estuvo a cargo del presidente de la FChB, Gustavo Rath, el titular del IDCh, Fabio V\u00e1zquez, el coordinador deportivo Jorge Corbal\u00e1n y otros directivos del b\u00e1squet chaque\u00f1o, quienes ofrecieron detalles relacionados con el torneo.<\/div>\n<div dir=\"auto\"><\/div>\n<div dir=\"auto\"><img decoding=\"async\" src=\"https:\/\/scontent.fcnq2-1.fna.fbcdn.net\/v\/t39.30808-6\/534160197_1176144231219129_7123711011075563907_n.jpg?_nc_cat=102&amp;ccb=1-7&amp;_nc_sid=833d8c&amp;_nc_eui2=AeET0lE0-4cCg6XiP5_V7Dyr_vKQSFJcxmD-8pBIUlzGYBqD3viaIYwv_EBb3PgQouI&amp;_nc_ohc=j9-Ex0JX9NUQ7kNvwHNXqTZ&amp;_nc_oc=Adn5nB1rq9wxsq27sFsg433Nk2hOxV1IbhMRRYOAlsGsaogUMdSrFiEd3E6DOc_NtrA&amp;_nc_zt=23&amp;_nc_ht=scontent.fcnq2-1.fna&amp;_nc_gid=3cSlfw9R59c3uE3hIIIXmQ&amp;oh=00_AfXDpJhJALAWqd_ZE9oTvZuvaoU30PTJLKEikoEdjXWNGw&amp;oe=68A40706\" alt=\"Puede ser una imagen de 6 personas y texto que dice &quot;del \u30e8 F Gobi \u6ca1&quot;\" \/><\/div>\n<div dir=\"auto\"><\/div>\n<div dir=\"auto\">Rath inform\u00f3 que el certamen que empezar\u00e1 este viernes tendr\u00e1 12 clubes en competencia, distribuidos en dos zonas de 6 cada una, en representaci\u00f3n de las tres asociaciones afiliadas a Federaci\u00f3n. Al cabo de la fase regular de 10 fechas, ida y vuelta, se disputar\u00e1n los Play-in de Reclasificaci\u00f3n para sumar dos equipos m\u00e1s a los play-off de cuartos de final.<\/div>\n<div dir=\"auto\"><\/div>\n<div dir=\"auto\">\u00abDesde el gobierno de la provincia tenemos la firme intenci\u00f3n de acompa\u00f1ar a todas las disciplinas deportivas, como lo venimos haciendo desde el inicio de la gesti\u00f3n, por lineamientos del gobernador Leandro Zdero\u00bb expuso a su turno Fabio V\u00e1zquez, a la par que anunci\u00f3 que \u00abel gobierno de la provincia realizar\u00e1 un aporte para los cuatro primeros clasificados, que permitir\u00e1 aliviar los costos\u00bb<\/div>\n<div dir=\"auto\"><img loading=\"lazy\" decoding=\"async\" class=\"aligncenter\" src=\"https:\/\/scontent.fcnq2-1.fna.fbcdn.net\/v\/t39.30808-6\/526062856_1163157072517845_5980960744311575448_n.jpg?stp=dst-jpg_s600x600_tt6&amp;_nc_cat=106&amp;ccb=1-7&amp;_nc_sid=833d8c&amp;_nc_eui2=AeG_T0VWqBbLYuF4Axa5lgmAF4Byh78JTAEXgHKHvwlMAXFhXa0dSfxwi9CNfvT4HIA&amp;_nc_ohc=-EFsXA8Ox5sQ7kNvwFw9cT2&amp;_nc_oc=AdnKHNET3Uc-Q48paZwUYtYyW_1Hi3je8In0x1p4tDDStD-2QwJu0ayvGReXRKo9cTU&amp;_nc_zt=23&amp;_nc_ht=scontent.fcnq2-1.fna&amp;_nc_gid=Snznosi25e2EzynvVbuGtA&amp;oh=00_AfV1lTVdNHmJNmf4kVUjvuUWm8PAgS_MX27ZYY-E16Q63Q&amp;oe=68A427F6\" alt=\"\" width=\"600\" height=\"375\" \/><\/div>\n<div dir=\"auto\">Puntualmente la ayuda consistir\u00e1 en el pago de la inscripci\u00f3n para competir en La Liga Federal de B\u00e1squet de la pr\u00f3xima temporada, que oscila en 10 millones de pesos. El Provincial Pre Federal afrontar\u00e1 los 6 partidos de la primera fecha este viernes, de los cuales uno ser\u00e1 transmitido por el canal p\u00fablico provincial Somos Uno.<\/div>\n<div dir=\"auto\"><\/div>\n<\/div>\n<p><img loading=\"lazy\" decoding=\"async\" class=\"aligncenter\" src=\"https:\/\/scontent.fcnq2-2.fna.fbcdn.net\/v\/t39.30808-6\/524691470_1163157199184499_8448832558275828886_n.jpg?stp=dst-jpg_s600x600_tt6&amp;_nc_cat=108&amp;ccb=1-7&amp;_nc_sid=833d8c&amp;_nc_eui2=AeFYMxFS_TtFLUPh51OJeCgSYW01RIJ6WqdhbTVEgnpapyrRYVQ7li7vF7ZpVKmfwAA&amp;_nc_ohc=uTYhSAaG-CwQ7kNvwGoM4rs&amp;_nc_oc=Adl45t6-qd_vy_I_dqIZnHHT_72_r0oHfoBBS5-8uGDOqIl54aTDCsNP5MpjWu_erLI&amp;_nc_zt=23&amp;_nc_ht=scontent.fcnq2-2.fna&amp;_nc_gid=Snznosi25e2EzynvVbuGtA&amp;oh=00_AfWGcLiiiREOHzsJPr2s5ATuIMCywD26ajVQAzpDtQmduQ&amp;oe=68A415EB\" alt=\"\" width=\"600\" height=\"375\" \/><\/p>\n<p>&nbsp;<\/p>\n<p>&nbsp;<\/p>\n<p>&nbsp;<\/p>\n","protected":false},"excerpt":{"rendered":"<p>14-08-2025\u00a0 La presentaci\u00f3n fue realizada en el Sal\u00f3n Obligado de Casa de Gobierno y estuvo a cargo del presidente de la FChB, Gustavo Rath, el titular del IDCh, Fabio V\u00e1zquez, el coordinador deportivo Jorge Corbal\u00e1n y otros directivos del b\u00e1squet chaque\u00f1o, quienes ofrecieron detalles relacionados con el torneo. Rath inform\u00f3 que el certamen que empezar\u00e1 &hellip;<\/p>\n","protected":false},"author":2,"featured_media":23721,"comment_status":"open","ping_status":"open","sticky":false,"template":"","format":"standard","meta":{"footnotes":""},"categories":[3],"tags":[],"class_list":["post-23714","post","type-post","status-publish","format-standard","has-post-thumbnail","hentry","category-basquetbol"],"_links":{"self":[{"href":"https:\/\/www.sportchaco.com.ar\/index.php?rest_route=\/wp\/v2\/posts\/23714","targetHints":{"allow":["GET"]}}],"collection":[{"href":"https:\/\/www.sportchaco.com.ar\/index.php?rest_route=\/wp\/v2\/posts"}],"about":[{"href":"https:\/\/www.sportchaco.com.ar\/index.php?rest_route=\/wp\/v2\/types\/post"}],"author":[{"embeddable":true,"href":"https:\/\/www.sportchaco.com.ar\/index.php?rest_route=\/wp\/v2\/users\/2"}],"replies":[{"embeddable":true,"href":"https:\/\/www.sportchaco.com.ar\/index.php?rest_route=%2Fwp%2Fv2%2Fcomments&post=23714"}],"version-history":[{"count":7,"href":"https:\/\/www.sportchaco.com.ar\/index.php?rest_route=\/wp\/v2\/posts\/23714\/revisions"}],"predecessor-version":[{"id":23740,"href":"https:\/\/www.sportchaco.com.ar\/index.php?rest_route=\/wp\/v2\/posts\/23714\/revisions\/23740"}],"wp:featuredmedia":[{"embeddable":true,"href":"https:\/\/www.sportchaco.com.ar\/index.php?rest_route=\/wp\/v2\/media\/23721"}],"wp:attachment":[{"href":"https:\/\/www.sportchaco.com.ar\/index.php?rest_route=%2Fwp%2Fv2%2Fmedia&parent=23714"}],"wp:term":[{"taxonomy":"category","embeddable":true,"href":"https:\/\/www.sportchaco.com.ar\/index.php?rest_route=%2Fwp%2Fv2%2Fcategories&post=23714"},{"taxonomy":"post_tag","embeddable":true,"href":"https:\/\/www.sportchaco.com.ar\/index.php?rest_route=%2Fwp%2Fv2%2Ftags&post=23714"}],"curies":[{"name":"wp","href":"https:\/\/api.w.org\/{rel}","templated":true}]}}